{"id":178802,"date":"2018-02-21T18:00:20","date_gmt":"2018-02-21T21:00:20","guid":{"rendered":"http:\/\/www.agrund.com\/?p=178802"},"modified":"2018-02-21T18:28:03","modified_gmt":"2018-02-21T21:28:03","slug":"os-acessorios-inusitados-na-passarela-da-gucci","status":"publish","type":"post","link":"https:\/\/agrund.com\/index.php\/os-acessorios-inusitados-na-passarela-da-gucci\/","title":{"rendered":"Os &#8216;acess\u00f3rios&#8217; inusitados na passarela da Gucci"},"content":{"rendered":"<p>Se voc\u00ea achou que j\u00e1 tinha visto tudo nas passarelas de moda, se enganou. Hoje (21) aconteceu o desfile inverno 2019 da Gucci no primeiro dia da semana de moda de Mil\u00e3o, e os \u2018acess\u00f3rios\u2019 inusitados foram um show \u00e0 parte.<\/p>\n<p>Esque\u00e7a as bolsas! Alguns modelos entraram na passarela segurando as suas pr\u00f3prias cabe\u00e7as. Sim, eles desfilaram segurando r\u00e9plicas perfeitas de seus rostos. Isso sem falar nas animais como filhotes de drag\u00f5es, cobras e camale\u00f5es. Todos de mentira , \u00e9 claro!<\/p>\n<p>Toda essa excentricidade faz sentido quando pensamos que a grande inspira\u00e7\u00e3o de Alessandro Michele para esta temporada foi o livro \u2018Manifesto Ciborgue\u2019 da autora norte-americana\u00a0Donna Haraway.<\/p>\n<p>Veja os detalhes na galeria abaixo:<\/p>\n<div id=\"attachment_178803\" style=\"width: 610px\" class=\"wp-caption aligncenter\"><img aria-describedby=\"caption-attachment-178803\" data-attachment-id=\"178803\" data-permalink=\"https:\/\/agrund.com\/index.php\/os-acessorios-inusitados-na-passarela-da-gucci\/1-1312\/\" data-orig-file=\"https:\/\/i0.wp.com\/agrund.com\/wp-content\/uploads\/sites\/6\/2018\/02\/1-50-e1519248310765.jpg?fit=600%2C902&amp;ssl=1\" data-orig-size=\"600,902\" data-comments-opened=\"1\" data-image-meta=\"{&quot;aperture&quot;:&quot;0&quot;,&quot;credit&quot;:&quot;&quot;,&quot;camera&quot;:&quot;&quot;,&quot;caption&quot;:&quot;&quot;,&quot;created_timestamp&quot;:&quot;0&quot;,&quot;copyright&quot;:&quot;&quot;,&quot;focal_length&quot;:&quot;0&quot;,&quot;iso&quot;:&quot;0&quot;,&quot;shutter_speed&quot;:&quot;0&quot;,&quot;title&quot;:&quot;&quot;,&quot;orientation&quot;:&quot;0&quot;}\" data-image-title=\"Os &#8216;acess\u00f3rios&#8217; inusitados na passarela da Gucci\" data-image-description=\"\" data-image-caption=\"&lt;p&gt;Os &#8216;acess\u00f3rios&#8217; inusitados na passarela da Gucci  &lt;\/p&gt;\n\" data-medium-file=\"https:\/\/i0.wp.com\/agrund.com\/wp-content\/uploads\/sites\/6\/2018\/02\/1-50-e1519248310765.jpg?fit=200%2C300&amp;ssl=1\" data-large-file=\"https:\/\/i0.wp.com\/agrund.com\/wp-content\/uploads\/sites\/6\/2018\/02\/1-50-e1519248310765.jpg?fit=600%2C902&amp;ssl=1\" decoding=\"async\" loading=\"lazy\" class=\"size-full wp-image-178803\" src=\"https:\/\/i0.wp.com\/www.agrund.com\/wp-content\/uploads\/sites\/6\/2018\/02\/1-50-e1519248310765.jpg?resize=600%2C902\" alt=\"\" width=\"600\" height=\"902\" data-recalc-dims=\"1\" \/><p id=\"caption-attachment-178803\" class=\"wp-caption-text\">Os &#8216;acess\u00f3rios&#8217; inusitados na passarela da Gucci<\/p><\/div>\n<div id=\"attachment_178804\" style=\"width: 610px\" class=\"wp-caption aligncenter\"><img aria-describedby=\"caption-attachment-178804\" data-attachment-id=\"178804\" data-permalink=\"https:\/\/agrund.com\/index.php\/os-acessorios-inusitados-na-passarela-da-gucci\/2-1252\/\" data-orig-file=\"https:\/\/i0.wp.com\/agrund.com\/wp-content\/uploads\/sites\/6\/2018\/02\/2-44-e1519248321353.jpg?fit=421%2C632&amp;ssl=1\" data-orig-size=\"421,632\" data-comments-opened=\"1\" data-image-meta=\"{&quot;aperture&quot;:&quot;0&quot;,&quot;credit&quot;:&quot;&quot;,&quot;camera&quot;:&quot;&quot;,&quot;caption&quot;:&quot;&quot;,&quot;created_timestamp&quot;:&quot;0&quot;,&quot;copyright&quot;:&quot;&quot;,&quot;focal_length&quot;:&quot;0&quot;,&quot;iso&quot;:&quot;0&quot;,&quot;shutter_speed&quot;:&quot;0&quot;,&quot;title&quot;:&quot;&quot;,&quot;orientation&quot;:&quot;0&quot;}\" data-image-title=\"Os &#8216;acess\u00f3rios&#8217; inusitados na passarela da Gucci\" data-image-description=\"\" data-image-caption=\"&lt;p&gt;Os &#8216;acess\u00f3rios&#8217; inusitados na passarela da Gucci  &lt;\/p&gt;\n\" data-medium-file=\"https:\/\/i0.wp.com\/agrund.com\/wp-content\/uploads\/sites\/6\/2018\/02\/2-44-e1519248321353.jpg?fit=200%2C300&amp;ssl=1\" data-large-file=\"https:\/\/i0.wp.com\/agrund.com\/wp-content\/uploads\/sites\/6\/2018\/02\/2-44-e1519248321353.jpg?fit=421%2C632&amp;ssl=1\" decoding=\"async\" loading=\"lazy\" class=\"wp-image-178804\" src=\"https:\/\/i0.wp.com\/www.agrund.com\/wp-content\/uploads\/sites\/6\/2018\/02\/2-44-e1519248321353.jpg?resize=600%2C901\" alt=\"\" width=\"600\" height=\"901\" data-recalc-dims=\"1\" \/><p id=\"caption-attachment-178804\" class=\"wp-caption-text\">Os &#8216;acess\u00f3rios&#8217; inusitados na passarela da Gucci<\/p><\/div>\n<div id=\"attachment_178805\" style=\"width: 610px\" class=\"wp-caption aligncenter\"><img aria-describedby=\"caption-attachment-178805\" data-attachment-id=\"178805\" data-permalink=\"https:\/\/agrund.com\/index.php\/os-acessorios-inusitados-na-passarela-da-gucci\/3-1169\/\" data-orig-file=\"https:\/\/i0.wp.com\/agrund.com\/wp-content\/uploads\/sites\/6\/2018\/02\/3-1-e1519248344790.jpeg?fit=600%2C849&amp;ssl=1\" data-orig-size=\"600,849\" data-comments-opened=\"1\" data-image-meta=\"{&quot;aperture&quot;:&quot;0&quot;,&quot;credit&quot;:&quot;&quot;,&quot;camera&quot;:&quot;&quot;,&quot;caption&quot;:&quot;&quot;,&quot;created_timestamp&quot;:&quot;0&quot;,&quot;copyright&quot;:&quot;&quot;,&quot;focal_length&quot;:&quot;0&quot;,&quot;iso&quot;:&quot;0&quot;,&quot;shutter_speed&quot;:&quot;0&quot;,&quot;title&quot;:&quot;&quot;,&quot;orientation&quot;:&quot;0&quot;}\" data-image-title=\"Os &#8216;acess\u00f3rios&#8217; inusitados na passarela da Gucci\" data-image-description=\"\" data-image-caption=\"&lt;p&gt;Os &#8216;acess\u00f3rios&#8217; inusitados na passarela da Gucci  &lt;\/p&gt;\n\" data-medium-file=\"https:\/\/i0.wp.com\/agrund.com\/wp-content\/uploads\/sites\/6\/2018\/02\/3-1-e1519248344790.jpeg?fit=212%2C300&amp;ssl=1\" data-large-file=\"https:\/\/i0.wp.com\/agrund.com\/wp-content\/uploads\/sites\/6\/2018\/02\/3-1-e1519248344790.jpeg?fit=600%2C849&amp;ssl=1\" decoding=\"async\" loading=\"lazy\" class=\"size-full wp-image-178805\" src=\"https:\/\/i0.wp.com\/www.agrund.com\/wp-content\/uploads\/sites\/6\/2018\/02\/3-1-e1519248344790.jpeg?resize=600%2C849\" alt=\"\" width=\"600\" height=\"849\" data-recalc-dims=\"1\" \/><p id=\"caption-attachment-178805\" class=\"wp-caption-text\">Os &#8216;acess\u00f3rios&#8217; inusitados na passarela da Gucci<\/p><\/div>\n<div id=\"attachment_178807\" style=\"width: 610px\" class=\"wp-caption aligncenter\"><img aria-describedby=\"caption-attachment-178807\" data-attachment-id=\"178807\" data-permalink=\"https:\/\/agrund.com\/index.php\/os-acessorios-inusitados-na-passarela-da-gucci\/4-1075\/\" data-orig-file=\"https:\/\/i0.wp.com\/agrund.com\/wp-content\/uploads\/sites\/6\/2018\/02\/4-1-e1519248422349.jpeg?fit=600%2C696&amp;ssl=1\" data-orig-size=\"600,696\" data-comments-opened=\"1\" data-image-meta=\"{&quot;aperture&quot;:&quot;0&quot;,&quot;credit&quot;:&quot;&quot;,&quot;camera&quot;:&quot;&quot;,&quot;caption&quot;:&quot;&quot;,&quot;created_timestamp&quot;:&quot;0&quot;,&quot;copyright&quot;:&quot;&quot;,&quot;focal_length&quot;:&quot;0&quot;,&quot;iso&quot;:&quot;0&quot;,&quot;shutter_speed&quot;:&quot;0&quot;,&quot;title&quot;:&quot;&quot;,&quot;orientation&quot;:&quot;1&quot;}\" data-image-title=\"Os &#8216;acess\u00f3rios&#8217; inusitados na passarela da Gucci\" data-image-description=\"\" data-image-caption=\"&lt;p&gt;Os &#8216;acess\u00f3rios&#8217; inusitados na passarela da Gucci  &lt;\/p&gt;\n\" data-medium-file=\"https:\/\/i0.wp.com\/agrund.com\/wp-content\/uploads\/sites\/6\/2018\/02\/4-1-e1519248422349.jpeg?fit=259%2C300&amp;ssl=1\" data-large-file=\"https:\/\/i0.wp.com\/agrund.com\/wp-content\/uploads\/sites\/6\/2018\/02\/4-1-e1519248422349.jpeg?fit=600%2C696&amp;ssl=1\" decoding=\"async\" loading=\"lazy\" class=\"size-full wp-image-178807\" src=\"https:\/\/i0.wp.com\/www.agrund.com\/wp-content\/uploads\/sites\/6\/2018\/02\/4-1-e1519248422349.jpeg?resize=600%2C696\" alt=\"\" width=\"600\" height=\"696\" data-recalc-dims=\"1\" \/><p id=\"caption-attachment-178807\" class=\"wp-caption-text\">Os &#8216;acess\u00f3rios&#8217; inusitados na passarela da Gucci<\/p><\/div>\n<div id=\"attachment_178809\" style=\"width: 610px\" class=\"wp-caption aligncenter\"><img aria-describedby=\"caption-attachment-178809\" data-attachment-id=\"178809\" data-permalink=\"https:\/\/agrund.com\/index.php\/os-acessorios-inusitados-na-passarela-da-gucci\/6-908\/\" data-orig-file=\"https:\/\/i0.wp.com\/agrund.com\/wp-content\/uploads\/sites\/6\/2018\/02\/6-17.jpg?fit=600%2C580&amp;ssl=1\" data-orig-size=\"600,580\" data-comments-opened=\"1\" data-image-meta=\"{&quot;aperture&quot;:&quot;0&quot;,&quot;credit&quot;:&quot;&quot;,&quot;camera&quot;:&quot;&quot;,&quot;caption&quot;:&quot;&quot;,&quot;created_timestamp&quot;:&quot;0&quot;,&quot;copyright&quot;:&quot;&quot;,&quot;focal_length&quot;:&quot;0&quot;,&quot;iso&quot;:&quot;0&quot;,&quot;shutter_speed&quot;:&quot;0&quot;,&quot;title&quot;:&quot;&quot;,&quot;orientation&quot;:&quot;1&quot;}\" data-image-title=\"Os &#8216;acess\u00f3rios&#8217; inusitados na passarela da Gucci\" data-image-description=\"\" data-image-caption=\"&lt;p&gt;Os &#8216;acess\u00f3rios&#8217; inusitados na passarela da Gucci  &lt;\/p&gt;\n\" data-medium-file=\"https:\/\/i0.wp.com\/agrund.com\/wp-content\/uploads\/sites\/6\/2018\/02\/6-17.jpg?fit=300%2C290&amp;ssl=1\" data-large-file=\"https:\/\/i0.wp.com\/agrund.com\/wp-content\/uploads\/sites\/6\/2018\/02\/6-17.jpg?fit=600%2C580&amp;ssl=1\" decoding=\"async\" loading=\"lazy\" class=\"size-full wp-image-178809\" src=\"https:\/\/i0.wp.com\/www.agrund.com\/wp-content\/uploads\/sites\/6\/2018\/02\/6-17.jpg?resize=600%2C580\" alt=\"\" width=\"600\" height=\"580\" srcset=\"https:\/\/i0.wp.com\/agrund.com\/wp-content\/uploads\/sites\/6\/2018\/02\/6-17.jpg?w=600&amp;ssl=1 600w, https:\/\/i0.wp.com\/agrund.com\/wp-content\/uploads\/sites\/6\/2018\/02\/6-17.jpg?resize=300%2C290&amp;ssl=1 300w\" sizes=\"(max-width: 600px) 100vw, 600px\" data-recalc-dims=\"1\" \/><p id=\"caption-attachment-178809\" class=\"wp-caption-text\">Os &#8216;acess\u00f3rios&#8217; inusitados na passarela da Gucci<\/p><\/div>\n<div id=\"attachment_178808\" style=\"width: 610px\" class=\"wp-caption aligncenter\"><img aria-describedby=\"caption-attachment-178808\" data-attachment-id=\"178808\" data-permalink=\"https:\/\/agrund.com\/index.php\/os-acessorios-inusitados-na-passarela-da-gucci\/5-960\/\" data-orig-file=\"https:\/\/i0.wp.com\/agrund.com\/wp-content\/uploads\/sites\/6\/2018\/02\/5-21.jpg?fit=600%2C577&amp;ssl=1\" data-orig-size=\"600,577\" data-comments-opened=\"1\" data-image-meta=\"{&quot;aperture&quot;:&quot;0&quot;,&quot;credit&quot;:&quot;&quot;,&quot;camera&quot;:&quot;&quot;,&quot;caption&quot;:&quot;&quot;,&quot;created_timestamp&quot;:&quot;0&quot;,&quot;copyright&quot;:&quot;&quot;,&quot;focal_length&quot;:&quot;0&quot;,&quot;iso&quot;:&quot;0&quot;,&quot;shutter_speed&quot;:&quot;0&quot;,&quot;title&quot;:&quot;&quot;,&quot;orientation&quot;:&quot;1&quot;}\" data-image-title=\"Os &#8216;acess\u00f3rios&#8217; inusitados na passarela da Gucci\" data-image-description=\"\" data-image-caption=\"&lt;p&gt;Os &#8216;acess\u00f3rios&#8217; inusitados na passarela da Gucci  &lt;\/p&gt;\n\" data-medium-file=\"https:\/\/i0.wp.com\/agrund.com\/wp-content\/uploads\/sites\/6\/2018\/02\/5-21.jpg?fit=300%2C289&amp;ssl=1\" data-large-file=\"https:\/\/i0.wp.com\/agrund.com\/wp-content\/uploads\/sites\/6\/2018\/02\/5-21.jpg?fit=600%2C577&amp;ssl=1\" decoding=\"async\" loading=\"lazy\" class=\"size-full wp-image-178808\" src=\"https:\/\/i0.wp.com\/www.agrund.com\/wp-content\/uploads\/sites\/6\/2018\/02\/5-21.jpg?resize=600%2C577\" alt=\"\" width=\"600\" height=\"577\" srcset=\"https:\/\/i0.wp.com\/agrund.com\/wp-content\/uploads\/sites\/6\/2018\/02\/5-21.jpg?w=600&amp;ssl=1 600w, https:\/\/i0.wp.com\/agrund.com\/wp-content\/uploads\/sites\/6\/2018\/02\/5-21.jpg?resize=300%2C289&amp;ssl=1 300w\" sizes=\"(max-width: 600px) 100vw, 600px\" data-recalc-dims=\"1\" \/><p id=\"caption-attachment-178808\" class=\"wp-caption-text\">Os &#8216;acess\u00f3rios&#8217; inusitados na passarela da Gucci<\/p><\/div>\n<p>Fotos: Reprodu\u00e7\u00e3o.<\/p>\n","protected":false},"excerpt":{"rendered":"<p>Se voc\u00ea achou que j\u00e1 tinha visto tudo nas passarelas de moda, se enganou. Hoje (21) aconteceu o desfile inverno 2019 da Gucci no primeiro dia da semana de moda de Mil\u00e3o, e os \u2018acess\u00f3rios\u2019 inusitados foram um show \u00e0 parte. Esque\u00e7a as bolsas! Alguns modelos entraram na passarela segurando as suas pr\u00f3prias cabe\u00e7as. Sim, [&hellip;]<\/p>\n","protected":false},"author":8,"featured_media":178810,"comment_status":"open","ping_status":"open","sticky":false,"template":"","format":"standard","meta":{"jetpack_post_was_ever_published":false,"_jetpack_newsletter_access":"","jetpack_publicize_message":"","jetpack_is_tweetstorm":false,"jetpack_publicize_feature_enabled":true,"jetpack_social_post_already_shared":true,"jetpack_social_options":{"image_generator_settings":{"template":"highway","enabled":false}}},"categories":[2],"tags":[],"jetpack_publicize_connections":[],"jetpack_featured_media_url":"https:\/\/i0.wp.com\/agrund.com\/wp-content\/uploads\/sites\/6\/2018\/02\/s-70.jpg?fit=960%2C300&ssl=1","jetpack_sharing_enabled":true,"jetpack_shortlink":"https:\/\/wp.me\/p3Hz0n-KvU","jetpack_likes_enabled":true,"_links":{"self":[{"href":"https:\/\/agrund.com\/index.php\/wp-json\/wp\/v2\/posts\/178802"}],"collection":[{"href":"https:\/\/agrund.com\/index.php\/wp-json\/wp\/v2\/posts"}],"about":[{"href":"https:\/\/agrund.com\/index.php\/wp-json\/wp\/v2\/types\/post"}],"author":[{"embeddable":true,"href":"https:\/\/agrund.com\/index.php\/wp-json\/wp\/v2\/users\/8"}],"replies":[{"embeddable":true,"href":"https:\/\/agrund.com\/index.php\/wp-json\/wp\/v2\/comments?post=178802"}],"version-history":[{"count":0,"href":"https:\/\/agrund.com\/index.php\/wp-json\/wp\/v2\/posts\/178802\/revisions"}],"wp:featuredmedia":[{"embeddable":true,"href":"https:\/\/agrund.com\/index.php\/wp-json\/wp\/v2\/media\/178810"}],"wp:attachment":[{"href":"https:\/\/agrund.com\/index.php\/wp-json\/wp\/v2\/media?parent=178802"}],"wp:term":[{"taxonomy":"category","embeddable":true,"href":"https:\/\/agrund.com\/index.php\/wp-json\/wp\/v2\/categories?post=178802"},{"taxonomy":"post_tag","embeddable":true,"href":"https:\/\/agrund.com\/index.php\/wp-json\/wp\/v2\/tags?post=178802"}],"curies":[{"name":"wp","href":"https:\/\/api.w.org\/{rel}","templated":true}]}}