{"id":178778,"date":"2018-02-21T13:00:09","date_gmt":"2018-02-21T16:00:09","guid":{"rendered":"http:\/\/www.agrund.com\/?p=178778"},"modified":"2018-02-21T12:36:47","modified_gmt":"2018-02-21T15:36:47","slug":"miu-miu-convoca-dakota-fanning-para-dirigir-seu-novo-curta","status":"publish","type":"post","link":"https:\/\/agrund.com\/index.php\/miu-miu-convoca-dakota-fanning-para-dirigir-seu-novo-curta\/","title":{"rendered":"Miu Miu convoca Dakota Fanning para dirigir seu novo curta"},"content":{"rendered":"<div id=\"attachment_178780\" style=\"width: 610px\" class=\"wp-caption aligncenter\"><img aria-describedby=\"caption-attachment-178780\" data-attachment-id=\"178780\" data-permalink=\"https:\/\/agrund.com\/index.php\/miu-miu-convoca-dakota-fanning-para-dirigir-seu-novo-curta\/d\/\" data-orig-file=\"https:\/\/i0.wp.com\/agrund.com\/wp-content\/uploads\/sites\/6\/2018\/02\/d.jpg?fit=600%2C400&amp;ssl=1\" data-orig-size=\"600,400\" data-comments-opened=\"1\" data-image-meta=\"{&quot;aperture&quot;:&quot;0&quot;,&quot;credit&quot;:&quot;&quot;,&quot;camera&quot;:&quot;&quot;,&quot;caption&quot;:&quot;&quot;,&quot;created_timestamp&quot;:&quot;0&quot;,&quot;copyright&quot;:&quot;&quot;,&quot;focal_length&quot;:&quot;0&quot;,&quot;iso&quot;:&quot;0&quot;,&quot;shutter_speed&quot;:&quot;0&quot;,&quot;title&quot;:&quot;&quot;,&quot;orientation&quot;:&quot;1&quot;}\" data-image-title=\"Dakota Fanning estreia como diretora\" data-image-description=\"\" data-image-caption=\"&lt;p&gt;Dakota Fanning estreia como diretora&lt;\/p&gt;\n\" data-medium-file=\"https:\/\/i0.wp.com\/agrund.com\/wp-content\/uploads\/sites\/6\/2018\/02\/d.jpg?fit=300%2C200&amp;ssl=1\" data-large-file=\"https:\/\/i0.wp.com\/agrund.com\/wp-content\/uploads\/sites\/6\/2018\/02\/d.jpg?fit=600%2C400&amp;ssl=1\" decoding=\"async\" loading=\"lazy\" class=\"size-full wp-image-178780\" src=\"https:\/\/i0.wp.com\/www.agrund.com\/wp-content\/uploads\/sites\/6\/2018\/02\/d.jpg?resize=600%2C400\" alt=\"\" width=\"600\" height=\"400\" srcset=\"https:\/\/i0.wp.com\/agrund.com\/wp-content\/uploads\/sites\/6\/2018\/02\/d.jpg?w=600&amp;ssl=1 600w, https:\/\/i0.wp.com\/agrund.com\/wp-content\/uploads\/sites\/6\/2018\/02\/d.jpg?resize=300%2C200&amp;ssl=1 300w\" sizes=\"(max-width: 600px) 100vw, 600px\" data-recalc-dims=\"1\" \/><p id=\"caption-attachment-178780\" class=\"wp-caption-text\">Dakota Fanning estreia como diretora<\/p><\/div>\n<p>Dakota Fanning fez sua estreia nas telonas quando era apenas uma crian\u00e7a. Desde ent\u00e3o, a atriz acumulou muitos longas em seu curr\u00edculo e \u00e9 um destaque na nova gera\u00e7\u00e3o de Hollywood. Mas agora ela decidiu se aventurar do outro lado da c\u00e2mera.<\/p>\n<p>A Miu Miu convidou Dakota para dirigir um curta metragem que faz parte da s\u00e9rie \u2018Women\u2019s Tales\u2019 da marca. Ela aceitou o desafio \u00e9 o resultado \u00e9 um fashion film que acompanha a vida de uma jovem solteira que mora sozinha, interpretada pela atriz Eve Hewson. Aten\u00e7\u00e3o para o figurino todo da Miu Miu, que \u00e9 um espet\u00e1culo \u00e0 parte.<\/p>\n<p>\u201cMeu primeiro curta \u00e9 esse. Depois, meu primeiro epis\u00f3dio de TV, meu primeiro longa metragem&#8230; Eu quero seguir com isso no meu tempo\u201d, declarou Dakota.<\/p>\n<p>Aperte o play para assistir:<\/p>\n<span class=\"embed-youtube\" style=\"text-align:center; display: block;\"><iframe class=\"youtube-player\" width=\"600\" height=\"355\" src=\"https:\/\/www.youtube.com\/embed\/k3I2RYDeMTo?version=3&#038;rel=1&#038;showsearch=0&#038;showinfo=1&#038;iv_load_policy=1&#038;fs=1&#038;hl=pt-BR&#038;autohide=2&#038;wmode=transparent\" allowfullscreen=\"true\" style=\"border:0;\" sandbox=\"allow-scripts allow-same-origin allow-popups allow-presentation\"><\/iframe><\/span>\n<p>&nbsp;<\/p>\n<p>Foto e V\u00eddeo: Reprodu\u00e7\u00e3o.<\/p>\n","protected":false},"excerpt":{"rendered":"<p>Dakota Fanning fez sua estreia nas telonas quando era apenas uma crian\u00e7a. Desde ent\u00e3o, a atriz acumulou muitos longas em seu curr\u00edculo e \u00e9 um destaque na nova gera\u00e7\u00e3o de Hollywood. Mas agora ela decidiu se aventurar do outro lado da c\u00e2mera. A Miu Miu convidou Dakota para dirigir um curta metragem que faz parte [&hellip;]<\/p>\n","protected":false},"author":8,"featured_media":178779,"comment_status":"open","ping_status":"open","sticky":false,"template":"","format":"standard","meta":{"jetpack_post_was_ever_published":false,"_jetpack_newsletter_access":"","jetpack_publicize_message":"","jetpack_is_tweetstorm":false,"jetpack_publicize_feature_enabled":true,"jetpack_social_post_already_shared":true,"jetpack_social_options":{"image_generator_settings":{"template":"highway","enabled":false}}},"categories":[2],"tags":[],"jetpack_publicize_connections":[],"jetpack_featured_media_url":"https:\/\/i0.wp.com\/agrund.com\/wp-content\/uploads\/sites\/6\/2018\/02\/s-66.jpg?fit=960%2C300&ssl=1","jetpack_sharing_enabled":true,"jetpack_shortlink":"https:\/\/wp.me\/p3Hz0n-Kvw","jetpack_likes_enabled":true,"_links":{"self":[{"href":"https:\/\/agrund.com\/index.php\/wp-json\/wp\/v2\/posts\/178778"}],"collection":[{"href":"https:\/\/agrund.com\/index.php\/wp-json\/wp\/v2\/posts"}],"about":[{"href":"https:\/\/agrund.com\/index.php\/wp-json\/wp\/v2\/types\/post"}],"author":[{"embeddable":true,"href":"https:\/\/agrund.com\/index.php\/wp-json\/wp\/v2\/users\/8"}],"replies":[{"embeddable":true,"href":"https:\/\/agrund.com\/index.php\/wp-json\/wp\/v2\/comments?post=178778"}],"version-history":[{"count":0,"href":"https:\/\/agrund.com\/index.php\/wp-json\/wp\/v2\/posts\/178778\/revisions"}],"wp:featuredmedia":[{"embeddable":true,"href":"https:\/\/agrund.com\/index.php\/wp-json\/wp\/v2\/media\/178779"}],"wp:attachment":[{"href":"https:\/\/agrund.com\/index.php\/wp-json\/wp\/v2\/media?parent=178778"}],"wp:term":[{"taxonomy":"category","embeddable":true,"href":"https:\/\/agrund.com\/index.php\/wp-json\/wp\/v2\/categories?post=178778"},{"taxonomy":"post_tag","embeddable":true,"href":"https:\/\/agrund.com\/index.php\/wp-json\/wp\/v2\/tags?post=178778"}],"curies":[{"name":"wp","href":"https:\/\/api.w.org\/{rel}","templated":true}]}}