{"id":178771,"date":"2018-02-21T12:00:28","date_gmt":"2018-02-21T15:00:28","guid":{"rendered":"http:\/\/www.agrund.com\/?p=178771"},"modified":"2018-02-21T11:48:27","modified_gmt":"2018-02-21T14:48:27","slug":"gigi-hadid-lanca-nova-colecao-de-oculos-escuros","status":"publish","type":"post","link":"https:\/\/agrund.com\/index.php\/gigi-hadid-lanca-nova-colecao-de-oculos-escuros\/","title":{"rendered":"Gigi Hadid lan\u00e7a nova cole\u00e7\u00e3o de \u00f3culos escuros"},"content":{"rendered":"<p>No ano passado, Gigi Hadid lan\u00e7ou a sua primeira cole\u00e7\u00e3o de \u00f3culos escuros com a Vogue Eyewear. A parceria entre a modelo e a marca deu t\u00e3o certo que acaba de ganhar um novo cap\u00edtulo. S\u00e3o tr\u00eas modelos exclusivos e limitados: um com lentes redondas e outros dois no formato mini, que \u00e9 a grande tend\u00eancia atual.<\/p>\n<p>Para apresentar a novidade, Gigi estrela um v\u00eddeo nas praias de Ibiza. Aperte o play e depois conta pra gente qual o seu modelo favorito!<\/p>\n<span class=\"embed-youtube\" style=\"text-align:center; display: block;\"><iframe class=\"youtube-player\" width=\"560\" height=\"315\" src=\"https:\/\/www.youtube.com\/embed\/otBaFvpV7ro?version=3&#038;rel=1&#038;showsearch=0&#038;showinfo=1&#038;iv_load_policy=1&#038;fs=1&#038;hl=pt-BR&#038;autohide=2&#038;wmode=transparent\" allowfullscreen=\"true\" style=\"border:0;\" sandbox=\"allow-scripts allow-same-origin allow-popups allow-presentation\"><\/iframe><\/span>\n<div id=\"attachment_178773\" style=\"width: 610px\" class=\"wp-caption aligncenter\"><img aria-describedby=\"caption-attachment-178773\" data-attachment-id=\"178773\" data-permalink=\"https:\/\/agrund.com\/index.php\/gigi-hadid-lanca-nova-colecao-de-oculos-escuros\/2-1250\/\" data-orig-file=\"https:\/\/i0.wp.com\/agrund.com\/wp-content\/uploads\/sites\/6\/2018\/02\/2-42-e1519224381362.jpg?fit=600%2C558&amp;ssl=1\" data-orig-size=\"600,558\" data-comments-opened=\"1\" data-image-meta=\"{&quot;aperture&quot;:&quot;0&quot;,&quot;credit&quot;:&quot;&quot;,&quot;camera&quot;:&quot;&quot;,&quot;caption&quot;:&quot;&quot;,&quot;created_timestamp&quot;:&quot;0&quot;,&quot;copyright&quot;:&quot;&quot;,&quot;focal_length&quot;:&quot;0&quot;,&quot;iso&quot;:&quot;0&quot;,&quot;shutter_speed&quot;:&quot;0&quot;,&quot;title&quot;:&quot;&quot;,&quot;orientation&quot;:&quot;1&quot;}\" data-image-title=\"Gigi Hadid lan\u00e7a nova cole\u00e7\u00e3o de \u00f3culos escuros\" data-image-description=\"\" data-image-caption=\"&lt;p&gt;Gigi Hadid lan\u00e7a nova cole\u00e7\u00e3o de \u00f3culos escuros&lt;\/p&gt;\n\" data-medium-file=\"https:\/\/i0.wp.com\/agrund.com\/wp-content\/uploads\/sites\/6\/2018\/02\/2-42-e1519224381362.jpg?fit=300%2C279&amp;ssl=1\" data-large-file=\"https:\/\/i0.wp.com\/agrund.com\/wp-content\/uploads\/sites\/6\/2018\/02\/2-42-e1519224381362.jpg?fit=600%2C558&amp;ssl=1\" decoding=\"async\" loading=\"lazy\" class=\"size-full wp-image-178773\" src=\"https:\/\/i0.wp.com\/www.agrund.com\/wp-content\/uploads\/sites\/6\/2018\/02\/2-42-e1519224381362.jpg?resize=600%2C558\" alt=\"\" width=\"600\" height=\"558\" data-recalc-dims=\"1\" \/><p id=\"caption-attachment-178773\" class=\"wp-caption-text\">Gigi Hadid lan\u00e7a nova cole\u00e7\u00e3o de \u00f3culos escuros<\/p><\/div>\n<div id=\"attachment_178772\" style=\"width: 610px\" class=\"wp-caption aligncenter\"><img aria-describedby=\"caption-attachment-178772\" data-attachment-id=\"178772\" data-permalink=\"https:\/\/agrund.com\/index.php\/gigi-hadid-lanca-nova-colecao-de-oculos-escuros\/1-1310\/\" data-orig-file=\"https:\/\/i0.wp.com\/agrund.com\/wp-content\/uploads\/sites\/6\/2018\/02\/1-48-e1519224394901.jpg?fit=600%2C558&amp;ssl=1\" data-orig-size=\"600,558\" data-comments-opened=\"1\" data-image-meta=\"{&quot;aperture&quot;:&quot;0&quot;,&quot;credit&quot;:&quot;&quot;,&quot;camera&quot;:&quot;&quot;,&quot;caption&quot;:&quot;&quot;,&quot;created_timestamp&quot;:&quot;0&quot;,&quot;copyright&quot;:&quot;&quot;,&quot;focal_length&quot;:&quot;0&quot;,&quot;iso&quot;:&quot;0&quot;,&quot;shutter_speed&quot;:&quot;0&quot;,&quot;title&quot;:&quot;&quot;,&quot;orientation&quot;:&quot;1&quot;}\" data-image-title=\"Gigi Hadid lan\u00e7a nova cole\u00e7\u00e3o de \u00f3culos escuros\" data-image-description=\"\" data-image-caption=\"&lt;p&gt;Gigi Hadid lan\u00e7a nova cole\u00e7\u00e3o de \u00f3culos escuros&lt;\/p&gt;\n\" data-medium-file=\"https:\/\/i0.wp.com\/agrund.com\/wp-content\/uploads\/sites\/6\/2018\/02\/1-48-e1519224394901.jpg?fit=300%2C279&amp;ssl=1\" data-large-file=\"https:\/\/i0.wp.com\/agrund.com\/wp-content\/uploads\/sites\/6\/2018\/02\/1-48-e1519224394901.jpg?fit=600%2C558&amp;ssl=1\" decoding=\"async\" loading=\"lazy\" class=\"size-full wp-image-178772\" src=\"https:\/\/i0.wp.com\/www.agrund.com\/wp-content\/uploads\/sites\/6\/2018\/02\/1-48-e1519224394901.jpg?resize=600%2C558\" alt=\"\" width=\"600\" height=\"558\" data-recalc-dims=\"1\" \/><p id=\"caption-attachment-178772\" class=\"wp-caption-text\">Gigi Hadid lan\u00e7a nova cole\u00e7\u00e3o de \u00f3culos escuros<\/p><\/div>\n<div id=\"attachment_178774\" style=\"width: 610px\" class=\"wp-caption aligncenter\"><img aria-describedby=\"caption-attachment-178774\" data-attachment-id=\"178774\" data-permalink=\"https:\/\/agrund.com\/index.php\/gigi-hadid-lanca-nova-colecao-de-oculos-escuros\/3-1167\/\" data-orig-file=\"https:\/\/i0.wp.com\/agrund.com\/wp-content\/uploads\/sites\/6\/2018\/02\/3-41-e1519224408852.jpg?fit=600%2C558&amp;ssl=1\" data-orig-size=\"600,558\" data-comments-opened=\"1\" data-image-meta=\"{&quot;aperture&quot;:&quot;0&quot;,&quot;credit&quot;:&quot;&quot;,&quot;camera&quot;:&quot;&quot;,&quot;caption&quot;:&quot;&quot;,&quot;created_timestamp&quot;:&quot;0&quot;,&quot;copyright&quot;:&quot;&quot;,&quot;focal_length&quot;:&quot;0&quot;,&quot;iso&quot;:&quot;0&quot;,&quot;shutter_speed&quot;:&quot;0&quot;,&quot;title&quot;:&quot;&quot;,&quot;orientation&quot;:&quot;1&quot;}\" data-image-title=\"Gigi Hadid lan\u00e7a nova cole\u00e7\u00e3o de \u00f3culos escuros\" data-image-description=\"\" data-image-caption=\"&lt;p&gt;Gigi Hadid lan\u00e7a nova cole\u00e7\u00e3o de \u00f3culos escuros&lt;\/p&gt;\n\" data-medium-file=\"https:\/\/i0.wp.com\/agrund.com\/wp-content\/uploads\/sites\/6\/2018\/02\/3-41-e1519224408852.jpg?fit=300%2C279&amp;ssl=1\" data-large-file=\"https:\/\/i0.wp.com\/agrund.com\/wp-content\/uploads\/sites\/6\/2018\/02\/3-41-e1519224408852.jpg?fit=600%2C558&amp;ssl=1\" decoding=\"async\" loading=\"lazy\" class=\"size-full wp-image-178774\" src=\"https:\/\/i0.wp.com\/www.agrund.com\/wp-content\/uploads\/sites\/6\/2018\/02\/3-41-e1519224408852.jpg?resize=600%2C558\" alt=\"\" width=\"600\" height=\"558\" data-recalc-dims=\"1\" \/><p id=\"caption-attachment-178774\" class=\"wp-caption-text\">Gigi Hadid lan\u00e7a nova cole\u00e7\u00e3o de \u00f3culos escuros<\/p><\/div>\n<p>Fotos e V\u00eddeo: Reprodu\u00e7\u00e3o.<\/p>\n<p>&nbsp;<\/p>\n","protected":false},"excerpt":{"rendered":"<p>No ano passado, Gigi Hadid lan\u00e7ou a sua primeira cole\u00e7\u00e3o de \u00f3culos escuros com a Vogue Eyewear. A parceria entre a modelo e a marca deu t\u00e3o certo que acaba de ganhar um novo cap\u00edtulo. S\u00e3o tr\u00eas modelos exclusivos e limitados: um com lentes redondas e outros dois no formato mini, que \u00e9 a grande [&hellip;]<\/p>\n","protected":false},"author":8,"featured_media":178776,"comment_status":"open","ping_status":"open","sticky":false,"template":"","format":"standard","meta":{"jetpack_post_was_ever_published":false,"_jetpack_newsletter_access":"","jetpack_publicize_message":"","jetpack_is_tweetstorm":false,"jetpack_publicize_feature_enabled":true,"jetpack_social_post_already_shared":true,"jetpack_social_options":{"image_generator_settings":{"template":"highway","enabled":false}}},"categories":[2],"tags":[],"jetpack_publicize_connections":[],"jetpack_featured_media_url":"https:\/\/i0.wp.com\/agrund.com\/wp-content\/uploads\/sites\/6\/2018\/02\/s-65.jpg?fit=960%2C300&ssl=1","jetpack_sharing_enabled":true,"jetpack_shortlink":"https:\/\/wp.me\/p3Hz0n-Kvp","jetpack_likes_enabled":true,"_links":{"self":[{"href":"https:\/\/agrund.com\/index.php\/wp-json\/wp\/v2\/posts\/178771"}],"collection":[{"href":"https:\/\/agrund.com\/index.php\/wp-json\/wp\/v2\/posts"}],"about":[{"href":"https:\/\/agrund.com\/index.php\/wp-json\/wp\/v2\/types\/post"}],"author":[{"embeddable":true,"href":"https:\/\/agrund.com\/index.php\/wp-json\/wp\/v2\/users\/8"}],"replies":[{"embeddable":true,"href":"https:\/\/agrund.com\/index.php\/wp-json\/wp\/v2\/comments?post=178771"}],"version-history":[{"count":0,"href":"https:\/\/agrund.com\/index.php\/wp-json\/wp\/v2\/posts\/178771\/revisions"}],"wp:featuredmedia":[{"embeddable":true,"href":"https:\/\/agrund.com\/index.php\/wp-json\/wp\/v2\/media\/178776"}],"wp:attachment":[{"href":"https:\/\/agrund.com\/index.php\/wp-json\/wp\/v2\/media?parent=178771"}],"wp:term":[{"taxonomy":"category","embeddable":true,"href":"https:\/\/agrund.com\/index.php\/wp-json\/wp\/v2\/categories?post=178771"},{"taxonomy":"post_tag","embeddable":true,"href":"https:\/\/agrund.com\/index.php\/wp-json\/wp\/v2\/tags?post=178771"}],"curies":[{"name":"wp","href":"https:\/\/api.w.org\/{rel}","templated":true}]}}