{"id":178765,"date":"2018-02-21T11:00:18","date_gmt":"2018-02-21T14:00:18","guid":{"rendered":"http:\/\/www.agrund.com\/?p=178765"},"modified":"2018-02-21T09:58:42","modified_gmt":"2018-02-21T12:58:42","slug":"rainha-elizabeth-ii-assiste-desfile-na-semana-de-moda-de-londres","status":"publish","type":"post","link":"https:\/\/agrund.com\/index.php\/rainha-elizabeth-ii-assiste-desfile-na-semana-de-moda-de-londres\/","title":{"rendered":"Rainha Elizabeth II assiste desfile na semana de moda de Londres"},"content":{"rendered":"<p>Um acontecimento da semana de moda de Londres est\u00e1 dando o que falar. O desfile de Richard Quinn que aconteceu ontem (20) teve uma presen\u00e7a ilustre na primeira fila.<\/p>\n<p>Pela primeira vez na vida, Rainha Elizabeth II foi assistir a um desfile da semana de moda. Aos 91 anos, a monarca se sentou ao lado de Anna Wintour, diretora criativa da Cond\u00e9 Nast e editora-chefe da Vogue US, e pareceu se divertir com o desfile.<\/p>\n<p>Mas Rainha Elizabeth n\u00e3o foi ao evento apenas para isso. Ela entregou para Richard, o Queen Elizabeth II Award for British Design, que reconhece a contribui\u00e7\u00e3o do designer para a moda brit\u00e2nica.<\/p>\n<p>Veja as fotos na galeria abaixo:<\/p>\n<div id=\"attachment_178766\" style=\"width: 610px\" class=\"wp-caption aligncenter\"><img aria-describedby=\"caption-attachment-178766\" data-attachment-id=\"178766\" data-permalink=\"https:\/\/agrund.com\/index.php\/rainha-elizabeth-ii-assiste-desfile-na-semana-de-moda-de-londres\/1-1309\/\" data-orig-file=\"https:\/\/i0.wp.com\/agrund.com\/wp-content\/uploads\/sites\/6\/2018\/02\/1-47-e1519217871270.jpg?fit=600%2C449&amp;ssl=1\" data-orig-size=\"600,449\" data-comments-opened=\"1\" data-image-meta=\"{&quot;aperture&quot;:&quot;0&quot;,&quot;credit&quot;:&quot;&quot;,&quot;camera&quot;:&quot;&quot;,&quot;caption&quot;:&quot;&quot;,&quot;created_timestamp&quot;:&quot;0&quot;,&quot;copyright&quot;:&quot;&quot;,&quot;focal_length&quot;:&quot;0&quot;,&quot;iso&quot;:&quot;0&quot;,&quot;shutter_speed&quot;:&quot;0&quot;,&quot;title&quot;:&quot;&quot;,&quot;orientation&quot;:&quot;0&quot;}\" data-image-title=\"Rainha Elizabeth II assiste desfile na semana de moda de Londres\" data-image-description=\"\" data-image-caption=\"&lt;p&gt;Rainha Elizabeth II assiste desfile na semana de moda de Londres&lt;\/p&gt;\n\" data-medium-file=\"https:\/\/i0.wp.com\/agrund.com\/wp-content\/uploads\/sites\/6\/2018\/02\/1-47-e1519217871270.jpg?fit=300%2C224&amp;ssl=1\" data-large-file=\"https:\/\/i0.wp.com\/agrund.com\/wp-content\/uploads\/sites\/6\/2018\/02\/1-47-e1519217871270.jpg?fit=600%2C449&amp;ssl=1\" decoding=\"async\" loading=\"lazy\" class=\"size-full wp-image-178766\" src=\"https:\/\/i0.wp.com\/www.agrund.com\/wp-content\/uploads\/sites\/6\/2018\/02\/1-47-e1519217871270.jpg?resize=600%2C449\" alt=\"\" width=\"600\" height=\"449\" data-recalc-dims=\"1\" \/><p id=\"caption-attachment-178766\" class=\"wp-caption-text\">Rainha Elizabeth II assiste desfile na semana de moda de Londres<\/p><\/div>\n<div id=\"attachment_178768\" style=\"width: 610px\" class=\"wp-caption aligncenter\"><img aria-describedby=\"caption-attachment-178768\" data-attachment-id=\"178768\" data-permalink=\"https:\/\/agrund.com\/index.php\/rainha-elizabeth-ii-assiste-desfile-na-semana-de-moda-de-londres\/3-1166\/\" data-orig-file=\"https:\/\/i0.wp.com\/agrund.com\/wp-content\/uploads\/sites\/6\/2018\/02\/3-40-e1519217896715.jpg?fit=600%2C400&amp;ssl=1\" data-orig-size=\"600,400\" data-comments-opened=\"1\" data-image-meta=\"{&quot;aperture&quot;:&quot;0&quot;,&quot;credit&quot;:&quot;&quot;,&quot;camera&quot;:&quot;&quot;,&quot;caption&quot;:&quot;&quot;,&quot;created_timestamp&quot;:&quot;0&quot;,&quot;copyright&quot;:&quot;&quot;,&quot;focal_length&quot;:&quot;0&quot;,&quot;iso&quot;:&quot;0&quot;,&quot;shutter_speed&quot;:&quot;0&quot;,&quot;title&quot;:&quot;&quot;,&quot;orientation&quot;:&quot;0&quot;}\" data-image-title=\"Rainha Elizabeth II assiste desfile na semana de moda de Londres\" data-image-description=\"\" data-image-caption=\"&lt;p&gt;Rainha Elizabeth II assiste desfile na semana de moda de Londres&lt;\/p&gt;\n\" data-medium-file=\"https:\/\/i0.wp.com\/agrund.com\/wp-content\/uploads\/sites\/6\/2018\/02\/3-40-e1519217896715.jpg?fit=300%2C200&amp;ssl=1\" data-large-file=\"https:\/\/i0.wp.com\/agrund.com\/wp-content\/uploads\/sites\/6\/2018\/02\/3-40-e1519217896715.jpg?fit=1024%2C683&amp;ssl=1\" decoding=\"async\" loading=\"lazy\" class=\"size-full wp-image-178768\" src=\"https:\/\/i0.wp.com\/www.agrund.com\/wp-content\/uploads\/sites\/6\/2018\/02\/3-40-e1519217896715.jpg?resize=600%2C400\" alt=\"\" width=\"600\" height=\"400\" data-recalc-dims=\"1\" \/><p id=\"caption-attachment-178768\" class=\"wp-caption-text\">Rainha Elizabeth II assiste desfile na semana de moda de Londres<\/p><\/div>\n<p>Fotos: Reprodu\u00e7\u00e3o.<\/p>\n","protected":false},"excerpt":{"rendered":"<p>Um acontecimento da semana de moda de Londres est\u00e1 dando o que falar. O desfile de Richard Quinn que aconteceu ontem (20) teve uma presen\u00e7a ilustre na primeira fila. Pela primeira vez na vida, Rainha Elizabeth II foi assistir a um desfile da semana de moda. Aos 91 anos, a monarca se sentou ao lado [&hellip;]<\/p>\n","protected":false},"author":8,"featured_media":178769,"comment_status":"open","ping_status":"open","sticky":false,"template":"","format":"standard","meta":{"jetpack_post_was_ever_published":false,"_jetpack_newsletter_access":"","jetpack_publicize_message":"","jetpack_is_tweetstorm":false,"jetpack_publicize_feature_enabled":true,"jetpack_social_post_already_shared":true,"jetpack_social_options":{"image_generator_settings":{"template":"highway","enabled":false}}},"categories":[2],"tags":[],"jetpack_publicize_connections":[],"jetpack_featured_media_url":"https:\/\/i0.wp.com\/agrund.com\/wp-content\/uploads\/sites\/6\/2018\/02\/s-64.jpg?fit=960%2C300&ssl=1","jetpack_sharing_enabled":true,"jetpack_shortlink":"https:\/\/wp.me\/p3Hz0n-Kvj","jetpack_likes_enabled":true,"_links":{"self":[{"href":"https:\/\/agrund.com\/index.php\/wp-json\/wp\/v2\/posts\/178765"}],"collection":[{"href":"https:\/\/agrund.com\/index.php\/wp-json\/wp\/v2\/posts"}],"about":[{"href":"https:\/\/agrund.com\/index.php\/wp-json\/wp\/v2\/types\/post"}],"author":[{"embeddable":true,"href":"https:\/\/agrund.com\/index.php\/wp-json\/wp\/v2\/users\/8"}],"replies":[{"embeddable":true,"href":"https:\/\/agrund.com\/index.php\/wp-json\/wp\/v2\/comments?post=178765"}],"version-history":[{"count":0,"href":"https:\/\/agrund.com\/index.php\/wp-json\/wp\/v2\/posts\/178765\/revisions"}],"wp:featuredmedia":[{"embeddable":true,"href":"https:\/\/agrund.com\/index.php\/wp-json\/wp\/v2\/media\/178769"}],"wp:attachment":[{"href":"https:\/\/agrund.com\/index.php\/wp-json\/wp\/v2\/media?parent=178765"}],"wp:term":[{"taxonomy":"category","embeddable":true,"href":"https:\/\/agrund.com\/index.php\/wp-json\/wp\/v2\/categories?post=178765"},{"taxonomy":"post_tag","embeddable":true,"href":"https:\/\/agrund.com\/index.php\/wp-json\/wp\/v2\/tags?post=178765"}],"curies":[{"name":"wp","href":"https:\/\/api.w.org\/{rel}","templated":true}]}}