{"id":178738,"date":"2018-02-20T13:00:40","date_gmt":"2018-02-20T16:00:40","guid":{"rendered":"http:\/\/www.agrund.com\/?p=178738"},"modified":"2018-02-20T10:18:25","modified_gmt":"2018-02-20T13:18:25","slug":"erdem-confirma-parceria-com-a-nars","status":"publish","type":"post","link":"https:\/\/agrund.com\/index.php\/erdem-confirma-parceria-com-a-nars\/","title":{"rendered":"Erdem confirma parceria com a Nars"},"content":{"rendered":"<p>Durante o seu desfile na semana de moda de Londres, a Erdem apresentou outra novidade al\u00e9m da sua cole\u00e7\u00e3o inverno 2019. Toda a beleza das modelos foi feita com produtos da primeira linha de maquiagens da marca em parceria com a Nars.<\/p>\n<p>Chamada &#8220;Strange Flowers&#8221;, a cole\u00e7\u00e3o teve como inspira\u00e7\u00e3o as flores, que s\u00e3o t\u00e3o marcantes nas cria\u00e7\u00f5es da Erdem.<\/p>\n<p>S\u00e3o seis batons com nomes de flores selvagens, como Moon Orchid, len\u00e7os removedores de oleosidade, iluminadores perolados e o Lip Powder Poison Rose Palette, que \u00e9 uma esp\u00e9cie de batom em p\u00f3.<\/p>\n<p>Ficou curiosa para testar? A linha chega \u00e0 lojas dos Estados Unidos no dia 15 de abril e deve desembarcar aqui no Brasil no m\u00eas de agosto.<\/p>\n<div id=\"attachment_178741\" style=\"width: 610px\" class=\"wp-caption aligncenter\"><img aria-describedby=\"caption-attachment-178741\" data-attachment-id=\"178741\" data-permalink=\"https:\/\/agrund.com\/index.php\/erdem-confirma-parceria-com-a-nars\/4-1071\/\" data-orig-file=\"https:\/\/i0.wp.com\/agrund.com\/wp-content\/uploads\/sites\/6\/2018\/02\/4-33-e1519132594186.jpg?fit=600%2C849&amp;ssl=1\" data-orig-size=\"600,849\" data-comments-opened=\"1\" data-image-meta=\"{&quot;aperture&quot;:&quot;0&quot;,&quot;credit&quot;:&quot;&quot;,&quot;camera&quot;:&quot;&quot;,&quot;caption&quot;:&quot;&quot;,&quot;created_timestamp&quot;:&quot;0&quot;,&quot;copyright&quot;:&quot;&quot;,&quot;focal_length&quot;:&quot;0&quot;,&quot;iso&quot;:&quot;0&quot;,&quot;shutter_speed&quot;:&quot;0&quot;,&quot;title&quot;:&quot;&quot;,&quot;orientation&quot;:&quot;0&quot;}\" data-image-title=\"Erdem confirma parceria com a Nars\" data-image-description=\"\" data-image-caption=\"&lt;p&gt;Erdem confirma parceria com a Nars&lt;\/p&gt;\n\" data-medium-file=\"https:\/\/i0.wp.com\/agrund.com\/wp-content\/uploads\/sites\/6\/2018\/02\/4-33-e1519132594186.jpg?fit=212%2C300&amp;ssl=1\" data-large-file=\"https:\/\/i0.wp.com\/agrund.com\/wp-content\/uploads\/sites\/6\/2018\/02\/4-33-e1519132594186.jpg?fit=600%2C849&amp;ssl=1\" decoding=\"async\" loading=\"lazy\" class=\"size-full wp-image-178741\" src=\"https:\/\/i0.wp.com\/www.agrund.com\/wp-content\/uploads\/sites\/6\/2018\/02\/4-33-e1519132594186.jpg?resize=600%2C849\" alt=\"\" width=\"600\" height=\"849\" data-recalc-dims=\"1\" \/><p id=\"caption-attachment-178741\" class=\"wp-caption-text\"><br \/>Erdem confirma parceria com a Nars<\/p><\/div>\n<div id=\"attachment_178739\" style=\"width: 610px\" class=\"wp-caption aligncenter\"><img aria-describedby=\"caption-attachment-178739\" data-attachment-id=\"178739\" data-permalink=\"https:\/\/agrund.com\/index.php\/erdem-confirma-parceria-com-a-nars\/2-1247\/\" data-orig-file=\"https:\/\/i0.wp.com\/agrund.com\/wp-content\/uploads\/sites\/6\/2018\/02\/2-39-e1519132613415.jpg?fit=600%2C338&amp;ssl=1\" data-orig-size=\"600,338\" data-comments-opened=\"1\" data-image-meta=\"{&quot;aperture&quot;:&quot;0&quot;,&quot;credit&quot;:&quot;&quot;,&quot;camera&quot;:&quot;&quot;,&quot;caption&quot;:&quot;&quot;,&quot;created_timestamp&quot;:&quot;0&quot;,&quot;copyright&quot;:&quot;&quot;,&quot;focal_length&quot;:&quot;0&quot;,&quot;iso&quot;:&quot;0&quot;,&quot;shutter_speed&quot;:&quot;0&quot;,&quot;title&quot;:&quot;&quot;,&quot;orientation&quot;:&quot;0&quot;}\" data-image-title=\"Erdem confirma parceria com a Nars\" data-image-description=\"\" data-image-caption=\"&lt;p&gt;Erdem confirma parceria com a Nars&lt;\/p&gt;\n\" data-medium-file=\"https:\/\/i0.wp.com\/agrund.com\/wp-content\/uploads\/sites\/6\/2018\/02\/2-39-e1519132613415.jpg?fit=300%2C169&amp;ssl=1\" data-large-file=\"https:\/\/i0.wp.com\/agrund.com\/wp-content\/uploads\/sites\/6\/2018\/02\/2-39-e1519132613415.jpg?fit=600%2C338&amp;ssl=1\" decoding=\"async\" loading=\"lazy\" class=\"size-full wp-image-178739\" src=\"https:\/\/i0.wp.com\/www.agrund.com\/wp-content\/uploads\/sites\/6\/2018\/02\/2-39-e1519132613415.jpg?resize=600%2C338\" alt=\"\" width=\"600\" height=\"338\" data-recalc-dims=\"1\" \/><p id=\"caption-attachment-178739\" class=\"wp-caption-text\"><br \/>Erdem confirma parceria com a Nars<\/p><\/div>\n<div id=\"attachment_178740\" style=\"width: 610px\" class=\"wp-caption aligncenter\"><img aria-describedby=\"caption-attachment-178740\" data-attachment-id=\"178740\" data-permalink=\"https:\/\/agrund.com\/index.php\/erdem-confirma-parceria-com-a-nars\/3-1164\/\" data-orig-file=\"https:\/\/i0.wp.com\/agrund.com\/wp-content\/uploads\/sites\/6\/2018\/02\/3-38-e1519132630741.jpg?fit=600%2C900&amp;ssl=1\" data-orig-size=\"600,900\" data-comments-opened=\"1\" data-image-meta=\"{&quot;aperture&quot;:&quot;0&quot;,&quot;credit&quot;:&quot;&quot;,&quot;camera&quot;:&quot;&quot;,&quot;caption&quot;:&quot;&quot;,&quot;created_timestamp&quot;:&quot;0&quot;,&quot;copyright&quot;:&quot;&quot;,&quot;focal_length&quot;:&quot;0&quot;,&quot;iso&quot;:&quot;0&quot;,&quot;shutter_speed&quot;:&quot;0&quot;,&quot;title&quot;:&quot;&quot;,&quot;orientation&quot;:&quot;0&quot;}\" data-image-title=\"Erdem confirma parceria com a Nars\" data-image-description=\"\" data-image-caption=\"&lt;p&gt;Erdem confirma parceria com a Nars&lt;\/p&gt;\n\" data-medium-file=\"https:\/\/i0.wp.com\/agrund.com\/wp-content\/uploads\/sites\/6\/2018\/02\/3-38-e1519132630741.jpg?fit=200%2C300&amp;ssl=1\" data-large-file=\"https:\/\/i0.wp.com\/agrund.com\/wp-content\/uploads\/sites\/6\/2018\/02\/3-38-e1519132630741.jpg?fit=683%2C1024&amp;ssl=1\" decoding=\"async\" loading=\"lazy\" class=\"size-full wp-image-178740\" src=\"https:\/\/i0.wp.com\/www.agrund.com\/wp-content\/uploads\/sites\/6\/2018\/02\/3-38-e1519132630741.jpg?resize=600%2C900\" alt=\"\" width=\"600\" height=\"900\" data-recalc-dims=\"1\" \/><p id=\"caption-attachment-178740\" class=\"wp-caption-text\"><br \/>Erdem confirma parceria com a Nars<\/p><\/div>\n<div id=\"attachment_178744\" style=\"width: 610px\" class=\"wp-caption aligncenter\"><img aria-describedby=\"caption-attachment-178744\" data-attachment-id=\"178744\" data-permalink=\"https:\/\/agrund.com\/index.php\/erdem-confirma-parceria-com-a-nars\/7-794\/\" data-orig-file=\"https:\/\/i0.wp.com\/agrund.com\/wp-content\/uploads\/sites\/6\/2018\/02\/7-7-e1519132646117.jpg?fit=600%2C899&amp;ssl=1\" data-orig-size=\"600,899\" data-comments-opened=\"1\" data-image-meta=\"{&quot;aperture&quot;:&quot;0&quot;,&quot;credit&quot;:&quot;&quot;,&quot;camera&quot;:&quot;&quot;,&quot;caption&quot;:&quot;&quot;,&quot;created_timestamp&quot;:&quot;0&quot;,&quot;copyright&quot;:&quot;&quot;,&quot;focal_length&quot;:&quot;0&quot;,&quot;iso&quot;:&quot;0&quot;,&quot;shutter_speed&quot;:&quot;0&quot;,&quot;title&quot;:&quot;&quot;,&quot;orientation&quot;:&quot;0&quot;}\" data-image-title=\"Erdem confirma parceria com a Nars\" data-image-description=\"\" data-image-caption=\"&lt;p&gt;Erdem confirma parceria com a Nars&lt;\/p&gt;\n\" data-medium-file=\"https:\/\/i0.wp.com\/agrund.com\/wp-content\/uploads\/sites\/6\/2018\/02\/7-7-e1519132646117.jpg?fit=200%2C300&amp;ssl=1\" data-large-file=\"https:\/\/i0.wp.com\/agrund.com\/wp-content\/uploads\/sites\/6\/2018\/02\/7-7-e1519132646117.jpg?fit=683%2C1024&amp;ssl=1\" decoding=\"async\" loading=\"lazy\" class=\"size-full wp-image-178744\" src=\"https:\/\/i0.wp.com\/www.agrund.com\/wp-content\/uploads\/sites\/6\/2018\/02\/7-7-e1519132646117.jpg?resize=600%2C899\" alt=\"\" width=\"600\" height=\"899\" data-recalc-dims=\"1\" \/><p id=\"caption-attachment-178744\" class=\"wp-caption-text\"><br \/>Erdem confirma parceria com a Nars<\/p><\/div>\n<p>Fotos: Reprodu\u00e7\u00e3o.<\/p>\n","protected":false},"excerpt":{"rendered":"<p>Durante o seu desfile na semana de moda de Londres, a Erdem apresentou outra novidade al\u00e9m da sua cole\u00e7\u00e3o inverno 2019. Toda a beleza das modelos foi feita com produtos da primeira linha de maquiagens da marca em parceria com a Nars. Chamada &#8220;Strange Flowers&#8221;, a cole\u00e7\u00e3o teve como inspira\u00e7\u00e3o as flores, que s\u00e3o t\u00e3o [&hellip;]<\/p>\n","protected":false},"author":8,"featured_media":178745,"comment_status":"open","ping_status":"open","sticky":false,"template":"","format":"standard","meta":{"jetpack_post_was_ever_published":false,"_jetpack_newsletter_access":"","jetpack_publicize_message":"","jetpack_is_tweetstorm":false,"jetpack_publicize_feature_enabled":true,"jetpack_social_post_already_shared":true,"jetpack_social_options":{"image_generator_settings":{"template":"highway","enabled":false}}},"categories":[2],"tags":[],"jetpack_publicize_connections":[],"jetpack_featured_media_url":"https:\/\/i0.wp.com\/agrund.com\/wp-content\/uploads\/sites\/6\/2018\/02\/s-59.jpg?fit=960%2C300&ssl=1","jetpack_sharing_enabled":true,"jetpack_shortlink":"https:\/\/wp.me\/p3Hz0n-KuS","jetpack_likes_enabled":true,"_links":{"self":[{"href":"https:\/\/agrund.com\/index.php\/wp-json\/wp\/v2\/posts\/178738"}],"collection":[{"href":"https:\/\/agrund.com\/index.php\/wp-json\/wp\/v2\/posts"}],"about":[{"href":"https:\/\/agrund.com\/index.php\/wp-json\/wp\/v2\/types\/post"}],"author":[{"embeddable":true,"href":"https:\/\/agrund.com\/index.php\/wp-json\/wp\/v2\/users\/8"}],"replies":[{"embeddable":true,"href":"https:\/\/agrund.com\/index.php\/wp-json\/wp\/v2\/comments?post=178738"}],"version-history":[{"count":0,"href":"https:\/\/agrund.com\/index.php\/wp-json\/wp\/v2\/posts\/178738\/revisions"}],"wp:featuredmedia":[{"embeddable":true,"href":"https:\/\/agrund.com\/index.php\/wp-json\/wp\/v2\/media\/178745"}],"wp:attachment":[{"href":"https:\/\/agrund.com\/index.php\/wp-json\/wp\/v2\/media?parent=178738"}],"wp:term":[{"taxonomy":"category","embeddable":true,"href":"https:\/\/agrund.com\/index.php\/wp-json\/wp\/v2\/categories?post=178738"},{"taxonomy":"post_tag","embeddable":true,"href":"https:\/\/agrund.com\/index.php\/wp-json\/wp\/v2\/tags?post=178738"}],"curies":[{"name":"wp","href":"https:\/\/api.w.org\/{rel}","templated":true}]}}