{"id":178672,"date":"2018-02-19T11:00:54","date_gmt":"2018-02-19T14:00:54","guid":{"rendered":"http:\/\/www.agrund.com\/?p=178672"},"modified":"2018-02-19T09:35:05","modified_gmt":"2018-02-19T12:35:05","slug":"opening-ceremony-fara-desfile-na-disney","status":"publish","type":"post","link":"https:\/\/agrund.com\/index.php\/opening-ceremony-fara-desfile-na-disney\/","title":{"rendered":"Opening Ceremony far\u00e1 desfile na Disney"},"content":{"rendered":"<p>Sim, \u00e9 verdade! A Opening Ceremony anunciou que seu desfile primavera\/ver\u00e3o 2018 acontecer\u00e1 em um dos parques da Disney, em Anaheim, na Calif\u00f3rnia.<\/p>\n<p>Tem escolha mais inusitada e divertida? O Agrund.com acha que n\u00e3o! O desfile ser\u00e1 no dia 7 de mar\u00e7o e j\u00e1 estamos curiosos para ver a superprodu\u00e7\u00e3o que a marca far\u00e1, afinal todo desfile nos surpreende. E voc\u00ea?<\/p>\n<div id=\"attachment_178673\" style=\"width: 610px\" class=\"wp-caption aligncenter\"><img aria-describedby=\"caption-attachment-178673\" data-attachment-id=\"178673\" data-permalink=\"https:\/\/agrund.com\/index.php\/opening-ceremony-fara-desfile-na-disney\/1-1302\/\" data-orig-file=\"https:\/\/i0.wp.com\/agrund.com\/wp-content\/uploads\/sites\/6\/2018\/02\/1-40-e1519043676680.jpg?fit=600%2C355&amp;ssl=1\" data-orig-size=\"600,355\" data-comments-opened=\"1\" data-image-meta=\"{&quot;aperture&quot;:&quot;3.5&quot;,&quot;credit&quot;:&quot;&quot;,&quot;camera&quot;:&quot;Canon EOS 5D Mark II&quot;,&quot;caption&quot;:&quot;&quot;,&quot;created_timestamp&quot;:&quot;1378626703&quot;,&quot;copyright&quot;:&quot;&quot;,&quot;focal_length&quot;:&quot;38&quot;,&quot;iso&quot;:&quot;640&quot;,&quot;shutter_speed&quot;:&quot;0.00625&quot;,&quot;title&quot;:&quot;&quot;,&quot;orientation&quot;:&quot;1&quot;}\" data-image-title=\"Opening Ceremony far\u00e1 desfile na Disney\" data-image-description=\"\" data-image-caption=\"&lt;p&gt;Opening Ceremony far\u00e1 desfile na Disney&lt;\/p&gt;\n\" data-medium-file=\"https:\/\/i0.wp.com\/agrund.com\/wp-content\/uploads\/sites\/6\/2018\/02\/1-40-e1519043676680.jpg?fit=300%2C177&amp;ssl=1\" data-large-file=\"https:\/\/i0.wp.com\/agrund.com\/wp-content\/uploads\/sites\/6\/2018\/02\/1-40-e1519043676680.jpg?fit=600%2C355&amp;ssl=1\" decoding=\"async\" loading=\"lazy\" class=\"size-full wp-image-178673\" src=\"https:\/\/i0.wp.com\/www.agrund.com\/wp-content\/uploads\/sites\/6\/2018\/02\/1-40-e1519043676680.jpg?resize=600%2C355\" alt=\"\" width=\"600\" height=\"355\" data-recalc-dims=\"1\" \/><p id=\"caption-attachment-178673\" class=\"wp-caption-text\">Opening Ceremony far\u00e1 desfile na Disney<\/p><\/div>\n<p>Foto: Reprodu\u00e7\u00e3o.<\/p>\n","protected":false},"excerpt":{"rendered":"<p>Sim, \u00e9 verdade! A Opening Ceremony anunciou que seu desfile primavera\/ver\u00e3o 2018 acontecer\u00e1 em um dos parques da Disney, em Anaheim, na Calif\u00f3rnia. Tem escolha mais inusitada e divertida? O Agrund.com acha que n\u00e3o! O desfile ser\u00e1 no dia 7 de mar\u00e7o e j\u00e1 estamos curiosos para ver a superprodu\u00e7\u00e3o que a marca far\u00e1, afinal [&hellip;]<\/p>\n","protected":false},"author":8,"featured_media":178674,"comment_status":"open","ping_status":"open","sticky":false,"template":"","format":"standard","meta":{"jetpack_post_was_ever_published":false,"_jetpack_newsletter_access":"","jetpack_publicize_message":"","jetpack_is_tweetstorm":false,"jetpack_publicize_feature_enabled":true,"jetpack_social_post_already_shared":true,"jetpack_social_options":{"image_generator_settings":{"template":"highway","enabled":false}}},"categories":[2],"tags":[],"jetpack_publicize_connections":[],"jetpack_featured_media_url":"https:\/\/i0.wp.com\/agrund.com\/wp-content\/uploads\/sites\/6\/2018\/02\/s-53.jpg?fit=960%2C300&ssl=1","jetpack_sharing_enabled":true,"jetpack_shortlink":"https:\/\/wp.me\/p3Hz0n-KtO","jetpack_likes_enabled":true,"_links":{"self":[{"href":"https:\/\/agrund.com\/index.php\/wp-json\/wp\/v2\/posts\/178672"}],"collection":[{"href":"https:\/\/agrund.com\/index.php\/wp-json\/wp\/v2\/posts"}],"about":[{"href":"https:\/\/agrund.com\/index.php\/wp-json\/wp\/v2\/types\/post"}],"author":[{"embeddable":true,"href":"https:\/\/agrund.com\/index.php\/wp-json\/wp\/v2\/users\/8"}],"replies":[{"embeddable":true,"href":"https:\/\/agrund.com\/index.php\/wp-json\/wp\/v2\/comments?post=178672"}],"version-history":[{"count":0,"href":"https:\/\/agrund.com\/index.php\/wp-json\/wp\/v2\/posts\/178672\/revisions"}],"wp:featuredmedia":[{"embeddable":true,"href":"https:\/\/agrund.com\/index.php\/wp-json\/wp\/v2\/media\/178674"}],"wp:attachment":[{"href":"https:\/\/agrund.com\/index.php\/wp-json\/wp\/v2\/media?parent=178672"}],"wp:term":[{"taxonomy":"category","embeddable":true,"href":"https:\/\/agrund.com\/index.php\/wp-json\/wp\/v2\/categories?post=178672"},{"taxonomy":"post_tag","embeddable":true,"href":"https:\/\/agrund.com\/index.php\/wp-json\/wp\/v2\/tags?post=178672"}],"curies":[{"name":"wp","href":"https:\/\/api.w.org\/{rel}","templated":true}]}}