{"id":178649,"date":"2018-02-16T17:00:47","date_gmt":"2018-02-16T19:00:47","guid":{"rendered":"http:\/\/www.agrund.com\/?p=178649"},"modified":"2018-02-16T17:10:09","modified_gmt":"2018-02-16T19:10:09","slug":"highlights-da-new-york-fashion-week","status":"publish","type":"post","link":"https:\/\/agrund.com\/index.php\/highlights-da-new-york-fashion-week\/","title":{"rendered":"Highlights da New York Fashion Week"},"content":{"rendered":"<p>Por Let\u00edcia Santana<\/p>\n<p>A New York Fashion Week aconteceu nessa \u00faltima semana (08 a 16 de fevereiro) e balan\u00e7ou a ind\u00fastria mundial. Diante de um momento conflituoso e inst\u00e1vel na moda norte-americana, a semana de moda mais comercial vinha com a promessa de reafirmar a sua relev\u00e2ncia e relembrar o poder do street style. Confira os highlights da NYFW que abriu a temporada de inverno 2018\\19:<\/p>\n<div id=\"attachment_178651\" style=\"width: 610px\" class=\"wp-caption aligncenter\"><img aria-describedby=\"caption-attachment-178651\" data-attachment-id=\"178651\" data-permalink=\"https:\/\/agrund.com\/index.php\/highlights-da-new-york-fashion-week\/marc-jacobs-nyfw\/\" data-orig-file=\"https:\/\/i0.wp.com\/agrund.com\/wp-content\/uploads\/sites\/6\/2018\/02\/Marc-Jacobs-NYFW.jpeg?fit=600%2C800&amp;ssl=1\" data-orig-size=\"600,800\" data-comments-opened=\"1\" data-image-meta=\"{&quot;aperture&quot;:&quot;0&quot;,&quot;credit&quot;:&quot;&quot;,&quot;camera&quot;:&quot;&quot;,&quot;caption&quot;:&quot;&quot;,&quot;created_timestamp&quot;:&quot;0&quot;,&quot;copyright&quot;:&quot;&quot;,&quot;focal_length&quot;:&quot;0&quot;,&quot;iso&quot;:&quot;0&quot;,&quot;shutter_speed&quot;:&quot;0&quot;,&quot;title&quot;:&quot;&quot;,&quot;orientation&quot;:&quot;1&quot;}\" data-image-title=\"Highlights da New York Fashion Week\" data-image-description=\"\" data-image-caption=\"&lt;p&gt;Highlights da New York Fashion Week&lt;\/p&gt;\n\" data-medium-file=\"https:\/\/i0.wp.com\/agrund.com\/wp-content\/uploads\/sites\/6\/2018\/02\/Marc-Jacobs-NYFW.jpeg?fit=225%2C300&amp;ssl=1\" data-large-file=\"https:\/\/i0.wp.com\/agrund.com\/wp-content\/uploads\/sites\/6\/2018\/02\/Marc-Jacobs-NYFW.jpeg?fit=600%2C800&amp;ssl=1\" decoding=\"async\" loading=\"lazy\" class=\"size-full wp-image-178651\" src=\"https:\/\/i0.wp.com\/www.agrund.com\/wp-content\/uploads\/sites\/6\/2018\/02\/Marc-Jacobs-NYFW.jpeg?resize=600%2C800\" alt=\"\" width=\"600\" height=\"800\" srcset=\"https:\/\/i0.wp.com\/agrund.com\/wp-content\/uploads\/sites\/6\/2018\/02\/Marc-Jacobs-NYFW.jpeg?w=600&amp;ssl=1 600w, https:\/\/i0.wp.com\/agrund.com\/wp-content\/uploads\/sites\/6\/2018\/02\/Marc-Jacobs-NYFW.jpeg?resize=225%2C300&amp;ssl=1 225w\" sizes=\"(max-width: 600px) 100vw, 600px\" data-recalc-dims=\"1\" \/><p id=\"caption-attachment-178651\" class=\"wp-caption-text\">Highlights da New York Fashion Week<\/p><\/div>\n<p>Marc Jacobs foi uma das maiores e gratas surpresas da temporada! Depois da declara\u00e7\u00e3o de Bernard Arnault, CEO do grupo LVMH, que disse estar \u201cmais preocupado com Marc Jacobs do que com as medidas do presidente Trump\u201d e de tantos outros rumores negativos em torno do estilista, Marc surpreendeu. Propor\u00e7\u00f5es exageradas e silhuetas desmedidas marcaram a cole\u00e7\u00e3o que tamb\u00e9m deu grande import\u00e2ncia para a beleza do desfile. As modelos ganharam cores e cortes de cabelo espec\u00edficos para cruzar a passarela, assim como as maquiagens se destacaram. A maquiadora, Diane Kendal, contou: \u201cNessa temporada Marc quis celebrar a moda, falar sobre como as pessoas se montam e criam um personagem. A maquiagem \u00e9 o acess\u00f3rio final, ent\u00e3o criamos um look que refletisse isso\u201d.<\/p>\n<div id=\"attachment_178652\" style=\"width: 610px\" class=\"wp-caption aligncenter\"><img aria-describedby=\"caption-attachment-178652\" data-attachment-id=\"178652\" data-permalink=\"https:\/\/agrund.com\/index.php\/highlights-da-new-york-fashion-week\/victoria-beckham-nyfw-2\/\" data-orig-file=\"https:\/\/i0.wp.com\/agrund.com\/wp-content\/uploads\/sites\/6\/2018\/02\/Victoria-Beckham-NYFW.jpeg?fit=600%2C800&amp;ssl=1\" data-orig-size=\"600,800\" data-comments-opened=\"1\" data-image-meta=\"{&quot;aperture&quot;:&quot;0&quot;,&quot;credit&quot;:&quot;&quot;,&quot;camera&quot;:&quot;&quot;,&quot;caption&quot;:&quot;&quot;,&quot;created_timestamp&quot;:&quot;0&quot;,&quot;copyright&quot;:&quot;&quot;,&quot;focal_length&quot;:&quot;0&quot;,&quot;iso&quot;:&quot;0&quot;,&quot;shutter_speed&quot;:&quot;0&quot;,&quot;title&quot;:&quot;&quot;,&quot;orientation&quot;:&quot;1&quot;}\" data-image-title=\"Highlights da New York Fashion Week\" data-image-description=\"\" data-image-caption=\"&lt;p&gt;Highlights da New York Fashion Week&lt;\/p&gt;\n\" data-medium-file=\"https:\/\/i0.wp.com\/agrund.com\/wp-content\/uploads\/sites\/6\/2018\/02\/Victoria-Beckham-NYFW.jpeg?fit=225%2C300&amp;ssl=1\" data-large-file=\"https:\/\/i0.wp.com\/agrund.com\/wp-content\/uploads\/sites\/6\/2018\/02\/Victoria-Beckham-NYFW.jpeg?fit=600%2C800&amp;ssl=1\" decoding=\"async\" loading=\"lazy\" class=\"size-full wp-image-178652\" src=\"https:\/\/i0.wp.com\/www.agrund.com\/wp-content\/uploads\/sites\/6\/2018\/02\/Victoria-Beckham-NYFW.jpeg?resize=600%2C800\" alt=\"\" width=\"600\" height=\"800\" srcset=\"https:\/\/i0.wp.com\/agrund.com\/wp-content\/uploads\/sites\/6\/2018\/02\/Victoria-Beckham-NYFW.jpeg?w=600&amp;ssl=1 600w, https:\/\/i0.wp.com\/agrund.com\/wp-content\/uploads\/sites\/6\/2018\/02\/Victoria-Beckham-NYFW.jpeg?resize=225%2C300&amp;ssl=1 225w\" sizes=\"(max-width: 600px) 100vw, 600px\" data-recalc-dims=\"1\" \/><p id=\"caption-attachment-178652\" class=\"wp-caption-text\">Highlights da New York Fashion Week<\/p><\/div>\n<p>Victoria Beckham foi mais um exemplo de frescor na NYFW! Ao desenvolver uma cole\u00e7\u00e3o para a mulher contempor\u00e2nea, 25 looks compostos por camadas e shapes estruturados marcaram a passarela. Em um bom momento da sua carreira, a estilista se despediu da passarela de Nova York para, a partir da pr\u00f3xima temporada, desfilar em Londres, o que com certeza significar\u00e1 uma perda consider\u00e1vel para o calend\u00e1rio de moda novaiorquino. A marca, que apresenta um equil\u00edbrio entre a funcionalidade das pe\u00e7as e o glamour, vem agradando o mercado de luxo, por\u00e9m ainda est\u00e1 longe de ser acess\u00edvel para os consumidores de massa. Apesar disso, a colabora\u00e7\u00e3o com a Reebok (ainda sem previs\u00f5es para lan\u00e7amento) pode representar uma mudan\u00e7a na estrat\u00e9gia.<\/p>\n<div id=\"attachment_178650\" style=\"width: 610px\" class=\"wp-caption aligncenter\"><img aria-describedby=\"caption-attachment-178650\" data-attachment-id=\"178650\" data-permalink=\"https:\/\/agrund.com\/index.php\/highlights-da-new-york-fashion-week\/raf-simons-nyfw\/\" data-orig-file=\"https:\/\/i0.wp.com\/agrund.com\/wp-content\/uploads\/sites\/6\/2018\/02\/Raf-Simons-NYFW.jpeg?fit=600%2C800&amp;ssl=1\" data-orig-size=\"600,800\" data-comments-opened=\"1\" data-image-meta=\"{&quot;aperture&quot;:&quot;0&quot;,&quot;credit&quot;:&quot;&quot;,&quot;camera&quot;:&quot;&quot;,&quot;caption&quot;:&quot;&quot;,&quot;created_timestamp&quot;:&quot;0&quot;,&quot;copyright&quot;:&quot;&quot;,&quot;focal_length&quot;:&quot;0&quot;,&quot;iso&quot;:&quot;0&quot;,&quot;shutter_speed&quot;:&quot;0&quot;,&quot;title&quot;:&quot;&quot;,&quot;orientation&quot;:&quot;1&quot;}\" data-image-title=\"Highlights da New York Fashion Week\" data-image-description=\"\" data-image-caption=\"&lt;p&gt;Highlights da New York Fashion Week&lt;\/p&gt;\n\" data-medium-file=\"https:\/\/i0.wp.com\/agrund.com\/wp-content\/uploads\/sites\/6\/2018\/02\/Raf-Simons-NYFW.jpeg?fit=225%2C300&amp;ssl=1\" data-large-file=\"https:\/\/i0.wp.com\/agrund.com\/wp-content\/uploads\/sites\/6\/2018\/02\/Raf-Simons-NYFW.jpeg?fit=600%2C800&amp;ssl=1\" decoding=\"async\" loading=\"lazy\" class=\"size-full wp-image-178650\" src=\"https:\/\/i0.wp.com\/www.agrund.com\/wp-content\/uploads\/sites\/6\/2018\/02\/Raf-Simons-NYFW.jpeg?resize=600%2C800\" alt=\"\" width=\"600\" height=\"800\" srcset=\"https:\/\/i0.wp.com\/agrund.com\/wp-content\/uploads\/sites\/6\/2018\/02\/Raf-Simons-NYFW.jpeg?w=600&amp;ssl=1 600w, https:\/\/i0.wp.com\/agrund.com\/wp-content\/uploads\/sites\/6\/2018\/02\/Raf-Simons-NYFW.jpeg?resize=225%2C300&amp;ssl=1 225w\" sizes=\"(max-width: 600px) 100vw, 600px\" data-recalc-dims=\"1\" \/><p id=\"caption-attachment-178650\" class=\"wp-caption-text\">Highlights da New York Fashion Week<\/p><\/div>\n<p>Raf Simons teve, sem d\u00favidas, o desfile mais comentado da NYFW! Ao trazer para a passarela a Christiane F na Berlim dos anos 1970, o estilista criou um discurso sobre o pessimismo, as ang\u00fastias dos jovens e a obsess\u00e3o pelo heroin chic. A adolesc\u00eancia totalmente transviada do estilista fortalece o conceito da cole\u00e7\u00e3o que, apesar de ser carregada de mensagens, \u00e9 extremamente comercial. Desde que Simons se mudou para os Estados Unidos, o trabalho do estilista tem sofrido grandes influ\u00eancias\u2026 Nessa cole\u00e7\u00e3o, por exemplo, a refer\u00eancia \u00e0s crises de opioides que se tornaram uma emerg\u00eancia de sa\u00fade p\u00fablica nos EUA fica clara. Raf colocou na passarela in\u00fameras provoca\u00e7\u00f5es, tem\u00e1ticas atuais e retratou a \u201cJuventude em movimento\u201d, como o pr\u00f3prio t\u00edtulo da cole\u00e7\u00e3o sugere.<br \/>\nEm um momento de luta para que a relev\u00e2ncia e prest\u00edgio da moda americana se mantenha, ainda h\u00e1 estilistas comprometidos em trazer cultura de moda para as passarelas da NYFW.<\/p>\n<p>&nbsp;<\/p>\n<p>Mais em <a href=\"http:\/\/borboletavintage.com.br\/\">Borboleta Vintage<\/a>.<br \/>\nInstagram: <a href=\"https:\/\/www.instagram.com\/borboletavintage\/\">@borboletavintage.<\/a><\/p>\n","protected":false},"excerpt":{"rendered":"<p>Por Let\u00edcia Santana A New York Fashion Week aconteceu nessa \u00faltima semana (08 a 16 de fevereiro) e balan\u00e7ou a ind\u00fastria mundial. Diante de um momento conflituoso e inst\u00e1vel na moda norte-americana, a semana de moda mais comercial vinha com a promessa de reafirmar a sua relev\u00e2ncia e relembrar o poder do street style. Confira [&hellip;]<\/p>\n","protected":false},"author":8,"featured_media":178653,"comment_status":"open","ping_status":"open","sticky":false,"template":"","format":"standard","meta":{"jetpack_post_was_ever_published":false,"_jetpack_newsletter_access":"","jetpack_publicize_message":"","jetpack_is_tweetstorm":false,"jetpack_publicize_feature_enabled":true,"jetpack_social_post_already_shared":true,"jetpack_social_options":{"image_generator_settings":{"template":"highway","enabled":false}}},"categories":[2],"tags":[],"jetpack_publicize_connections":[],"jetpack_featured_media_url":"https:\/\/i0.wp.com\/agrund.com\/wp-content\/uploads\/sites\/6\/2018\/02\/s-52.jpg?fit=960%2C300&ssl=1","jetpack_sharing_enabled":true,"jetpack_shortlink":"https:\/\/wp.me\/p3Hz0n-Ktr","jetpack_likes_enabled":true,"_links":{"self":[{"href":"https:\/\/agrund.com\/index.php\/wp-json\/wp\/v2\/posts\/178649"}],"collection":[{"href":"https:\/\/agrund.com\/index.php\/wp-json\/wp\/v2\/posts"}],"about":[{"href":"https:\/\/agrund.com\/index.php\/wp-json\/wp\/v2\/types\/post"}],"author":[{"embeddable":true,"href":"https:\/\/agrund.com\/index.php\/wp-json\/wp\/v2\/users\/8"}],"replies":[{"embeddable":true,"href":"https:\/\/agrund.com\/index.php\/wp-json\/wp\/v2\/comments?post=178649"}],"version-history":[{"count":0,"href":"https:\/\/agrund.com\/index.php\/wp-json\/wp\/v2\/posts\/178649\/revisions"}],"wp:featuredmedia":[{"embeddable":true,"href":"https:\/\/agrund.com\/index.php\/wp-json\/wp\/v2\/media\/178653"}],"wp:attachment":[{"href":"https:\/\/agrund.com\/index.php\/wp-json\/wp\/v2\/media?parent=178649"}],"wp:term":[{"taxonomy":"category","embeddable":true,"href":"https:\/\/agrund.com\/index.php\/wp-json\/wp\/v2\/categories?post=178649"},{"taxonomy":"post_tag","embeddable":true,"href":"https:\/\/agrund.com\/index.php\/wp-json\/wp\/v2\/tags?post=178649"}],"curies":[{"name":"wp","href":"https:\/\/api.w.org\/{rel}","templated":true}]}}