{"id":178639,"date":"2018-02-16T16:00:06","date_gmt":"2018-02-16T18:00:06","guid":{"rendered":"http:\/\/www.agrund.com\/?p=178639"},"modified":"2018-02-16T16:04:58","modified_gmt":"2018-02-16T18:04:58","slug":"o-carnaval-ja-se-foi-mas-o-glitter-nao","status":"publish","type":"post","link":"https:\/\/agrund.com\/index.php\/o-carnaval-ja-se-foi-mas-o-glitter-nao\/","title":{"rendered":"O carnaval j\u00e1 se foi, mas o glitter n\u00e3o?"},"content":{"rendered":"<p>Por <a href=\"http:\/\/blogdathay.com.br\/\">Thay Sanqueta<\/a><\/p>\n<p>Com certeza voc\u00ea apostou no glitter na hora de fazer a make do seu carnaval, n\u00e3o \u00e9 mesmo? Segue algumas dicas para te ajudar a remover os vest\u00edgios da folia!<\/p>\n<p>Comece passando \u00e1gua quente e produtos cremosos, que aos poucos o produto ir\u00e1 se soltar. N\u00e3o saiu tudo? Agora \u00e9 a hora de passar algod\u00e3o com \u00e1gua micelar.\u00a0 Se houver alguma part\u00edcula de brilho mais resistente, corte um peda\u00e7o de fita adesiva e pressione delicadamente a parte com a cola sobre as p\u00e1lpebras ou os l\u00e1bios (ou na parte do corpo onde foi parar o glitter, kkkkk).<\/p>\n<p>Oremos para que as dicas sejam eficazes! kkkk<\/p>\n<div id=\"attachment_178641\" style=\"width: 610px\" class=\"wp-caption aligncenter\"><img aria-describedby=\"caption-attachment-178641\" data-attachment-id=\"178641\" data-permalink=\"https:\/\/agrund.com\/index.php\/o-carnaval-ja-se-foi-mas-o-glitter-nao\/16465316_261823927578929_7317316321698381824_n\/\" data-orig-file=\"https:\/\/i0.wp.com\/agrund.com\/wp-content\/uploads\/sites\/6\/2018\/02\/16465316_261823927578929_7317316321698381824_n-e1518804019460.jpg?fit=600%2C400&amp;ssl=1\" data-orig-size=\"600,400\" data-comments-opened=\"1\" data-image-meta=\"{&quot;aperture&quot;:&quot;0&quot;,&quot;credit&quot;:&quot;&quot;,&quot;camera&quot;:&quot;&quot;,&quot;caption&quot;:&quot;&quot;,&quot;created_timestamp&quot;:&quot;0&quot;,&quot;copyright&quot;:&quot;&quot;,&quot;focal_length&quot;:&quot;0&quot;,&quot;iso&quot;:&quot;0&quot;,&quot;shutter_speed&quot;:&quot;0&quot;,&quot;title&quot;:&quot;&quot;,&quot;orientation&quot;:&quot;0&quot;}\" data-image-title=\"O carnaval j\u00e1 se foi, mas o glitter n\u00e3o?\" data-image-description=\"\" data-image-caption=\"&lt;p&gt;O carnaval j\u00e1 se foi, mas o glitter n\u00e3o?&lt;\/p&gt;\n\" data-medium-file=\"https:\/\/i0.wp.com\/agrund.com\/wp-content\/uploads\/sites\/6\/2018\/02\/16465316_261823927578929_7317316321698381824_n-e1518804019460.jpg?fit=300%2C200&amp;ssl=1\" data-large-file=\"https:\/\/i0.wp.com\/agrund.com\/wp-content\/uploads\/sites\/6\/2018\/02\/16465316_261823927578929_7317316321698381824_n-e1518804019460.jpg?fit=600%2C400&amp;ssl=1\" decoding=\"async\" loading=\"lazy\" class=\"size-full wp-image-178641\" src=\"https:\/\/i0.wp.com\/www.agrund.com\/wp-content\/uploads\/sites\/6\/2018\/02\/16465316_261823927578929_7317316321698381824_n-e1518804019460.jpg?resize=600%2C400\" alt=\"\" width=\"600\" height=\"400\" data-recalc-dims=\"1\" \/><p id=\"caption-attachment-178641\" class=\"wp-caption-text\">O carnaval j\u00e1 se foi, mas o glitter n\u00e3o?<\/p><\/div>\n<p><img data-attachment-id=\"178643\" data-permalink=\"https:\/\/agrund.com\/index.php\/o-carnaval-ja-se-foi-mas-o-glitter-nao\/27666-o-glitter-tomou-conta-do-coque-duplo-o-article_gallery_portrait-3-2\/\" data-orig-file=\"https:\/\/i0.wp.com\/agrund.com\/wp-content\/uploads\/sites\/6\/2018\/02\/27666-o-glitter-tomou-conta-do-coque-duplo-o-article_gallery_portrait-3-1-e1518804095108.jpg?fit=600%2C600&amp;ssl=1\" data-orig-size=\"600,600\" data-comments-opened=\"1\" data-image-meta=\"{&quot;aperture&quot;:&quot;0&quot;,&quot;credit&quot;:&quot;&quot;,&quot;camera&quot;:&quot;&quot;,&quot;caption&quot;:&quot;&quot;,&quot;created_timestamp&quot;:&quot;0&quot;,&quot;copyright&quot;:&quot;&quot;,&quot;focal_length&quot;:&quot;0&quot;,&quot;iso&quot;:&quot;0&quot;,&quot;shutter_speed&quot;:&quot;0&quot;,&quot;title&quot;:&quot;&quot;,&quot;orientation&quot;:&quot;1&quot;}\" data-image-title=\"27666-o-glitter-tomou-conta-do-coque-duplo-o-article_gallery_portrait-3\" data-image-description=\"\" data-image-caption=\"\" data-medium-file=\"https:\/\/i0.wp.com\/agrund.com\/wp-content\/uploads\/sites\/6\/2018\/02\/27666-o-glitter-tomou-conta-do-coque-duplo-o-article_gallery_portrait-3-1-e1518804095108.jpg?fit=300%2C300&amp;ssl=1\" data-large-file=\"https:\/\/i0.wp.com\/agrund.com\/wp-content\/uploads\/sites\/6\/2018\/02\/27666-o-glitter-tomou-conta-do-coque-duplo-o-article_gallery_portrait-3-1-e1518804095108.jpg?fit=600%2C600&amp;ssl=1\" decoding=\"async\" loading=\"lazy\" class=\"aligncenter size-full wp-image-178643\" src=\"https:\/\/i0.wp.com\/www.agrund.com\/wp-content\/uploads\/sites\/6\/2018\/02\/27666-o-glitter-tomou-conta-do-coque-duplo-o-article_gallery_portrait-3-1-e1518804095108.jpg?resize=600%2C600\" alt=\"\" width=\"600\" height=\"600\" data-recalc-dims=\"1\" \/><\/p>\n<div id=\"attachment_178642\" style=\"width: 610px\" class=\"wp-caption aligncenter\"><img aria-describedby=\"caption-attachment-178642\" data-attachment-id=\"178642\" data-permalink=\"https:\/\/agrund.com\/index.php\/o-carnaval-ja-se-foi-mas-o-glitter-nao\/make-carnaval-glitter-brilho\/\" data-orig-file=\"https:\/\/i0.wp.com\/agrund.com\/wp-content\/uploads\/sites\/6\/2018\/02\/make-carnaval-glitter-brilho.jpg?fit=600%2C600&amp;ssl=1\" data-orig-size=\"600,600\" data-comments-opened=\"1\" data-image-meta=\"{&quot;aperture&quot;:&quot;0&quot;,&quot;credit&quot;:&quot;&quot;,&quot;camera&quot;:&quot;&quot;,&quot;caption&quot;:&quot;&quot;,&quot;created_timestamp&quot;:&quot;0&quot;,&quot;copyright&quot;:&quot;&quot;,&quot;focal_length&quot;:&quot;0&quot;,&quot;iso&quot;:&quot;0&quot;,&quot;shutter_speed&quot;:&quot;0&quot;,&quot;title&quot;:&quot;&quot;,&quot;orientation&quot;:&quot;1&quot;}\" data-image-title=\"O carnaval j\u00e1 se foi, mas o glitter n\u00e3o?\" data-image-description=\"\" data-image-caption=\"&lt;p&gt;O carnaval j\u00e1 se foi, mas o glitter n\u00e3o?&lt;\/p&gt;\n\" data-medium-file=\"https:\/\/i0.wp.com\/agrund.com\/wp-content\/uploads\/sites\/6\/2018\/02\/make-carnaval-glitter-brilho.jpg?fit=300%2C300&amp;ssl=1\" data-large-file=\"https:\/\/i0.wp.com\/agrund.com\/wp-content\/uploads\/sites\/6\/2018\/02\/make-carnaval-glitter-brilho.jpg?fit=600%2C600&amp;ssl=1\" decoding=\"async\" loading=\"lazy\" class=\"size-full wp-image-178642\" src=\"https:\/\/i0.wp.com\/www.agrund.com\/wp-content\/uploads\/sites\/6\/2018\/02\/make-carnaval-glitter-brilho.jpg?resize=600%2C600\" alt=\"\" width=\"600\" height=\"600\" srcset=\"https:\/\/i0.wp.com\/agrund.com\/wp-content\/uploads\/sites\/6\/2018\/02\/make-carnaval-glitter-brilho.jpg?w=600&amp;ssl=1 600w, https:\/\/i0.wp.com\/agrund.com\/wp-content\/uploads\/sites\/6\/2018\/02\/make-carnaval-glitter-brilho.jpg?resize=150%2C150&amp;ssl=1 150w, https:\/\/i0.wp.com\/agrund.com\/wp-content\/uploads\/sites\/6\/2018\/02\/make-carnaval-glitter-brilho.jpg?resize=300%2C300&amp;ssl=1 300w\" sizes=\"(max-width: 600px) 100vw, 600px\" data-recalc-dims=\"1\" \/><p id=\"caption-attachment-178642\" class=\"wp-caption-text\">O carnaval j\u00e1 se foi, mas o glitter n\u00e3o?<\/p><\/div>\n<p>Fotos: Reprodu\u00e7\u00e3o.<\/p>\n","protected":false},"excerpt":{"rendered":"<p>Por Thay Sanqueta Com certeza voc\u00ea apostou no glitter na hora de fazer a make do seu carnaval, n\u00e3o \u00e9 mesmo? Segue algumas dicas para te ajudar a remover os vest\u00edgios da folia! Comece passando \u00e1gua quente e produtos cremosos, que aos poucos o produto ir\u00e1 se soltar. N\u00e3o saiu tudo? Agora \u00e9 a hora [&hellip;]<\/p>\n","protected":false},"author":8,"featured_media":178644,"comment_status":"open","ping_status":"open","sticky":false,"template":"","format":"standard","meta":{"jetpack_post_was_ever_published":false,"_jetpack_newsletter_access":"","jetpack_publicize_message":"","jetpack_is_tweetstorm":false,"jetpack_publicize_feature_enabled":true,"jetpack_social_post_already_shared":true,"jetpack_social_options":{"image_generator_settings":{"template":"highway","enabled":false}}},"categories":[2],"tags":[],"jetpack_publicize_connections":[],"jetpack_featured_media_url":"https:\/\/i0.wp.com\/agrund.com\/wp-content\/uploads\/sites\/6\/2018\/02\/s-51.jpg?fit=960%2C300&ssl=1","jetpack_sharing_enabled":true,"jetpack_shortlink":"https:\/\/wp.me\/p3Hz0n-Kth","jetpack_likes_enabled":true,"_links":{"self":[{"href":"https:\/\/agrund.com\/index.php\/wp-json\/wp\/v2\/posts\/178639"}],"collection":[{"href":"https:\/\/agrund.com\/index.php\/wp-json\/wp\/v2\/posts"}],"about":[{"href":"https:\/\/agrund.com\/index.php\/wp-json\/wp\/v2\/types\/post"}],"author":[{"embeddable":true,"href":"https:\/\/agrund.com\/index.php\/wp-json\/wp\/v2\/users\/8"}],"replies":[{"embeddable":true,"href":"https:\/\/agrund.com\/index.php\/wp-json\/wp\/v2\/comments?post=178639"}],"version-history":[{"count":0,"href":"https:\/\/agrund.com\/index.php\/wp-json\/wp\/v2\/posts\/178639\/revisions"}],"wp:featuredmedia":[{"embeddable":true,"href":"https:\/\/agrund.com\/index.php\/wp-json\/wp\/v2\/media\/178644"}],"wp:attachment":[{"href":"https:\/\/agrund.com\/index.php\/wp-json\/wp\/v2\/media?parent=178639"}],"wp:term":[{"taxonomy":"category","embeddable":true,"href":"https:\/\/agrund.com\/index.php\/wp-json\/wp\/v2\/categories?post=178639"},{"taxonomy":"post_tag","embeddable":true,"href":"https:\/\/agrund.com\/index.php\/wp-json\/wp\/v2\/tags?post=178639"}],"curies":[{"name":"wp","href":"https:\/\/api.w.org\/{rel}","templated":true}]}}