{"id":178618,"date":"2018-02-16T12:00:52","date_gmt":"2018-02-16T14:00:52","guid":{"rendered":"http:\/\/www.agrund.com\/?p=178618"},"modified":"2018-02-16T11:02:52","modified_gmt":"2018-02-16T13:02:52","slug":"a-nova-campanha-estrelada-por-david-beckham","status":"publish","type":"post","link":"https:\/\/agrund.com\/index.php\/a-nova-campanha-estrelada-por-david-beckham\/","title":{"rendered":"A nova campanha estrelada por David Beckham"},"content":{"rendered":"<p>David Beckham tem mais uma campanha de moda para seu curr\u00edculo. Agora ele apresenta a cole\u00e7\u00e3o primavera\/ver\u00e3o 2018 da Kent &amp; Curwen, da qual \u00e9 parceiro de longa data.<\/p>\n<p>Fotografado por Willy Vanderperre, Beckham veste looks com refer\u00eancias esportivas, como a camisa de rugby com a bandeira brit\u00e2nica, o moletom de cetim e uma parka com s\u00edmbolos da Inglaterra. Confira as primeiras imagens divulgadas:<\/p>\n<div id=\"attachment_178619\" style=\"width: 610px\" class=\"wp-caption aligncenter\"><img aria-describedby=\"caption-attachment-178619\" data-attachment-id=\"178619\" data-permalink=\"https:\/\/agrund.com\/index.php\/a-nova-campanha-estrelada-por-david-beckham\/1-1299\/\" data-orig-file=\"https:\/\/i0.wp.com\/agrund.com\/wp-content\/uploads\/sites\/6\/2018\/02\/1-37-e1518786004975.jpg?fit=600%2C424&amp;ssl=1\" data-orig-size=\"600,424\" data-comments-opened=\"1\" data-image-meta=\"{&quot;aperture&quot;:&quot;0&quot;,&quot;credit&quot;:&quot;&quot;,&quot;camera&quot;:&quot;&quot;,&quot;caption&quot;:&quot;&quot;,&quot;created_timestamp&quot;:&quot;0&quot;,&quot;copyright&quot;:&quot;&quot;,&quot;focal_length&quot;:&quot;0&quot;,&quot;iso&quot;:&quot;0&quot;,&quot;shutter_speed&quot;:&quot;0&quot;,&quot;title&quot;:&quot;&quot;,&quot;orientation&quot;:&quot;0&quot;}\" data-image-title=\"A nova campanha estrelada por David Beckham\" data-image-description=\"\" data-image-caption=\"&lt;p&gt;A nova campanha estrelada por David Beckham&lt;\/p&gt;\n\" data-medium-file=\"https:\/\/i0.wp.com\/agrund.com\/wp-content\/uploads\/sites\/6\/2018\/02\/1-37-e1518786004975.jpg?fit=300%2C212&amp;ssl=1\" data-large-file=\"https:\/\/i0.wp.com\/agrund.com\/wp-content\/uploads\/sites\/6\/2018\/02\/1-37-e1518786004975.jpg?fit=600%2C424&amp;ssl=1\" decoding=\"async\" loading=\"lazy\" class=\"size-full wp-image-178619\" src=\"https:\/\/i0.wp.com\/www.agrund.com\/wp-content\/uploads\/sites\/6\/2018\/02\/1-37-e1518786004975.jpg?resize=600%2C424\" alt=\"\" width=\"600\" height=\"424\" data-recalc-dims=\"1\" \/><p id=\"caption-attachment-178619\" class=\"wp-caption-text\">A nova campanha estrelada por David Beckham<\/p><\/div>\n<div id=\"attachment_178620\" style=\"width: 610px\" class=\"wp-caption aligncenter\"><img aria-describedby=\"caption-attachment-178620\" data-attachment-id=\"178620\" data-permalink=\"https:\/\/agrund.com\/index.php\/a-nova-campanha-estrelada-por-david-beckham\/2-1240\/\" data-orig-file=\"https:\/\/i0.wp.com\/agrund.com\/wp-content\/uploads\/sites\/6\/2018\/02\/2-32-e1518786024436.jpg?fit=600%2C720&amp;ssl=1\" data-orig-size=\"600,720\" data-comments-opened=\"1\" data-image-meta=\"{&quot;aperture&quot;:&quot;0&quot;,&quot;credit&quot;:&quot;&quot;,&quot;camera&quot;:&quot;&quot;,&quot;caption&quot;:&quot;&quot;,&quot;created_timestamp&quot;:&quot;0&quot;,&quot;copyright&quot;:&quot;&quot;,&quot;focal_length&quot;:&quot;0&quot;,&quot;iso&quot;:&quot;0&quot;,&quot;shutter_speed&quot;:&quot;0&quot;,&quot;title&quot;:&quot;&quot;,&quot;orientation&quot;:&quot;0&quot;}\" data-image-title=\"A nova campanha estrelada por David Beckham\" data-image-description=\"\" data-image-caption=\"&lt;p&gt;A nova campanha estrelada por David Beckham&lt;\/p&gt;\n\" data-medium-file=\"https:\/\/i0.wp.com\/agrund.com\/wp-content\/uploads\/sites\/6\/2018\/02\/2-32-e1518786024436.jpg?fit=250%2C300&amp;ssl=1\" data-large-file=\"https:\/\/i0.wp.com\/agrund.com\/wp-content\/uploads\/sites\/6\/2018\/02\/2-32-e1518786024436.jpg?fit=600%2C720&amp;ssl=1\" decoding=\"async\" loading=\"lazy\" class=\"size-full wp-image-178620\" src=\"https:\/\/i0.wp.com\/www.agrund.com\/wp-content\/uploads\/sites\/6\/2018\/02\/2-32-e1518786024436.jpg?resize=600%2C720\" alt=\"\" width=\"600\" height=\"720\" data-recalc-dims=\"1\" \/><p id=\"caption-attachment-178620\" class=\"wp-caption-text\">A nova campanha estrelada por David Beckham<\/p><\/div>\n<div id=\"attachment_178621\" style=\"width: 610px\" class=\"wp-caption aligncenter\"><img aria-describedby=\"caption-attachment-178621\" data-attachment-id=\"178621\" data-permalink=\"https:\/\/agrund.com\/index.php\/a-nova-campanha-estrelada-por-david-beckham\/3-1157\/\" data-orig-file=\"https:\/\/i0.wp.com\/agrund.com\/wp-content\/uploads\/sites\/6\/2018\/02\/3-31-e1518786038935.jpg?fit=600%2C445&amp;ssl=1\" data-orig-size=\"600,445\" data-comments-opened=\"1\" data-image-meta=\"{&quot;aperture&quot;:&quot;0&quot;,&quot;credit&quot;:&quot;&quot;,&quot;camera&quot;:&quot;&quot;,&quot;caption&quot;:&quot;&quot;,&quot;created_timestamp&quot;:&quot;0&quot;,&quot;copyright&quot;:&quot;&quot;,&quot;focal_length&quot;:&quot;0&quot;,&quot;iso&quot;:&quot;0&quot;,&quot;shutter_speed&quot;:&quot;0&quot;,&quot;title&quot;:&quot;&quot;,&quot;orientation&quot;:&quot;0&quot;}\" data-image-title=\"A nova campanha estrelada por David Beckham\" data-image-description=\"\" data-image-caption=\"&lt;p&gt;A nova campanha estrelada por David Beckham&lt;\/p&gt;\n\" data-medium-file=\"https:\/\/i0.wp.com\/agrund.com\/wp-content\/uploads\/sites\/6\/2018\/02\/3-31-e1518786038935.jpg?fit=300%2C222&amp;ssl=1\" data-large-file=\"https:\/\/i0.wp.com\/agrund.com\/wp-content\/uploads\/sites\/6\/2018\/02\/3-31-e1518786038935.jpg?fit=600%2C445&amp;ssl=1\" decoding=\"async\" loading=\"lazy\" class=\"size-full wp-image-178621\" src=\"https:\/\/i0.wp.com\/www.agrund.com\/wp-content\/uploads\/sites\/6\/2018\/02\/3-31-e1518786038935.jpg?resize=600%2C445\" alt=\"\" width=\"600\" height=\"445\" data-recalc-dims=\"1\" \/><p id=\"caption-attachment-178621\" class=\"wp-caption-text\">A nova campanha estrelada por David Beckham<\/p><\/div>\n<p>Fotos: Reprodu\u00e7\u00e3o.<\/p>\n","protected":false},"excerpt":{"rendered":"<p>David Beckham tem mais uma campanha de moda para seu curr\u00edculo. Agora ele apresenta a cole\u00e7\u00e3o primavera\/ver\u00e3o 2018 da Kent &amp; Curwen, da qual \u00e9 parceiro de longa data. Fotografado por Willy Vanderperre, Beckham veste looks com refer\u00eancias esportivas, como a camisa de rugby com a bandeira brit\u00e2nica, o moletom de cetim e uma parka [&hellip;]<\/p>\n","protected":false},"author":8,"featured_media":178622,"comment_status":"open","ping_status":"open","sticky":false,"template":"","format":"standard","meta":{"jetpack_post_was_ever_published":false,"_jetpack_newsletter_access":"","jetpack_publicize_message":"","jetpack_is_tweetstorm":false,"jetpack_publicize_feature_enabled":true,"jetpack_social_post_already_shared":true,"jetpack_social_options":{"image_generator_settings":{"template":"highway","enabled":false}}},"categories":[2],"tags":[],"jetpack_publicize_connections":[],"jetpack_featured_media_url":"https:\/\/i0.wp.com\/agrund.com\/wp-content\/uploads\/sites\/6\/2018\/02\/s-47.jpg?fit=960%2C300&ssl=1","jetpack_sharing_enabled":true,"jetpack_shortlink":"https:\/\/wp.me\/p3Hz0n-KsW","jetpack_likes_enabled":true,"_links":{"self":[{"href":"https:\/\/agrund.com\/index.php\/wp-json\/wp\/v2\/posts\/178618"}],"collection":[{"href":"https:\/\/agrund.com\/index.php\/wp-json\/wp\/v2\/posts"}],"about":[{"href":"https:\/\/agrund.com\/index.php\/wp-json\/wp\/v2\/types\/post"}],"author":[{"embeddable":true,"href":"https:\/\/agrund.com\/index.php\/wp-json\/wp\/v2\/users\/8"}],"replies":[{"embeddable":true,"href":"https:\/\/agrund.com\/index.php\/wp-json\/wp\/v2\/comments?post=178618"}],"version-history":[{"count":0,"href":"https:\/\/agrund.com\/index.php\/wp-json\/wp\/v2\/posts\/178618\/revisions"}],"wp:featuredmedia":[{"embeddable":true,"href":"https:\/\/agrund.com\/index.php\/wp-json\/wp\/v2\/media\/178622"}],"wp:attachment":[{"href":"https:\/\/agrund.com\/index.php\/wp-json\/wp\/v2\/media?parent=178618"}],"wp:term":[{"taxonomy":"category","embeddable":true,"href":"https:\/\/agrund.com\/index.php\/wp-json\/wp\/v2\/categories?post=178618"},{"taxonomy":"post_tag","embeddable":true,"href":"https:\/\/agrund.com\/index.php\/wp-json\/wp\/v2\/tags?post=178618"}],"curies":[{"name":"wp","href":"https:\/\/api.w.org\/{rel}","templated":true}]}}