{"id":178579,"date":"2018-02-15T13:00:55","date_gmt":"2018-02-15T15:00:55","guid":{"rendered":"http:\/\/www.agrund.com\/?p=178579"},"modified":"2018-02-15T11:06:25","modified_gmt":"2018-02-15T13:06:25","slug":"selena-gomez-esta-radical-na-harpers-bazaar-us","status":"publish","type":"post","link":"https:\/\/agrund.com\/index.php\/selena-gomez-esta-radical-na-harpers-bazaar-us\/","title":{"rendered":"Selena Gomez est\u00e1 radical na &#8216;Harper&#8217;s Bazaar&#8217; US"},"content":{"rendered":"<p>A \u2018Harper\u2019s Bazaar\u2019 americana convocou Selena Gomez para estrelar a sua edi\u00e7\u00e3o de mar\u00e7o 2018.<\/p>\n<p>No clique principal a cantora \u00e9 s\u00f3 sorrisos em um vestido rosa da Coach 1941. J\u00e1 no editorial interno ela encara uma pista de corrida de motos. Radical e com um estilo impec\u00e1vel, Selena posa vestindo looks da Coach at\u00e9 na garupa de uma moto.<\/p>\n<p>A fotografia \u00e9 de Alexi Lubomirski. Confira:<\/p>\n<div id=\"attachment_178580\" style=\"width: 610px\" class=\"wp-caption aligncenter\"><img aria-describedby=\"caption-attachment-178580\" data-attachment-id=\"178580\" data-permalink=\"https:\/\/agrund.com\/index.php\/selena-gomez-esta-radical-na-harpers-bazaar-us\/1-1294\/\" data-orig-file=\"https:\/\/i0.wp.com\/agrund.com\/wp-content\/uploads\/sites\/6\/2018\/02\/1-32-e1518699824142.jpg?fit=600%2C735&amp;ssl=1\" data-orig-size=\"600,735\" data-comments-opened=\"1\" data-image-meta=\"{&quot;aperture&quot;:&quot;0&quot;,&quot;credit&quot;:&quot;&quot;,&quot;camera&quot;:&quot;&quot;,&quot;caption&quot;:&quot;&quot;,&quot;created_timestamp&quot;:&quot;0&quot;,&quot;copyright&quot;:&quot;&quot;,&quot;focal_length&quot;:&quot;0&quot;,&quot;iso&quot;:&quot;0&quot;,&quot;shutter_speed&quot;:&quot;0&quot;,&quot;title&quot;:&quot;&quot;,&quot;orientation&quot;:&quot;1&quot;}\" data-image-title=\"Selena Gomez est\u00e1 radical na &#8216;Harper&#8217;s Bazaar&#8217; US\" data-image-description=\"\" data-image-caption=\"&lt;p&gt;Selena Gomez est\u00e1 radical na &#8216;Harper&#8217;s Bazaar&#8217; US&lt;\/p&gt;\n\" data-medium-file=\"https:\/\/i0.wp.com\/agrund.com\/wp-content\/uploads\/sites\/6\/2018\/02\/1-32-e1518699824142.jpg?fit=245%2C300&amp;ssl=1\" data-large-file=\"https:\/\/i0.wp.com\/agrund.com\/wp-content\/uploads\/sites\/6\/2018\/02\/1-32-e1518699824142.jpg?fit=600%2C735&amp;ssl=1\" decoding=\"async\" loading=\"lazy\" class=\"size-full wp-image-178580\" src=\"https:\/\/i0.wp.com\/www.agrund.com\/wp-content\/uploads\/sites\/6\/2018\/02\/1-32-e1518699824142.jpg?resize=600%2C735\" alt=\"\" width=\"600\" height=\"735\" data-recalc-dims=\"1\" \/><p id=\"caption-attachment-178580\" class=\"wp-caption-text\">Selena Gomez est\u00e1 radical na &#8216;Harper&#8217;s Bazaar&#8217; US<\/p><\/div>\n<div id=\"attachment_178581\" style=\"width: 610px\" class=\"wp-caption aligncenter\"><img aria-describedby=\"caption-attachment-178581\" data-attachment-id=\"178581\" data-permalink=\"https:\/\/agrund.com\/index.php\/selena-gomez-esta-radical-na-harpers-bazaar-us\/2-1236\/\" data-orig-file=\"https:\/\/i0.wp.com\/agrund.com\/wp-content\/uploads\/sites\/6\/2018\/02\/2-28-e1518699836262.jpg?fit=600%2C819&amp;ssl=1\" data-orig-size=\"600,819\" data-comments-opened=\"1\" data-image-meta=\"{&quot;aperture&quot;:&quot;0&quot;,&quot;credit&quot;:&quot;&quot;,&quot;camera&quot;:&quot;&quot;,&quot;caption&quot;:&quot;&quot;,&quot;created_timestamp&quot;:&quot;0&quot;,&quot;copyright&quot;:&quot;&quot;,&quot;focal_length&quot;:&quot;0&quot;,&quot;iso&quot;:&quot;0&quot;,&quot;shutter_speed&quot;:&quot;0&quot;,&quot;title&quot;:&quot;&quot;,&quot;orientation&quot;:&quot;1&quot;}\" data-image-title=\"Selena Gomez est\u00e1 radical na &#8216;Harper&#8217;s Bazaar&#8217; US\" data-image-description=\"\" data-image-caption=\"&lt;p&gt;Selena Gomez est\u00e1 radical na &#8216;Harper&#8217;s Bazaar&#8217; US&lt;\/p&gt;\n\" data-medium-file=\"https:\/\/i0.wp.com\/agrund.com\/wp-content\/uploads\/sites\/6\/2018\/02\/2-28-e1518699836262.jpg?fit=220%2C300&amp;ssl=1\" data-large-file=\"https:\/\/i0.wp.com\/agrund.com\/wp-content\/uploads\/sites\/6\/2018\/02\/2-28-e1518699836262.jpg?fit=750%2C1024&amp;ssl=1\" decoding=\"async\" loading=\"lazy\" class=\"size-full wp-image-178581\" src=\"https:\/\/i0.wp.com\/www.agrund.com\/wp-content\/uploads\/sites\/6\/2018\/02\/2-28-e1518699836262.jpg?resize=600%2C819\" alt=\"\" width=\"600\" height=\"819\" data-recalc-dims=\"1\" \/><p id=\"caption-attachment-178581\" class=\"wp-caption-text\">Selena Gomez est\u00e1 radical na &#8216;Harper&#8217;s Bazaar&#8217; US<\/p><\/div>\n<div id=\"attachment_178582\" style=\"width: 610px\" class=\"wp-caption aligncenter\"><img aria-describedby=\"caption-attachment-178582\" data-attachment-id=\"178582\" data-permalink=\"https:\/\/agrund.com\/index.php\/selena-gomez-esta-radical-na-harpers-bazaar-us\/3-1153\/\" data-orig-file=\"https:\/\/i0.wp.com\/agrund.com\/wp-content\/uploads\/sites\/6\/2018\/02\/3-27-e1518699851882.jpg?fit=600%2C725&amp;ssl=1\" data-orig-size=\"600,725\" data-comments-opened=\"1\" data-image-meta=\"{&quot;aperture&quot;:&quot;0&quot;,&quot;credit&quot;:&quot;&quot;,&quot;camera&quot;:&quot;&quot;,&quot;caption&quot;:&quot;&quot;,&quot;created_timestamp&quot;:&quot;0&quot;,&quot;copyright&quot;:&quot;&quot;,&quot;focal_length&quot;:&quot;0&quot;,&quot;iso&quot;:&quot;0&quot;,&quot;shutter_speed&quot;:&quot;0&quot;,&quot;title&quot;:&quot;&quot;,&quot;orientation&quot;:&quot;1&quot;}\" data-image-title=\"Selena Gomez est\u00e1 radical na &#8216;Harper&#8217;s Bazaar&#8217; US\" data-image-description=\"\" data-image-caption=\"&lt;p&gt;Selena Gomez est\u00e1 radical na &#8216;Harper&#8217;s Bazaar&#8217; US&lt;\/p&gt;\n\" data-medium-file=\"https:\/\/i0.wp.com\/agrund.com\/wp-content\/uploads\/sites\/6\/2018\/02\/3-27-e1518699851882.jpg?fit=248%2C300&amp;ssl=1\" data-large-file=\"https:\/\/i0.wp.com\/agrund.com\/wp-content\/uploads\/sites\/6\/2018\/02\/3-27-e1518699851882.jpg?fit=600%2C725&amp;ssl=1\" decoding=\"async\" loading=\"lazy\" class=\"size-full wp-image-178582\" src=\"https:\/\/i0.wp.com\/www.agrund.com\/wp-content\/uploads\/sites\/6\/2018\/02\/3-27-e1518699851882.jpg?resize=600%2C725\" alt=\"\" width=\"600\" height=\"725\" data-recalc-dims=\"1\" \/><p id=\"caption-attachment-178582\" class=\"wp-caption-text\">Selena Gomez est\u00e1 radical na &#8216;Harper&#8217;s Bazaar&#8217; US<\/p><\/div>\n<div id=\"attachment_178583\" style=\"width: 610px\" class=\"wp-caption aligncenter\"><img aria-describedby=\"caption-attachment-178583\" data-attachment-id=\"178583\" data-permalink=\"https:\/\/agrund.com\/index.php\/selena-gomez-esta-radical-na-harpers-bazaar-us\/4-1061\/\" data-orig-file=\"https:\/\/i0.wp.com\/agrund.com\/wp-content\/uploads\/sites\/6\/2018\/02\/4-23-e1518699865611.jpg?fit=600%2C731&amp;ssl=1\" data-orig-size=\"600,731\" data-comments-opened=\"1\" data-image-meta=\"{&quot;aperture&quot;:&quot;0&quot;,&quot;credit&quot;:&quot;&quot;,&quot;camera&quot;:&quot;&quot;,&quot;caption&quot;:&quot;&quot;,&quot;created_timestamp&quot;:&quot;0&quot;,&quot;copyright&quot;:&quot;&quot;,&quot;focal_length&quot;:&quot;0&quot;,&quot;iso&quot;:&quot;0&quot;,&quot;shutter_speed&quot;:&quot;0&quot;,&quot;title&quot;:&quot;&quot;,&quot;orientation&quot;:&quot;1&quot;}\" data-image-title=\"Selena Gomez est\u00e1 radical na &#8216;Harper&#8217;s Bazaar&#8217; US\" data-image-description=\"\" data-image-caption=\"&lt;p&gt;Selena Gomez est\u00e1 radical na &#8216;Harper&#8217;s Bazaar&#8217; US&lt;\/p&gt;\n\" data-medium-file=\"https:\/\/i0.wp.com\/agrund.com\/wp-content\/uploads\/sites\/6\/2018\/02\/4-23-e1518699865611.jpg?fit=246%2C300&amp;ssl=1\" data-large-file=\"https:\/\/i0.wp.com\/agrund.com\/wp-content\/uploads\/sites\/6\/2018\/02\/4-23-e1518699865611.jpg?fit=600%2C731&amp;ssl=1\" decoding=\"async\" loading=\"lazy\" class=\"size-full wp-image-178583\" src=\"https:\/\/i0.wp.com\/www.agrund.com\/wp-content\/uploads\/sites\/6\/2018\/02\/4-23-e1518699865611.jpg?resize=600%2C731\" alt=\"\" width=\"600\" height=\"731\" data-recalc-dims=\"1\" \/><p id=\"caption-attachment-178583\" class=\"wp-caption-text\">Selena Gomez est\u00e1 radical na &#8216;Harper&#8217;s Bazaar&#8217; US<\/p><\/div>\n<div id=\"attachment_178584\" style=\"width: 610px\" class=\"wp-caption aligncenter\"><img aria-describedby=\"caption-attachment-178584\" data-attachment-id=\"178584\" data-permalink=\"https:\/\/agrund.com\/index.php\/selena-gomez-esta-radical-na-harpers-bazaar-us\/5-950\/\" data-orig-file=\"https:\/\/i0.wp.com\/agrund.com\/wp-content\/uploads\/sites\/6\/2018\/02\/5-11-e1518699878322.jpg?fit=600%2C731&amp;ssl=1\" data-orig-size=\"600,731\" data-comments-opened=\"1\" data-image-meta=\"{&quot;aperture&quot;:&quot;0&quot;,&quot;credit&quot;:&quot;&quot;,&quot;camera&quot;:&quot;&quot;,&quot;caption&quot;:&quot;&quot;,&quot;created_timestamp&quot;:&quot;0&quot;,&quot;copyright&quot;:&quot;&quot;,&quot;focal_length&quot;:&quot;0&quot;,&quot;iso&quot;:&quot;0&quot;,&quot;shutter_speed&quot;:&quot;0&quot;,&quot;title&quot;:&quot;&quot;,&quot;orientation&quot;:&quot;1&quot;}\" data-image-title=\"Selena Gomez est\u00e1 radical na &#8216;Harper&#8217;s Bazaar&#8217; US\" data-image-description=\"\" data-image-caption=\"&lt;p&gt;Selena Gomez est\u00e1 radical na &#8216;Harper&#8217;s Bazaar&#8217; US&lt;\/p&gt;\n\" data-medium-file=\"https:\/\/i0.wp.com\/agrund.com\/wp-content\/uploads\/sites\/6\/2018\/02\/5-11-e1518699878322.jpg?fit=246%2C300&amp;ssl=1\" data-large-file=\"https:\/\/i0.wp.com\/agrund.com\/wp-content\/uploads\/sites\/6\/2018\/02\/5-11-e1518699878322.jpg?fit=600%2C731&amp;ssl=1\" decoding=\"async\" loading=\"lazy\" class=\"size-full wp-image-178584\" src=\"https:\/\/i0.wp.com\/www.agrund.com\/wp-content\/uploads\/sites\/6\/2018\/02\/5-11-e1518699878322.jpg?resize=600%2C731\" alt=\"\" width=\"600\" height=\"731\" data-recalc-dims=\"1\" \/><p id=\"caption-attachment-178584\" class=\"wp-caption-text\">Selena Gomez est\u00e1 radical na &#8216;Harper&#8217;s Bazaar&#8217; US<\/p><\/div>\n<p>Fotos: Reprodu\u00e7\u00e3o.<\/p>\n","protected":false},"excerpt":{"rendered":"<p>A \u2018Harper\u2019s Bazaar\u2019 americana convocou Selena Gomez para estrelar a sua edi\u00e7\u00e3o de mar\u00e7o 2018. No clique principal a cantora \u00e9 s\u00f3 sorrisos em um vestido rosa da Coach 1941. J\u00e1 no editorial interno ela encara uma pista de corrida de motos. Radical e com um estilo impec\u00e1vel, Selena posa vestindo looks da Coach at\u00e9 [&hellip;]<\/p>\n","protected":false},"author":8,"featured_media":178585,"comment_status":"open","ping_status":"open","sticky":false,"template":"","format":"standard","meta":{"jetpack_post_was_ever_published":false,"_jetpack_newsletter_access":"","jetpack_publicize_message":"","jetpack_is_tweetstorm":false,"jetpack_publicize_feature_enabled":true,"jetpack_social_post_already_shared":true,"jetpack_social_options":{"image_generator_settings":{"template":"highway","enabled":false}}},"categories":[2],"tags":[],"jetpack_publicize_connections":[],"jetpack_featured_media_url":"https:\/\/i0.wp.com\/agrund.com\/wp-content\/uploads\/sites\/6\/2018\/02\/s-42.jpg?fit=960%2C300&ssl=1","jetpack_sharing_enabled":true,"jetpack_shortlink":"https:\/\/wp.me\/p3Hz0n-Ksj","jetpack_likes_enabled":true,"_links":{"self":[{"href":"https:\/\/agrund.com\/index.php\/wp-json\/wp\/v2\/posts\/178579"}],"collection":[{"href":"https:\/\/agrund.com\/index.php\/wp-json\/wp\/v2\/posts"}],"about":[{"href":"https:\/\/agrund.com\/index.php\/wp-json\/wp\/v2\/types\/post"}],"author":[{"embeddable":true,"href":"https:\/\/agrund.com\/index.php\/wp-json\/wp\/v2\/users\/8"}],"replies":[{"embeddable":true,"href":"https:\/\/agrund.com\/index.php\/wp-json\/wp\/v2\/comments?post=178579"}],"version-history":[{"count":0,"href":"https:\/\/agrund.com\/index.php\/wp-json\/wp\/v2\/posts\/178579\/revisions"}],"wp:featuredmedia":[{"embeddable":true,"href":"https:\/\/agrund.com\/index.php\/wp-json\/wp\/v2\/media\/178585"}],"wp:attachment":[{"href":"https:\/\/agrund.com\/index.php\/wp-json\/wp\/v2\/media?parent=178579"}],"wp:term":[{"taxonomy":"category","embeddable":true,"href":"https:\/\/agrund.com\/index.php\/wp-json\/wp\/v2\/categories?post=178579"},{"taxonomy":"post_tag","embeddable":true,"href":"https:\/\/agrund.com\/index.php\/wp-json\/wp\/v2\/tags?post=178579"}],"curies":[{"name":"wp","href":"https:\/\/api.w.org\/{rel}","templated":true}]}}