{"id":178574,"date":"2018-02-15T11:00:56","date_gmt":"2018-02-15T13:00:56","guid":{"rendered":"http:\/\/www.agrund.com\/?p=178574"},"modified":"2018-02-15T10:40:30","modified_gmt":"2018-02-15T12:40:30","slug":"carolina-herrera-deixa-a-direcao-criativa-de-sua-marca","status":"publish","type":"post","link":"https:\/\/agrund.com\/index.php\/carolina-herrera-deixa-a-direcao-criativa-de-sua-marca\/","title":{"rendered":"Carolina Herrera deixa a dire\u00e7\u00e3o criativa de sua marca"},"content":{"rendered":"<p>\u00c9 isso mesmo. Depois de 37 anos, Carolina Herrera acaba de deixar a dire\u00e7\u00e3o criativa de sua marca hom\u00f4nima. A decis\u00e3o foi revelada em primeira m\u00e3o ao \u2018The New York Times\u2019 e o desfile da marca na semana de moda de Nova York foi a celebra\u00e7\u00e3o desse ciclo.<\/p>\n<p>A partir de agora, Carolina ser\u00e1 a embaixadora global da etiqueta e continuar\u00e1 \u00e0 frente de algumas atividades diplom\u00e1ticas em nome da grife.<\/p>\n<p>Quem ocupa o cargo de diretor criativo da Carolina Herrera \u00e9 o norte-americano Wes Gordon. Desejamos muita sorte!<\/p>\n<div id=\"attachment_178575\" style=\"width: 610px\" class=\"wp-caption aligncenter\"><img aria-describedby=\"caption-attachment-178575\" data-attachment-id=\"178575\" data-permalink=\"https:\/\/agrund.com\/index.php\/carolina-herrera-deixa-a-direcao-criativa-de-sua-marca\/1-1293\/\" data-orig-file=\"https:\/\/i0.wp.com\/agrund.com\/wp-content\/uploads\/sites\/6\/2018\/02\/1-31-e1518698379921.jpg?fit=600%2C809&amp;ssl=1\" data-orig-size=\"600,809\" data-comments-opened=\"1\" data-image-meta=\"{&quot;aperture&quot;:&quot;0&quot;,&quot;credit&quot;:&quot;&quot;,&quot;camera&quot;:&quot;&quot;,&quot;caption&quot;:&quot;&quot;,&quot;created_timestamp&quot;:&quot;0&quot;,&quot;copyright&quot;:&quot;&quot;,&quot;focal_length&quot;:&quot;0&quot;,&quot;iso&quot;:&quot;0&quot;,&quot;shutter_speed&quot;:&quot;0&quot;,&quot;title&quot;:&quot;&quot;,&quot;orientation&quot;:&quot;0&quot;}\" data-image-title=\"Carolina Herrera deixa a dire\u00e7\u00e3o criativa de sua marca\" data-image-description=\"\" data-image-caption=\"&lt;p&gt;Carolina Herrera deixa a dire\u00e7\u00e3o criativa de sua marca&lt;\/p&gt;\n\" data-medium-file=\"https:\/\/i0.wp.com\/agrund.com\/wp-content\/uploads\/sites\/6\/2018\/02\/1-31-e1518698379921.jpg?fit=223%2C300&amp;ssl=1\" data-large-file=\"https:\/\/i0.wp.com\/agrund.com\/wp-content\/uploads\/sites\/6\/2018\/02\/1-31-e1518698379921.jpg?fit=759%2C1024&amp;ssl=1\" decoding=\"async\" loading=\"lazy\" class=\"size-full wp-image-178575\" src=\"https:\/\/i0.wp.com\/www.agrund.com\/wp-content\/uploads\/sites\/6\/2018\/02\/1-31-e1518698379921.jpg?resize=600%2C809\" alt=\"\" width=\"600\" height=\"809\" data-recalc-dims=\"1\" \/><p id=\"caption-attachment-178575\" class=\"wp-caption-text\">Carolina Herrera deixa a dire\u00e7\u00e3o criativa de sua marca<\/p><\/div>\n<p>Foto: Reprodu\u00e7\u00e3o.<\/p>\n","protected":false},"excerpt":{"rendered":"<p>\u00c9 isso mesmo. Depois de 37 anos, Carolina Herrera acaba de deixar a dire\u00e7\u00e3o criativa de sua marca hom\u00f4nima. A decis\u00e3o foi revelada em primeira m\u00e3o ao \u2018The New York Times\u2019 e o desfile da marca na semana de moda de Nova York foi a celebra\u00e7\u00e3o desse ciclo. A partir de agora, Carolina ser\u00e1 a [&hellip;]<\/p>\n","protected":false},"author":8,"featured_media":178577,"comment_status":"open","ping_status":"open","sticky":false,"template":"","format":"standard","meta":{"jetpack_post_was_ever_published":false,"_jetpack_newsletter_access":"","jetpack_publicize_message":"","jetpack_is_tweetstorm":false,"jetpack_publicize_feature_enabled":true,"jetpack_social_post_already_shared":true,"jetpack_social_options":{"image_generator_settings":{"template":"highway","enabled":false}}},"categories":[2],"tags":[],"jetpack_publicize_connections":[],"jetpack_featured_media_url":"https:\/\/i0.wp.com\/agrund.com\/wp-content\/uploads\/sites\/6\/2018\/02\/s-41.jpg?fit=960%2C300&ssl=1","jetpack_sharing_enabled":true,"jetpack_shortlink":"https:\/\/wp.me\/p3Hz0n-Kse","jetpack_likes_enabled":true,"_links":{"self":[{"href":"https:\/\/agrund.com\/index.php\/wp-json\/wp\/v2\/posts\/178574"}],"collection":[{"href":"https:\/\/agrund.com\/index.php\/wp-json\/wp\/v2\/posts"}],"about":[{"href":"https:\/\/agrund.com\/index.php\/wp-json\/wp\/v2\/types\/post"}],"author":[{"embeddable":true,"href":"https:\/\/agrund.com\/index.php\/wp-json\/wp\/v2\/users\/8"}],"replies":[{"embeddable":true,"href":"https:\/\/agrund.com\/index.php\/wp-json\/wp\/v2\/comments?post=178574"}],"version-history":[{"count":0,"href":"https:\/\/agrund.com\/index.php\/wp-json\/wp\/v2\/posts\/178574\/revisions"}],"wp:featuredmedia":[{"embeddable":true,"href":"https:\/\/agrund.com\/index.php\/wp-json\/wp\/v2\/media\/178577"}],"wp:attachment":[{"href":"https:\/\/agrund.com\/index.php\/wp-json\/wp\/v2\/media?parent=178574"}],"wp:term":[{"taxonomy":"category","embeddable":true,"href":"https:\/\/agrund.com\/index.php\/wp-json\/wp\/v2\/categories?post=178574"},{"taxonomy":"post_tag","embeddable":true,"href":"https:\/\/agrund.com\/index.php\/wp-json\/wp\/v2\/tags?post=178574"}],"curies":[{"name":"wp","href":"https:\/\/api.w.org\/{rel}","templated":true}]}}