{"id":178508,"date":"2018-02-09T16:00:45","date_gmt":"2018-02-09T18:00:45","guid":{"rendered":"http:\/\/www.agrund.com\/?p=178508"},"modified":"2018-02-09T16:23:21","modified_gmt":"2018-02-09T18:23:21","slug":"vogue-italia-desconstruindo-gisele-bundchen","status":"publish","type":"post","link":"https:\/\/agrund.com\/index.php\/vogue-italia-desconstruindo-gisele-bundchen\/","title":{"rendered":"Vogue It\u00e1lia desconstruindo Gisele B\u00fcndchen"},"content":{"rendered":"<p>Por Let\u00edcia Santana<\/p>\n<p>A edi\u00e7\u00e3o de fevereiro da &#8216;Vogue It\u00e1lia&#8217; dominou as redes sociais e encantou atrav\u00e9s da simplicidade. O motivo? Gisele B\u00fcndchen, que foi capa da edi\u00e7\u00e3o, posou sem maquiagem usando apenas roupas escolhidas pela mesma. Ao abrir a porta da sua casa em Boston, que vive com seus filhos e marido, as fotos refletem \u201cUm domingo com Gisele\u201d, como a pr\u00f3pria chamada da mat\u00e9ria sugere.<\/p>\n<div id=\"attachment_178509\" style=\"width: 610px\" class=\"wp-caption aligncenter\"><img aria-describedby=\"caption-attachment-178509\" data-attachment-id=\"178509\" data-permalink=\"https:\/\/agrund.com\/index.php\/vogue-italia-desconstruindo-gisele-bundchen\/vogue-italia-capas-com-gisele\/\" data-orig-file=\"https:\/\/i0.wp.com\/agrund.com\/wp-content\/uploads\/sites\/6\/2018\/02\/Vogue-Ita\u0301lia-capas-com-Gisele-e1518199491111.png?fit=600%2C372&amp;ssl=1\" data-orig-size=\"600,372\" data-comments-opened=\"1\" data-image-meta=\"{&quot;aperture&quot;:&quot;0&quot;,&quot;credit&quot;:&quot;&quot;,&quot;camera&quot;:&quot;&quot;,&quot;caption&quot;:&quot;&quot;,&quot;created_timestamp&quot;:&quot;0&quot;,&quot;copyright&quot;:&quot;&quot;,&quot;focal_length&quot;:&quot;0&quot;,&quot;iso&quot;:&quot;0&quot;,&quot;shutter_speed&quot;:&quot;0&quot;,&quot;title&quot;:&quot;&quot;,&quot;orientation&quot;:&quot;0&quot;}\" data-image-title=\"Vogue It\u00e1lia desconstruindo Gisele B\u00fcndchen\" data-image-description=\"\" data-image-caption=\"&lt;p&gt;Vogue It\u00e1lia desconstruindo Gisele B\u00fcndchen&lt;\/p&gt;\n\" data-medium-file=\"https:\/\/i0.wp.com\/agrund.com\/wp-content\/uploads\/sites\/6\/2018\/02\/Vogue-Ita\u0301lia-capas-com-Gisele-e1518199491111.png?fit=300%2C186&amp;ssl=1\" data-large-file=\"https:\/\/i0.wp.com\/agrund.com\/wp-content\/uploads\/sites\/6\/2018\/02\/Vogue-Ita\u0301lia-capas-com-Gisele-e1518199491111.png?fit=600%2C372&amp;ssl=1\" decoding=\"async\" loading=\"lazy\" class=\"size-full wp-image-178509\" src=\"https:\/\/i0.wp.com\/www.agrund.com\/wp-content\/uploads\/sites\/6\/2018\/02\/Vogue-Ita\u0301lia-capas-com-Gisele-e1518199491111.png?resize=600%2C372\" alt=\"\" width=\"600\" height=\"372\" data-recalc-dims=\"1\" \/><p id=\"caption-attachment-178509\" class=\"wp-caption-text\">Vogue It\u00e1lia desconstruindo Gisele B\u00fcndchen<\/p><\/div>\n<p>Fotografada pelo brit\u00e2nico Jamie Hawkesworth, B\u00fcndchen \u00e9 a primeira modelo a aparecer de cara lavada na capa da publica\u00e7\u00e3o em 54 anos. As fotos em clima intimista, feitas apenas com ilumina\u00e7\u00e3o natural, desconstr\u00f3i o glamour criado em cima de Gisele e mostra a musa vestindo at\u00e9 moletom e pantufa.<\/p>\n<div id=\"attachment_178511\" style=\"width: 609px\" class=\"wp-caption aligncenter\"><img aria-describedby=\"caption-attachment-178511\" data-attachment-id=\"178511\" data-permalink=\"https:\/\/agrund.com\/index.php\/vogue-italia-desconstruindo-gisele-bundchen\/vogue-italia-gisele-2\/\" data-orig-file=\"https:\/\/i0.wp.com\/agrund.com\/wp-content\/uploads\/sites\/6\/2018\/02\/Vogue-Ita\u0301lia-Gisele-2.png?fit=599%2C477&amp;ssl=1\" data-orig-size=\"599,477\" data-comments-opened=\"1\" data-image-meta=\"{&quot;aperture&quot;:&quot;0&quot;,&quot;credit&quot;:&quot;&quot;,&quot;camera&quot;:&quot;&quot;,&quot;caption&quot;:&quot;&quot;,&quot;created_timestamp&quot;:&quot;0&quot;,&quot;copyright&quot;:&quot;&quot;,&quot;focal_length&quot;:&quot;0&quot;,&quot;iso&quot;:&quot;0&quot;,&quot;shutter_speed&quot;:&quot;0&quot;,&quot;title&quot;:&quot;&quot;,&quot;orientation&quot;:&quot;0&quot;}\" data-image-title=\"Vogue It\u00e1lia desconstruindo Gisele B\u00fcndchen\" data-image-description=\"\" data-image-caption=\"&lt;p&gt;Vogue It\u00e1lia desconstruindo Gisele B\u00fcndchen&lt;\/p&gt;\n\" data-medium-file=\"https:\/\/i0.wp.com\/agrund.com\/wp-content\/uploads\/sites\/6\/2018\/02\/Vogue-Ita\u0301lia-Gisele-2.png?fit=300%2C239&amp;ssl=1\" data-large-file=\"https:\/\/i0.wp.com\/agrund.com\/wp-content\/uploads\/sites\/6\/2018\/02\/Vogue-Ita\u0301lia-Gisele-2.png?fit=599%2C477&amp;ssl=1\" decoding=\"async\" loading=\"lazy\" class=\"size-full wp-image-178511\" src=\"https:\/\/i0.wp.com\/www.agrund.com\/wp-content\/uploads\/sites\/6\/2018\/02\/Vogue-Ita\u0301lia-Gisele-2.png?resize=599%2C477\" alt=\"\" width=\"599\" height=\"477\" srcset=\"https:\/\/i0.wp.com\/agrund.com\/wp-content\/uploads\/sites\/6\/2018\/02\/Vogue-Ita\u0301lia-Gisele-2.png?w=599&amp;ssl=1 599w, https:\/\/i0.wp.com\/agrund.com\/wp-content\/uploads\/sites\/6\/2018\/02\/Vogue-Ita\u0301lia-Gisele-2.png?resize=300%2C239&amp;ssl=1 300w\" sizes=\"(max-width: 599px) 100vw, 599px\" data-recalc-dims=\"1\" \/><p id=\"caption-attachment-178511\" class=\"wp-caption-text\">Vogue It\u00e1lia desconstruindo Gisele B\u00fcndchen<\/p><\/div>\n<p>\u201cEla irradia uma mistura inebriante de sinceridade e otimismo que deixa claro o motivo para que ela seja a modelo mais poderosa do mundo: uma mulher cujo endosso n\u00e3o apenas levanta o perfil de uma marca, levanta o pre\u00e7o da a\u00e7\u00e3o da empresa. H\u00e1, afinal, muitas mulheres bonitas no mundo. Mas, h\u00e1 apenas uma Gisele\u201d ressalta Richard Mason, autor sul-africano que realizou a entrevista.<\/p>\n<div id=\"attachment_178510\" style=\"width: 610px\" class=\"wp-caption aligncenter\"><img aria-describedby=\"caption-attachment-178510\" data-attachment-id=\"178510\" data-permalink=\"https:\/\/agrund.com\/index.php\/vogue-italia-desconstruindo-gisele-bundchen\/vogue-italia-fotos-com-gisele-1\/\" data-orig-file=\"https:\/\/i0.wp.com\/agrund.com\/wp-content\/uploads\/sites\/6\/2018\/02\/Vogue-Ita\u0301lia-fotos-com-Gisele-1-e1518199545787.png?fit=600%2C375&amp;ssl=1\" data-orig-size=\"600,375\" data-comments-opened=\"1\" data-image-meta=\"{&quot;aperture&quot;:&quot;0&quot;,&quot;credit&quot;:&quot;&quot;,&quot;camera&quot;:&quot;&quot;,&quot;caption&quot;:&quot;&quot;,&quot;created_timestamp&quot;:&quot;0&quot;,&quot;copyright&quot;:&quot;&quot;,&quot;focal_length&quot;:&quot;0&quot;,&quot;iso&quot;:&quot;0&quot;,&quot;shutter_speed&quot;:&quot;0&quot;,&quot;title&quot;:&quot;&quot;,&quot;orientation&quot;:&quot;0&quot;}\" data-image-title=\"Vogue It\u00e1lia desconstruindo Gisele B\u00fcndchen\" data-image-description=\"\" data-image-caption=\"&lt;p&gt;Vogue It\u00e1lia desconstruindo Gisele B\u00fcndchen&lt;\/p&gt;\n\" data-medium-file=\"https:\/\/i0.wp.com\/agrund.com\/wp-content\/uploads\/sites\/6\/2018\/02\/Vogue-Ita\u0301lia-fotos-com-Gisele-1-e1518199545787.png?fit=300%2C188&amp;ssl=1\" data-large-file=\"https:\/\/i0.wp.com\/agrund.com\/wp-content\/uploads\/sites\/6\/2018\/02\/Vogue-Ita\u0301lia-fotos-com-Gisele-1-e1518199545787.png?fit=600%2C375&amp;ssl=1\" decoding=\"async\" loading=\"lazy\" class=\"size-full wp-image-178510\" src=\"https:\/\/i0.wp.com\/www.agrund.com\/wp-content\/uploads\/sites\/6\/2018\/02\/Vogue-Ita\u0301lia-fotos-com-Gisele-1-e1518199545787.png?resize=600%2C375\" alt=\"\" width=\"600\" height=\"375\" data-recalc-dims=\"1\" \/><p id=\"caption-attachment-178510\" class=\"wp-caption-text\">Vogue It\u00e1lia desconstruindo Gisele B\u00fcndchen<\/p><\/div>\n<p>&#8220;Eu estudei todas as diferentes religi\u00f5es. Budismo, Tao\u00edsmo, Cabal\u00e1&#8230; Estou sempre \u00e0 procura de tentar descobrir \u2018Quem sou eu? Por que estou aqui?\u2019. Eu acredito que somos seres espirituais, eu acredito que a Terra \u00e9 uma bela escola para n\u00f3s. Eu tenho o poder de comunicar e espero trazer mais consci\u00eancia\u201d afirma Gisele na publica\u00e7\u00e3o.<\/p>\n<div id=\"attachment_178512\" style=\"width: 610px\" class=\"wp-caption aligncenter\"><img aria-describedby=\"caption-attachment-178512\" data-attachment-id=\"178512\" data-permalink=\"https:\/\/agrund.com\/index.php\/vogue-italia-desconstruindo-gisele-bundchen\/vogue-italia-gisele-3\/\" data-orig-file=\"https:\/\/i0.wp.com\/agrund.com\/wp-content\/uploads\/sites\/6\/2018\/02\/Vogue-Ita\u0301lia-Gisele-3-e1518199523769.png?fit=600%2C452&amp;ssl=1\" data-orig-size=\"600,452\" data-comments-opened=\"1\" data-image-meta=\"{&quot;aperture&quot;:&quot;0&quot;,&quot;credit&quot;:&quot;&quot;,&quot;camera&quot;:&quot;&quot;,&quot;caption&quot;:&quot;&quot;,&quot;created_timestamp&quot;:&quot;0&quot;,&quot;copyright&quot;:&quot;&quot;,&quot;focal_length&quot;:&quot;0&quot;,&quot;iso&quot;:&quot;0&quot;,&quot;shutter_speed&quot;:&quot;0&quot;,&quot;title&quot;:&quot;&quot;,&quot;orientation&quot;:&quot;0&quot;}\" data-image-title=\"Vogue It\u00e1lia desconstruindo Gisele B\u00fcndchen\" data-image-description=\"\" data-image-caption=\"&lt;p&gt;Vogue It\u00e1lia desconstruindo Gisele B\u00fcndchen&lt;\/p&gt;\n\" data-medium-file=\"https:\/\/i0.wp.com\/agrund.com\/wp-content\/uploads\/sites\/6\/2018\/02\/Vogue-Ita\u0301lia-Gisele-3-e1518199523769.png?fit=300%2C226&amp;ssl=1\" data-large-file=\"https:\/\/i0.wp.com\/agrund.com\/wp-content\/uploads\/sites\/6\/2018\/02\/Vogue-Ita\u0301lia-Gisele-3-e1518199523769.png?fit=600%2C452&amp;ssl=1\" decoding=\"async\" loading=\"lazy\" class=\"size-full wp-image-178512\" src=\"https:\/\/i0.wp.com\/www.agrund.com\/wp-content\/uploads\/sites\/6\/2018\/02\/Vogue-Ita\u0301lia-Gisele-3-e1518199523769.png?resize=600%2C452\" alt=\"\" width=\"600\" height=\"452\" data-recalc-dims=\"1\" \/><p id=\"caption-attachment-178512\" class=\"wp-caption-text\">Vogue It\u00e1lia desconstruindo Gisele B\u00fcndchen<\/p><\/div>\n<p>Mais em <a href=\"http:\/\/borboletavintage.com.br\/\">Borboleta Vintage<\/a>.<br \/>\nInstagram: <a href=\"https:\/\/www.instagram.com\/borboletavintage\/\">@borboletavintage<\/a><\/p>\n<p>Fotos: Reprodu\u00e7\u00e3o.<\/p>\n","protected":false},"excerpt":{"rendered":"<p>Por Let\u00edcia Santana A edi\u00e7\u00e3o de fevereiro da &#8216;Vogue It\u00e1lia&#8217; dominou as redes sociais e encantou atrav\u00e9s da simplicidade. O motivo? Gisele B\u00fcndchen, que foi capa da edi\u00e7\u00e3o, posou sem maquiagem usando apenas roupas escolhidas pela mesma. Ao abrir a porta da sua casa em Boston, que vive com seus filhos e marido, as fotos [&hellip;]<\/p>\n","protected":false},"author":8,"featured_media":178514,"comment_status":"open","ping_status":"open","sticky":false,"template":"","format":"standard","meta":{"jetpack_post_was_ever_published":false,"_jetpack_newsletter_access":"","jetpack_publicize_message":"","jetpack_is_tweetstorm":false,"jetpack_publicize_feature_enabled":true,"jetpack_social_post_already_shared":true,"jetpack_social_options":{"image_generator_settings":{"template":"highway","enabled":false}}},"categories":[2],"tags":[],"jetpack_publicize_connections":[],"jetpack_featured_media_url":"https:\/\/i0.wp.com\/agrund.com\/wp-content\/uploads\/sites\/6\/2018\/02\/s-38.jpg?fit=960%2C300&ssl=1","jetpack_sharing_enabled":true,"jetpack_shortlink":"https:\/\/wp.me\/p3Hz0n-Kra","jetpack_likes_enabled":true,"_links":{"self":[{"href":"https:\/\/agrund.com\/index.php\/wp-json\/wp\/v2\/posts\/178508"}],"collection":[{"href":"https:\/\/agrund.com\/index.php\/wp-json\/wp\/v2\/posts"}],"about":[{"href":"https:\/\/agrund.com\/index.php\/wp-json\/wp\/v2\/types\/post"}],"author":[{"embeddable":true,"href":"https:\/\/agrund.com\/index.php\/wp-json\/wp\/v2\/users\/8"}],"replies":[{"embeddable":true,"href":"https:\/\/agrund.com\/index.php\/wp-json\/wp\/v2\/comments?post=178508"}],"version-history":[{"count":0,"href":"https:\/\/agrund.com\/index.php\/wp-json\/wp\/v2\/posts\/178508\/revisions"}],"wp:featuredmedia":[{"embeddable":true,"href":"https:\/\/agrund.com\/index.php\/wp-json\/wp\/v2\/media\/178514"}],"wp:attachment":[{"href":"https:\/\/agrund.com\/index.php\/wp-json\/wp\/v2\/media?parent=178508"}],"wp:term":[{"taxonomy":"category","embeddable":true,"href":"https:\/\/agrund.com\/index.php\/wp-json\/wp\/v2\/categories?post=178508"},{"taxonomy":"post_tag","embeddable":true,"href":"https:\/\/agrund.com\/index.php\/wp-json\/wp\/v2\/tags?post=178508"}],"curies":[{"name":"wp","href":"https:\/\/api.w.org\/{rel}","templated":true}]}}