{"id":178485,"date":"2018-02-09T12:00:22","date_gmt":"2018-02-09T14:00:22","guid":{"rendered":"http:\/\/www.agrund.com\/?p=178485"},"modified":"2018-02-09T10:39:49","modified_gmt":"2018-02-09T12:39:49","slug":"angelina-jolie-para-elle-us","status":"publish","type":"post","link":"https:\/\/agrund.com\/index.php\/angelina-jolie-para-elle-us\/","title":{"rendered":"Angelina Jolie para \u2018Elle\u2019 US"},"content":{"rendered":"<p>O m\u00eas de fevereiro apenas come\u00e7ou, mas a \u2018Elle\u2019 americana acaba de divulgar a capa de sua edi\u00e7\u00e3o de mar\u00e7o 2018. Em comemora\u00e7\u00e3o ao Dia Internacional da Mulher, a estrela da capa \u00e9 ningu\u00e9m menos que Angelina Jolie.<\/p>\n<p>A atriz aparece bel\u00edssima em um vestido pink de Saint Laurent e dispensando uma make carregada. Tamb\u00e9m foram divulgados alguns cliques em p&amp;B que fazem parte da entrevista. Nesses cliques vemos Angelina em momentos de descontra\u00e7\u00e3o com os filhos, ao telefone e em reuni\u00f5es.<\/p>\n<p>A fotografia \u00e9 de Mariano Vivanco e voc\u00ea confere na galeria abaixo:<\/p>\n<div id=\"attachment_178490\" style=\"width: 560px\" class=\"wp-caption aligncenter\"><img aria-describedby=\"caption-attachment-178490\" data-attachment-id=\"178490\" data-permalink=\"https:\/\/agrund.com\/index.php\/angelina-jolie-para-elle-us\/a-249\/\" data-orig-file=\"https:\/\/i0.wp.com\/agrund.com\/wp-content\/uploads\/sites\/6\/2018\/02\/a-7.jpg?fit=550%2C673&amp;ssl=1\" data-orig-size=\"550,673\" data-comments-opened=\"1\" data-image-meta=\"{&quot;aperture&quot;:&quot;0&quot;,&quot;credit&quot;:&quot;&quot;,&quot;camera&quot;:&quot;&quot;,&quot;caption&quot;:&quot;&quot;,&quot;created_timestamp&quot;:&quot;0&quot;,&quot;copyright&quot;:&quot;&quot;,&quot;focal_length&quot;:&quot;0&quot;,&quot;iso&quot;:&quot;0&quot;,&quot;shutter_speed&quot;:&quot;0&quot;,&quot;title&quot;:&quot;&quot;,&quot;orientation&quot;:&quot;1&quot;}\" data-image-title=\"Angelina Jolie para \u2018Elle\u2019 US\" data-image-description=\"\" data-image-caption=\"&lt;p&gt;Angelina Jolie para \u2018Elle\u2019 US&lt;\/p&gt;\n\" data-medium-file=\"https:\/\/i0.wp.com\/agrund.com\/wp-content\/uploads\/sites\/6\/2018\/02\/a-7.jpg?fit=245%2C300&amp;ssl=1\" data-large-file=\"https:\/\/i0.wp.com\/agrund.com\/wp-content\/uploads\/sites\/6\/2018\/02\/a-7.jpg?fit=550%2C673&amp;ssl=1\" decoding=\"async\" loading=\"lazy\" class=\"size-full wp-image-178490\" src=\"https:\/\/i0.wp.com\/www.agrund.com\/wp-content\/uploads\/sites\/6\/2018\/02\/a-7.jpg?resize=550%2C673\" alt=\"\" width=\"550\" height=\"673\" srcset=\"https:\/\/i0.wp.com\/agrund.com\/wp-content\/uploads\/sites\/6\/2018\/02\/a-7.jpg?w=550&amp;ssl=1 550w, https:\/\/i0.wp.com\/agrund.com\/wp-content\/uploads\/sites\/6\/2018\/02\/a-7.jpg?resize=245%2C300&amp;ssl=1 245w\" sizes=\"(max-width: 550px) 100vw, 550px\" data-recalc-dims=\"1\" \/><p id=\"caption-attachment-178490\" class=\"wp-caption-text\">Angelina Jolie para \u2018Elle\u2019 US<\/p><\/div>\n<div id=\"attachment_178489\" style=\"width: 560px\" class=\"wp-caption aligncenter\"><img aria-describedby=\"caption-attachment-178489\" data-attachment-id=\"178489\" data-permalink=\"https:\/\/agrund.com\/index.php\/angelina-jolie-para-elle-us\/4-1056\/\" data-orig-file=\"https:\/\/i0.wp.com\/agrund.com\/wp-content\/uploads\/sites\/6\/2018\/02\/4-18-e1518179828385.jpg?fit=550%2C664&amp;ssl=1\" data-orig-size=\"550,664\" data-comments-opened=\"1\" data-image-meta=\"{&quot;aperture&quot;:&quot;0&quot;,&quot;credit&quot;:&quot;&quot;,&quot;camera&quot;:&quot;&quot;,&quot;caption&quot;:&quot;&quot;,&quot;created_timestamp&quot;:&quot;0&quot;,&quot;copyright&quot;:&quot;&quot;,&quot;focal_length&quot;:&quot;0&quot;,&quot;iso&quot;:&quot;0&quot;,&quot;shutter_speed&quot;:&quot;0&quot;,&quot;title&quot;:&quot;&quot;,&quot;orientation&quot;:&quot;0&quot;}\" data-image-title=\"Angelina Jolie para \u2018Elle\u2019 US\" data-image-description=\"\" data-image-caption=\"&lt;p&gt;Angelina Jolie para \u2018Elle\u2019 US&lt;\/p&gt;\n\" data-medium-file=\"https:\/\/i0.wp.com\/agrund.com\/wp-content\/uploads\/sites\/6\/2018\/02\/4-18-e1518179828385.jpg?fit=248%2C300&amp;ssl=1\" data-large-file=\"https:\/\/i0.wp.com\/agrund.com\/wp-content\/uploads\/sites\/6\/2018\/02\/4-18-e1518179828385.jpg?fit=848%2C1024&amp;ssl=1\" decoding=\"async\" loading=\"lazy\" class=\"size-full wp-image-178489\" src=\"https:\/\/i0.wp.com\/www.agrund.com\/wp-content\/uploads\/sites\/6\/2018\/02\/4-18-e1518179828385.jpg?resize=550%2C664\" alt=\"\" width=\"550\" height=\"664\" data-recalc-dims=\"1\" \/><p id=\"caption-attachment-178489\" class=\"wp-caption-text\">Angelina Jolie para \u2018Elle\u2019 US<\/p><\/div>\n<div id=\"attachment_178488\" style=\"width: 560px\" class=\"wp-caption aligncenter\"><img aria-describedby=\"caption-attachment-178488\" data-attachment-id=\"178488\" data-permalink=\"https:\/\/agrund.com\/index.php\/angelina-jolie-para-elle-us\/3-1146\/\" data-orig-file=\"https:\/\/i0.wp.com\/agrund.com\/wp-content\/uploads\/sites\/6\/2018\/02\/3-20-e1518179847808.jpg?fit=550%2C359&amp;ssl=1\" data-orig-size=\"550,359\" data-comments-opened=\"1\" data-image-meta=\"{&quot;aperture&quot;:&quot;0&quot;,&quot;credit&quot;:&quot;&quot;,&quot;camera&quot;:&quot;&quot;,&quot;caption&quot;:&quot;&quot;,&quot;created_timestamp&quot;:&quot;0&quot;,&quot;copyright&quot;:&quot;&quot;,&quot;focal_length&quot;:&quot;0&quot;,&quot;iso&quot;:&quot;0&quot;,&quot;shutter_speed&quot;:&quot;0&quot;,&quot;title&quot;:&quot;&quot;,&quot;orientation&quot;:&quot;0&quot;}\" data-image-title=\"Angelina Jolie para \u2018Elle\u2019 US\" data-image-description=\"\" data-image-caption=\"&lt;p&gt;Angelina Jolie para \u2018Elle\u2019 US&lt;\/p&gt;\n\" data-medium-file=\"https:\/\/i0.wp.com\/agrund.com\/wp-content\/uploads\/sites\/6\/2018\/02\/3-20-e1518179847808.jpg?fit=300%2C196&amp;ssl=1\" data-large-file=\"https:\/\/i0.wp.com\/agrund.com\/wp-content\/uploads\/sites\/6\/2018\/02\/3-20-e1518179847808.jpg?fit=550%2C359&amp;ssl=1\" decoding=\"async\" loading=\"lazy\" class=\"size-full wp-image-178488\" src=\"https:\/\/i0.wp.com\/www.agrund.com\/wp-content\/uploads\/sites\/6\/2018\/02\/3-20-e1518179847808.jpg?resize=550%2C359\" alt=\"\" width=\"550\" height=\"359\" data-recalc-dims=\"1\" \/><p id=\"caption-attachment-178488\" class=\"wp-caption-text\">Angelina Jolie para \u2018Elle\u2019 US<\/p><\/div>\n<div id=\"attachment_178486\" style=\"width: 560px\" class=\"wp-caption aligncenter\"><img aria-describedby=\"caption-attachment-178486\" data-attachment-id=\"178486\" data-permalink=\"https:\/\/agrund.com\/index.php\/angelina-jolie-para-elle-us\/1-1286\/\" data-orig-file=\"https:\/\/i0.wp.com\/agrund.com\/wp-content\/uploads\/sites\/6\/2018\/02\/1-25-e1518179862380.jpg?fit=550%2C664&amp;ssl=1\" data-orig-size=\"550,664\" data-comments-opened=\"1\" data-image-meta=\"{&quot;aperture&quot;:&quot;0&quot;,&quot;credit&quot;:&quot;&quot;,&quot;camera&quot;:&quot;&quot;,&quot;caption&quot;:&quot;&quot;,&quot;created_timestamp&quot;:&quot;0&quot;,&quot;copyright&quot;:&quot;&quot;,&quot;focal_length&quot;:&quot;0&quot;,&quot;iso&quot;:&quot;0&quot;,&quot;shutter_speed&quot;:&quot;0&quot;,&quot;title&quot;:&quot;&quot;,&quot;orientation&quot;:&quot;0&quot;}\" data-image-title=\"Angelina Jolie para \u2018Elle\u2019 US\" data-image-description=\"\" data-image-caption=\"&lt;p&gt;Angelina Jolie para \u2018Elle\u2019 US&lt;\/p&gt;\n\" data-medium-file=\"https:\/\/i0.wp.com\/agrund.com\/wp-content\/uploads\/sites\/6\/2018\/02\/1-25-e1518179862380.jpg?fit=248%2C300&amp;ssl=1\" data-large-file=\"https:\/\/i0.wp.com\/agrund.com\/wp-content\/uploads\/sites\/6\/2018\/02\/1-25-e1518179862380.jpg?fit=848%2C1024&amp;ssl=1\" decoding=\"async\" loading=\"lazy\" class=\"size-full wp-image-178486\" src=\"https:\/\/i0.wp.com\/www.agrund.com\/wp-content\/uploads\/sites\/6\/2018\/02\/1-25-e1518179862380.jpg?resize=550%2C664\" alt=\"\" width=\"550\" height=\"664\" data-recalc-dims=\"1\" \/><p id=\"caption-attachment-178486\" class=\"wp-caption-text\">Angelina Jolie para \u2018Elle\u2019 US<\/p><\/div>\n<div id=\"attachment_178487\" style=\"width: 560px\" class=\"wp-caption aligncenter\"><img aria-describedby=\"caption-attachment-178487\" data-attachment-id=\"178487\" data-permalink=\"https:\/\/agrund.com\/index.php\/angelina-jolie-para-elle-us\/2-1229\/\" data-orig-file=\"https:\/\/i0.wp.com\/agrund.com\/wp-content\/uploads\/sites\/6\/2018\/02\/2-21-e1518179879217.jpg?fit=550%2C359&amp;ssl=1\" data-orig-size=\"550,359\" data-comments-opened=\"1\" data-image-meta=\"{&quot;aperture&quot;:&quot;0&quot;,&quot;credit&quot;:&quot;&quot;,&quot;camera&quot;:&quot;&quot;,&quot;caption&quot;:&quot;&quot;,&quot;created_timestamp&quot;:&quot;0&quot;,&quot;copyright&quot;:&quot;&quot;,&quot;focal_length&quot;:&quot;0&quot;,&quot;iso&quot;:&quot;0&quot;,&quot;shutter_speed&quot;:&quot;0&quot;,&quot;title&quot;:&quot;&quot;,&quot;orientation&quot;:&quot;0&quot;}\" data-image-title=\"Angelina Jolie para \u2018Elle\u2019 US\" data-image-description=\"\" data-image-caption=\"&lt;p&gt;Angelina Jolie para \u2018Elle\u2019 US&lt;\/p&gt;\n\" data-medium-file=\"https:\/\/i0.wp.com\/agrund.com\/wp-content\/uploads\/sites\/6\/2018\/02\/2-21-e1518179879217.jpg?fit=300%2C196&amp;ssl=1\" data-large-file=\"https:\/\/i0.wp.com\/agrund.com\/wp-content\/uploads\/sites\/6\/2018\/02\/2-21-e1518179879217.jpg?fit=550%2C359&amp;ssl=1\" decoding=\"async\" loading=\"lazy\" class=\"size-full wp-image-178487\" src=\"https:\/\/i0.wp.com\/www.agrund.com\/wp-content\/uploads\/sites\/6\/2018\/02\/2-21-e1518179879217.jpg?resize=550%2C359\" alt=\"\" width=\"550\" height=\"359\" data-recalc-dims=\"1\" \/><p id=\"caption-attachment-178487\" class=\"wp-caption-text\">Angelina Jolie para \u2018Elle\u2019 US<\/p><\/div>\n<p>Fotos: Reprodu\u00e7\u00e3o.<\/p>\n","protected":false},"excerpt":{"rendered":"<p>O m\u00eas de fevereiro apenas come\u00e7ou, mas a \u2018Elle\u2019 americana acaba de divulgar a capa de sua edi\u00e7\u00e3o de mar\u00e7o 2018. Em comemora\u00e7\u00e3o ao Dia Internacional da Mulher, a estrela da capa \u00e9 ningu\u00e9m menos que Angelina Jolie. A atriz aparece bel\u00edssima em um vestido pink de Saint Laurent e dispensando uma make carregada. Tamb\u00e9m [&hellip;]<\/p>\n","protected":false},"author":8,"featured_media":178491,"comment_status":"open","ping_status":"open","sticky":false,"template":"","format":"standard","meta":{"jetpack_post_was_ever_published":false,"_jetpack_newsletter_access":"","jetpack_publicize_message":"","jetpack_is_tweetstorm":false,"jetpack_publicize_feature_enabled":true,"jetpack_social_post_already_shared":true,"jetpack_social_options":{"image_generator_settings":{"template":"highway","enabled":false}}},"categories":[2],"tags":[],"jetpack_publicize_connections":[],"jetpack_featured_media_url":"https:\/\/i0.wp.com\/agrund.com\/wp-content\/uploads\/sites\/6\/2018\/02\/s-35.jpg?fit=960%2C300&ssl=1","jetpack_sharing_enabled":true,"jetpack_shortlink":"https:\/\/wp.me\/p3Hz0n-KqN","jetpack_likes_enabled":true,"_links":{"self":[{"href":"https:\/\/agrund.com\/index.php\/wp-json\/wp\/v2\/posts\/178485"}],"collection":[{"href":"https:\/\/agrund.com\/index.php\/wp-json\/wp\/v2\/posts"}],"about":[{"href":"https:\/\/agrund.com\/index.php\/wp-json\/wp\/v2\/types\/post"}],"author":[{"embeddable":true,"href":"https:\/\/agrund.com\/index.php\/wp-json\/wp\/v2\/users\/8"}],"replies":[{"embeddable":true,"href":"https:\/\/agrund.com\/index.php\/wp-json\/wp\/v2\/comments?post=178485"}],"version-history":[{"count":0,"href":"https:\/\/agrund.com\/index.php\/wp-json\/wp\/v2\/posts\/178485\/revisions"}],"wp:featuredmedia":[{"embeddable":true,"href":"https:\/\/agrund.com\/index.php\/wp-json\/wp\/v2\/media\/178491"}],"wp:attachment":[{"href":"https:\/\/agrund.com\/index.php\/wp-json\/wp\/v2\/media?parent=178485"}],"wp:term":[{"taxonomy":"category","embeddable":true,"href":"https:\/\/agrund.com\/index.php\/wp-json\/wp\/v2\/categories?post=178485"},{"taxonomy":"post_tag","embeddable":true,"href":"https:\/\/agrund.com\/index.php\/wp-json\/wp\/v2\/tags?post=178485"}],"curies":[{"name":"wp","href":"https:\/\/api.w.org\/{rel}","templated":true}]}}