{"id":178471,"date":"2018-02-09T10:00:02","date_gmt":"2018-02-09T12:00:02","guid":{"rendered":"http:\/\/www.agrund.com\/?p=178471"},"modified":"2018-02-09T09:30:16","modified_gmt":"2018-02-09T11:30:16","slug":"spfw-n45-divulga-nova-data-e-local","status":"publish","type":"post","link":"https:\/\/agrund.com\/index.php\/spfw-n45-divulga-nova-data-e-local\/","title":{"rendered":"SPFW N45 divulga nova data e local"},"content":{"rendered":"<p>\u00c9 isso mesmo! O SPFW acaba de mudar a data de sua edi\u00e7\u00e3o N45. O evento que antes seja em mar\u00e7o, agora ir\u00e1 acontecer entre os dias 22 e 26 de abril. O local tamb\u00e9m foi alterado e agora ser\u00e1 no Pavilh\u00e3o das Culturas Brasileiras, no Parque do Ibirapuera, em S\u00e3o Paulo.<\/p>\n<p>A 45\u00aa edi\u00e7\u00e3o do SPFW ter\u00e1 como tema o trabalho do estilista Conrado Segreto e celebrar\u00e1 o impacto \u00e9 a liberdade da cria\u00e7\u00e3o.<\/p>\n<p>Est\u00e3o animados para a cobertura do Agrund.com?<\/p>\n<div id=\"attachment_178472\" style=\"width: 610px\" class=\"wp-caption aligncenter\"><img aria-describedby=\"caption-attachment-178472\" data-attachment-id=\"178472\" data-permalink=\"https:\/\/agrund.com\/index.php\/spfw-n45-divulga-nova-data-e-local\/331111_766102_conrado_segreto_02\/\" data-orig-file=\"https:\/\/i0.wp.com\/agrund.com\/wp-content\/uploads\/sites\/6\/2018\/02\/331111_766102_conrado_segreto_02.jpg?fit=600%2C661&amp;ssl=1\" data-orig-size=\"600,661\" data-comments-opened=\"1\" data-image-meta=\"{&quot;aperture&quot;:&quot;0&quot;,&quot;credit&quot;:&quot;&quot;,&quot;camera&quot;:&quot;&quot;,&quot;caption&quot;:&quot;&quot;,&quot;created_timestamp&quot;:&quot;0&quot;,&quot;copyright&quot;:&quot;&quot;,&quot;focal_length&quot;:&quot;0&quot;,&quot;iso&quot;:&quot;0&quot;,&quot;shutter_speed&quot;:&quot;0&quot;,&quot;title&quot;:&quot;&quot;,&quot;orientation&quot;:&quot;1&quot;}\" data-image-title=\"SPFW N45 divulga nova data e local\" data-image-description=\"\" data-image-caption=\"&lt;p&gt;SPFW N45 divulga nova data e local&lt;\/p&gt;\n\" data-medium-file=\"https:\/\/i0.wp.com\/agrund.com\/wp-content\/uploads\/sites\/6\/2018\/02\/331111_766102_conrado_segreto_02.jpg?fit=272%2C300&amp;ssl=1\" data-large-file=\"https:\/\/i0.wp.com\/agrund.com\/wp-content\/uploads\/sites\/6\/2018\/02\/331111_766102_conrado_segreto_02.jpg?fit=600%2C661&amp;ssl=1\" decoding=\"async\" loading=\"lazy\" class=\"size-full wp-image-178472\" src=\"https:\/\/i0.wp.com\/www.agrund.com\/wp-content\/uploads\/sites\/6\/2018\/02\/331111_766102_conrado_segreto_02.jpg?resize=600%2C661\" alt=\"\" width=\"600\" height=\"661\" srcset=\"https:\/\/i0.wp.com\/agrund.com\/wp-content\/uploads\/sites\/6\/2018\/02\/331111_766102_conrado_segreto_02.jpg?w=600&amp;ssl=1 600w, https:\/\/i0.wp.com\/agrund.com\/wp-content\/uploads\/sites\/6\/2018\/02\/331111_766102_conrado_segreto_02.jpg?resize=272%2C300&amp;ssl=1 272w\" sizes=\"(max-width: 600px) 100vw, 600px\" data-recalc-dims=\"1\" \/><p id=\"caption-attachment-178472\" class=\"wp-caption-text\">SPFW N45 divulga nova data e local<\/p><\/div>\n<p>Foto: Divulga\u00e7\u00e3o.<\/p>\n","protected":false},"excerpt":{"rendered":"<p>\u00c9 isso mesmo! O SPFW acaba de mudar a data de sua edi\u00e7\u00e3o N45. O evento que antes seja em mar\u00e7o, agora ir\u00e1 acontecer entre os dias 22 e 26 de abril. O local tamb\u00e9m foi alterado e agora ser\u00e1 no Pavilh\u00e3o das Culturas Brasileiras, no Parque do Ibirapuera, em S\u00e3o Paulo. A 45\u00aa edi\u00e7\u00e3o [&hellip;]<\/p>\n","protected":false},"author":8,"featured_media":178473,"comment_status":"open","ping_status":"open","sticky":false,"template":"","format":"standard","meta":{"jetpack_post_was_ever_published":false,"_jetpack_newsletter_access":"","jetpack_publicize_message":"","jetpack_is_tweetstorm":false,"jetpack_publicize_feature_enabled":true,"jetpack_social_post_already_shared":true,"jetpack_social_options":{"image_generator_settings":{"template":"highway","enabled":false}}},"categories":[2],"tags":[],"jetpack_publicize_connections":[],"jetpack_featured_media_url":"https:\/\/i0.wp.com\/agrund.com\/wp-content\/uploads\/sites\/6\/2018\/02\/s-33.jpg?fit=960%2C300&ssl=1","jetpack_sharing_enabled":true,"jetpack_shortlink":"https:\/\/wp.me\/p3Hz0n-Kqz","jetpack_likes_enabled":true,"_links":{"self":[{"href":"https:\/\/agrund.com\/index.php\/wp-json\/wp\/v2\/posts\/178471"}],"collection":[{"href":"https:\/\/agrund.com\/index.php\/wp-json\/wp\/v2\/posts"}],"about":[{"href":"https:\/\/agrund.com\/index.php\/wp-json\/wp\/v2\/types\/post"}],"author":[{"embeddable":true,"href":"https:\/\/agrund.com\/index.php\/wp-json\/wp\/v2\/users\/8"}],"replies":[{"embeddable":true,"href":"https:\/\/agrund.com\/index.php\/wp-json\/wp\/v2\/comments?post=178471"}],"version-history":[{"count":0,"href":"https:\/\/agrund.com\/index.php\/wp-json\/wp\/v2\/posts\/178471\/revisions"}],"wp:featuredmedia":[{"embeddable":true,"href":"https:\/\/agrund.com\/index.php\/wp-json\/wp\/v2\/media\/178473"}],"wp:attachment":[{"href":"https:\/\/agrund.com\/index.php\/wp-json\/wp\/v2\/media?parent=178471"}],"wp:term":[{"taxonomy":"category","embeddable":true,"href":"https:\/\/agrund.com\/index.php\/wp-json\/wp\/v2\/categories?post=178471"},{"taxonomy":"post_tag","embeddable":true,"href":"https:\/\/agrund.com\/index.php\/wp-json\/wp\/v2\/tags?post=178471"}],"curies":[{"name":"wp","href":"https:\/\/api.w.org\/{rel}","templated":true}]}}