{"id":178432,"date":"2018-02-08T11:00:56","date_gmt":"2018-02-08T13:00:56","guid":{"rendered":"http:\/\/www.agrund.com\/?p=178432"},"modified":"2018-02-08T10:56:46","modified_gmt":"2018-02-08T12:56:46","slug":"karlie-kloss-apresenta-a-nova-parceria-entre-adidas-e-stella-mccartney","status":"publish","type":"post","link":"https:\/\/agrund.com\/index.php\/karlie-kloss-apresenta-a-nova-parceria-entre-adidas-e-stella-mccartney\/","title":{"rendered":"Karlie Kloss apresenta a nova parceria entre Adidas e Stella McCartney"},"content":{"rendered":"<p>Stella McCartney est\u00e1 de volta para mais uma parceria com a Adidas, e \u00e9 sua garota-propaganda \u00e9 Karlie Kloss. A modelo, que \u00e9 rosto de todas as campanhas da parceria, agora apresenta a linha primavera\/ver\u00e3o 2018.<\/p>\n<p>Karlie mostra seus movimentos e seu preparo f\u00edsico com poses de yoga, corrida e alongamento. As pe\u00e7as chegam coloridas e estampadas com direito a leggings, jaquetas, bodys, camisetas e shorts.<\/p>\n<p>Veja os primeiros cliques divulgados na galeria abaixo:<\/p>\n<div id=\"attachment_178433\" style=\"width: 610px\" class=\"wp-caption aligncenter\"><img aria-describedby=\"caption-attachment-178433\" data-attachment-id=\"178433\" data-permalink=\"https:\/\/agrund.com\/index.php\/karlie-kloss-apresenta-a-nova-parceria-entre-adidas-e-stella-mccartney\/1-1282\/\" data-orig-file=\"https:\/\/i0.wp.com\/agrund.com\/wp-content\/uploads\/sites\/6\/2018\/02\/1-21-e1518094477130.jpg?fit=600%2C363&amp;ssl=1\" data-orig-size=\"600,363\" data-comments-opened=\"1\" data-image-meta=\"{&quot;aperture&quot;:&quot;0&quot;,&quot;credit&quot;:&quot;&quot;,&quot;camera&quot;:&quot;&quot;,&quot;caption&quot;:&quot;&quot;,&quot;created_timestamp&quot;:&quot;0&quot;,&quot;copyright&quot;:&quot;&quot;,&quot;focal_length&quot;:&quot;0&quot;,&quot;iso&quot;:&quot;0&quot;,&quot;shutter_speed&quot;:&quot;0&quot;,&quot;title&quot;:&quot;&quot;,&quot;orientation&quot;:&quot;1&quot;}\" data-image-title=\"Karlie Kloss apresenta a nova parceria entre Adidas e Stella McCartney\" data-image-description=\"\" data-image-caption=\"&lt;p&gt;Karlie Kloss apresenta a nova parceria entre Adidas e Stella McCartney &lt;\/p&gt;\n\" data-medium-file=\"https:\/\/i0.wp.com\/agrund.com\/wp-content\/uploads\/sites\/6\/2018\/02\/1-21-e1518094477130.jpg?fit=300%2C182&amp;ssl=1\" data-large-file=\"https:\/\/i0.wp.com\/agrund.com\/wp-content\/uploads\/sites\/6\/2018\/02\/1-21-e1518094477130.jpg?fit=600%2C363&amp;ssl=1\" decoding=\"async\" loading=\"lazy\" class=\"size-full wp-image-178433\" src=\"https:\/\/i0.wp.com\/www.agrund.com\/wp-content\/uploads\/sites\/6\/2018\/02\/1-21-e1518094477130.jpg?resize=600%2C363\" alt=\"\" width=\"600\" height=\"363\" data-recalc-dims=\"1\" \/><p id=\"caption-attachment-178433\" class=\"wp-caption-text\">Karlie Kloss apresenta a nova parceria entre Adidas e Stella McCartney<\/p><\/div>\n<div id=\"attachment_178434\" style=\"width: 610px\" class=\"wp-caption aligncenter\"><img aria-describedby=\"caption-attachment-178434\" data-attachment-id=\"178434\" data-permalink=\"https:\/\/agrund.com\/index.php\/karlie-kloss-apresenta-a-nova-parceria-entre-adidas-e-stella-mccartney\/2-1225\/\" data-orig-file=\"https:\/\/i0.wp.com\/agrund.com\/wp-content\/uploads\/sites\/6\/2018\/02\/2-17-e1518094498162.jpg?fit=600%2C400&amp;ssl=1\" data-orig-size=\"600,400\" data-comments-opened=\"1\" data-image-meta=\"{&quot;aperture&quot;:&quot;0&quot;,&quot;credit&quot;:&quot;&quot;,&quot;camera&quot;:&quot;&quot;,&quot;caption&quot;:&quot;&quot;,&quot;created_timestamp&quot;:&quot;0&quot;,&quot;copyright&quot;:&quot;&quot;,&quot;focal_length&quot;:&quot;0&quot;,&quot;iso&quot;:&quot;0&quot;,&quot;shutter_speed&quot;:&quot;0&quot;,&quot;title&quot;:&quot;&quot;,&quot;orientation&quot;:&quot;1&quot;}\" data-image-title=\"Karlie Kloss apresenta a nova parceria entre Adidas e Stella McCartney\" data-image-description=\"\" data-image-caption=\"&lt;p&gt;Karlie Kloss apresenta a nova parceria entre Adidas e Stella McCartney &lt;\/p&gt;\n\" data-medium-file=\"https:\/\/i0.wp.com\/agrund.com\/wp-content\/uploads\/sites\/6\/2018\/02\/2-17-e1518094498162.jpg?fit=300%2C200&amp;ssl=1\" data-large-file=\"https:\/\/i0.wp.com\/agrund.com\/wp-content\/uploads\/sites\/6\/2018\/02\/2-17-e1518094498162.jpg?fit=600%2C400&amp;ssl=1\" decoding=\"async\" loading=\"lazy\" class=\"size-full wp-image-178434\" src=\"https:\/\/i0.wp.com\/www.agrund.com\/wp-content\/uploads\/sites\/6\/2018\/02\/2-17-e1518094498162.jpg?resize=600%2C400\" alt=\"\" width=\"600\" height=\"400\" data-recalc-dims=\"1\" \/><p id=\"caption-attachment-178434\" class=\"wp-caption-text\">Karlie Kloss apresenta a nova parceria entre Adidas e Stella McCartney<\/p><\/div>\n<div id=\"attachment_178436\" style=\"width: 610px\" class=\"wp-caption aligncenter\"><img aria-describedby=\"caption-attachment-178436\" data-attachment-id=\"178436\" data-permalink=\"https:\/\/agrund.com\/index.php\/karlie-kloss-apresenta-a-nova-parceria-entre-adidas-e-stella-mccartney\/4-1053\/\" data-orig-file=\"https:\/\/i0.wp.com\/agrund.com\/wp-content\/uploads\/sites\/6\/2018\/02\/4-15-e1518094513955.jpg?fit=600%2C400&amp;ssl=1\" data-orig-size=\"600,400\" data-comments-opened=\"1\" data-image-meta=\"{&quot;aperture&quot;:&quot;0&quot;,&quot;credit&quot;:&quot;&quot;,&quot;camera&quot;:&quot;&quot;,&quot;caption&quot;:&quot;&quot;,&quot;created_timestamp&quot;:&quot;0&quot;,&quot;copyright&quot;:&quot;&quot;,&quot;focal_length&quot;:&quot;0&quot;,&quot;iso&quot;:&quot;0&quot;,&quot;shutter_speed&quot;:&quot;0&quot;,&quot;title&quot;:&quot;&quot;,&quot;orientation&quot;:&quot;1&quot;}\" data-image-title=\"Karlie Kloss apresenta a nova parceria entre Adidas e Stella McCartney\" data-image-description=\"\" data-image-caption=\"&lt;p&gt;Karlie Kloss apresenta a nova parceria entre Adidas e Stella McCartney &lt;\/p&gt;\n\" data-medium-file=\"https:\/\/i0.wp.com\/agrund.com\/wp-content\/uploads\/sites\/6\/2018\/02\/4-15-e1518094513955.jpg?fit=300%2C200&amp;ssl=1\" data-large-file=\"https:\/\/i0.wp.com\/agrund.com\/wp-content\/uploads\/sites\/6\/2018\/02\/4-15-e1518094513955.jpg?fit=600%2C400&amp;ssl=1\" decoding=\"async\" loading=\"lazy\" class=\"size-full wp-image-178436\" src=\"https:\/\/i0.wp.com\/www.agrund.com\/wp-content\/uploads\/sites\/6\/2018\/02\/4-15-e1518094513955.jpg?resize=600%2C400\" alt=\"\" width=\"600\" height=\"400\" data-recalc-dims=\"1\" \/><p id=\"caption-attachment-178436\" class=\"wp-caption-text\">Karlie Kloss apresenta a nova parceria entre Adidas e Stella McCartney<\/p><\/div>\n<div id=\"attachment_178437\" style=\"width: 610px\" class=\"wp-caption aligncenter\"><img aria-describedby=\"caption-attachment-178437\" data-attachment-id=\"178437\" data-permalink=\"https:\/\/agrund.com\/index.php\/karlie-kloss-apresenta-a-nova-parceria-entre-adidas-e-stella-mccartney\/5-946\/\" data-orig-file=\"https:\/\/i0.wp.com\/agrund.com\/wp-content\/uploads\/sites\/6\/2018\/02\/5-7-e1518094528807.jpg?fit=600%2C429&amp;ssl=1\" data-orig-size=\"600,429\" data-comments-opened=\"1\" data-image-meta=\"{&quot;aperture&quot;:&quot;0&quot;,&quot;credit&quot;:&quot;&quot;,&quot;camera&quot;:&quot;&quot;,&quot;caption&quot;:&quot;&quot;,&quot;created_timestamp&quot;:&quot;0&quot;,&quot;copyright&quot;:&quot;&quot;,&quot;focal_length&quot;:&quot;0&quot;,&quot;iso&quot;:&quot;0&quot;,&quot;shutter_speed&quot;:&quot;0&quot;,&quot;title&quot;:&quot;&quot;,&quot;orientation&quot;:&quot;1&quot;}\" data-image-title=\"Karlie Kloss apresenta a nova parceria entre Adidas e Stella McCartney\" data-image-description=\"\" data-image-caption=\"&lt;p&gt;Karlie Kloss apresenta a nova parceria entre Adidas e Stella McCartney &lt;\/p&gt;\n\" data-medium-file=\"https:\/\/i0.wp.com\/agrund.com\/wp-content\/uploads\/sites\/6\/2018\/02\/5-7-e1518094528807.jpg?fit=300%2C215&amp;ssl=1\" data-large-file=\"https:\/\/i0.wp.com\/agrund.com\/wp-content\/uploads\/sites\/6\/2018\/02\/5-7-e1518094528807.jpg?fit=600%2C429&amp;ssl=1\" decoding=\"async\" loading=\"lazy\" class=\"size-full wp-image-178437\" src=\"https:\/\/i0.wp.com\/www.agrund.com\/wp-content\/uploads\/sites\/6\/2018\/02\/5-7-e1518094528807.jpg?resize=600%2C429\" alt=\"\" width=\"600\" height=\"429\" data-recalc-dims=\"1\" \/><p id=\"caption-attachment-178437\" class=\"wp-caption-text\">Karlie Kloss apresenta a nova parceria entre Adidas e Stella McCartney<\/p><\/div>\n<div id=\"attachment_178438\" style=\"width: 610px\" class=\"wp-caption aligncenter\"><img aria-describedby=\"caption-attachment-178438\" data-attachment-id=\"178438\" data-permalink=\"https:\/\/agrund.com\/index.php\/karlie-kloss-apresenta-a-nova-parceria-entre-adidas-e-stella-mccartney\/attachment\/489861\/\" data-orig-file=\"https:\/\/i0.wp.com\/agrund.com\/wp-content\/uploads\/sites\/6\/2018\/02\/489861-e1518094542870.jpg?fit=600%2C400&amp;ssl=1\" data-orig-size=\"600,400\" data-comments-opened=\"1\" data-image-meta=\"{&quot;aperture&quot;:&quot;6.3&quot;,&quot;credit&quot;:&quot;&quot;,&quot;camera&quot;:&quot;Canon EOS-1D X Mark II&quot;,&quot;caption&quot;:&quot;&quot;,&quot;created_timestamp&quot;:&quot;1504460285&quot;,&quot;copyright&quot;:&quot;&quot;,&quot;focal_length&quot;:&quot;67&quot;,&quot;iso&quot;:&quot;640&quot;,&quot;shutter_speed&quot;:&quot;0.002&quot;,&quot;title&quot;:&quot;&quot;,&quot;orientation&quot;:&quot;1&quot;}\" data-image-title=\"Karlie Kloss apresenta a nova parceria entre Adidas e Stella McCartney\" data-image-description=\"\" data-image-caption=\"&lt;p&gt;Karlie Kloss apresenta a nova parceria entre Adidas e Stella McCartney &lt;\/p&gt;\n\" data-medium-file=\"https:\/\/i0.wp.com\/agrund.com\/wp-content\/uploads\/sites\/6\/2018\/02\/489861-e1518094542870.jpg?fit=300%2C200&amp;ssl=1\" data-large-file=\"https:\/\/i0.wp.com\/agrund.com\/wp-content\/uploads\/sites\/6\/2018\/02\/489861-e1518094542870.jpg?fit=1024%2C683&amp;ssl=1\" decoding=\"async\" loading=\"lazy\" class=\"size-full wp-image-178438\" src=\"https:\/\/i0.wp.com\/www.agrund.com\/wp-content\/uploads\/sites\/6\/2018\/02\/489861-e1518094542870.jpg?resize=600%2C400\" alt=\"\" width=\"600\" height=\"400\" data-recalc-dims=\"1\" \/><p id=\"caption-attachment-178438\" class=\"wp-caption-text\">Karlie Kloss apresenta a nova parceria entre Adidas e Stella McCartney<\/p><\/div>\n<p>Fotos: Reprodu\u00e7\u00e3o.<\/p>\n","protected":false},"excerpt":{"rendered":"<p>Stella McCartney est\u00e1 de volta para mais uma parceria com a Adidas, e \u00e9 sua garota-propaganda \u00e9 Karlie Kloss. A modelo, que \u00e9 rosto de todas as campanhas da parceria, agora apresenta a linha primavera\/ver\u00e3o 2018. Karlie mostra seus movimentos e seu preparo f\u00edsico com poses de yoga, corrida e alongamento. As pe\u00e7as chegam coloridas [&hellip;]<\/p>\n","protected":false},"author":8,"featured_media":178439,"comment_status":"open","ping_status":"open","sticky":false,"template":"","format":"standard","meta":{"jetpack_post_was_ever_published":false,"_jetpack_newsletter_access":"","jetpack_publicize_message":"","jetpack_is_tweetstorm":false,"jetpack_publicize_feature_enabled":true,"jetpack_social_post_already_shared":true,"jetpack_social_options":{"image_generator_settings":{"template":"highway","enabled":false}}},"categories":[2],"tags":[],"jetpack_publicize_connections":[],"jetpack_featured_media_url":"https:\/\/i0.wp.com\/agrund.com\/wp-content\/uploads\/sites\/6\/2018\/02\/s-29.jpg?fit=960%2C300&ssl=1","jetpack_sharing_enabled":true,"jetpack_shortlink":"https:\/\/wp.me\/p3Hz0n-KpW","jetpack_likes_enabled":true,"_links":{"self":[{"href":"https:\/\/agrund.com\/index.php\/wp-json\/wp\/v2\/posts\/178432"}],"collection":[{"href":"https:\/\/agrund.com\/index.php\/wp-json\/wp\/v2\/posts"}],"about":[{"href":"https:\/\/agrund.com\/index.php\/wp-json\/wp\/v2\/types\/post"}],"author":[{"embeddable":true,"href":"https:\/\/agrund.com\/index.php\/wp-json\/wp\/v2\/users\/8"}],"replies":[{"embeddable":true,"href":"https:\/\/agrund.com\/index.php\/wp-json\/wp\/v2\/comments?post=178432"}],"version-history":[{"count":0,"href":"https:\/\/agrund.com\/index.php\/wp-json\/wp\/v2\/posts\/178432\/revisions"}],"wp:featuredmedia":[{"embeddable":true,"href":"https:\/\/agrund.com\/index.php\/wp-json\/wp\/v2\/media\/178439"}],"wp:attachment":[{"href":"https:\/\/agrund.com\/index.php\/wp-json\/wp\/v2\/media?parent=178432"}],"wp:term":[{"taxonomy":"category","embeddable":true,"href":"https:\/\/agrund.com\/index.php\/wp-json\/wp\/v2\/categories?post=178432"},{"taxonomy":"post_tag","embeddable":true,"href":"https:\/\/agrund.com\/index.php\/wp-json\/wp\/v2\/tags?post=178432"}],"curies":[{"name":"wp","href":"https:\/\/api.w.org\/{rel}","templated":true}]}}