{"id":178382,"date":"2018-02-07T13:00:23","date_gmt":"2018-02-07T15:00:23","guid":{"rendered":"http:\/\/www.agrund.com\/?p=178382"},"modified":"2018-02-07T12:39:41","modified_gmt":"2018-02-07T14:39:41","slug":"a-bolsa-favorita-de-gigi-hadid","status":"publish","type":"post","link":"https:\/\/agrund.com\/index.php\/a-bolsa-favorita-de-gigi-hadid\/","title":{"rendered":"A bolsa favorita de Gigi Hadid"},"content":{"rendered":"<p>Parece que Gigi Hadid j\u00e1 encontrou o seu acess\u00f3rio favorito do momento. Ela foi flagrada por a\u00ed usando a mesma bolsa com diversos looks, at\u00e9 mesmo de estilos diferentes.<\/p>\n<p>Pequena e na cor preta, a bolsa \u00e9 perfeita para quando voc\u00ea vai sair e quiser levar poucas coisas. O modelo \u00e9 a Messenger Bag da Tod\u2019s e o Agrund.com adorou! E voc\u00ea, tamb\u00e9m usaria?<\/p>\n<div id=\"attachment_178383\" style=\"width: 679px\" class=\"wp-caption aligncenter\"><img aria-describedby=\"caption-attachment-178383\" data-attachment-id=\"178383\" data-permalink=\"https:\/\/agrund.com\/index.php\/a-bolsa-favorita-de-gigi-hadid\/gigi-hadid-16\/\" data-orig-file=\"https:\/\/i0.wp.com\/agrund.com\/wp-content\/uploads\/sites\/6\/2018\/02\/gigi-hadid.jpg?fit=669%2C502&amp;ssl=1\" data-orig-size=\"669,502\" data-comments-opened=\"1\" data-image-meta=\"{&quot;aperture&quot;:&quot;0&quot;,&quot;credit&quot;:&quot;&quot;,&quot;camera&quot;:&quot;&quot;,&quot;caption&quot;:&quot;&quot;,&quot;created_timestamp&quot;:&quot;0&quot;,&quot;copyright&quot;:&quot;&quot;,&quot;focal_length&quot;:&quot;0&quot;,&quot;iso&quot;:&quot;0&quot;,&quot;shutter_speed&quot;:&quot;0&quot;,&quot;title&quot;:&quot;&quot;,&quot;orientation&quot;:&quot;0&quot;}\" data-image-title=\"A bolsa favorita de Gigi Hadid\" data-image-description=\"\" data-image-caption=\"&lt;p&gt;A bolsa favorita de Gigi Hadid&lt;\/p&gt;\n\" data-medium-file=\"https:\/\/i0.wp.com\/agrund.com\/wp-content\/uploads\/sites\/6\/2018\/02\/gigi-hadid.jpg?fit=300%2C225&amp;ssl=1\" data-large-file=\"https:\/\/i0.wp.com\/agrund.com\/wp-content\/uploads\/sites\/6\/2018\/02\/gigi-hadid.jpg?fit=669%2C502&amp;ssl=1\" decoding=\"async\" loading=\"lazy\" class=\"size-full wp-image-178383\" src=\"https:\/\/i0.wp.com\/www.agrund.com\/wp-content\/uploads\/sites\/6\/2018\/02\/gigi-hadid.jpg?resize=669%2C502\" alt=\"\" width=\"669\" height=\"502\" srcset=\"https:\/\/i0.wp.com\/agrund.com\/wp-content\/uploads\/sites\/6\/2018\/02\/gigi-hadid.jpg?w=669&amp;ssl=1 669w, https:\/\/i0.wp.com\/agrund.com\/wp-content\/uploads\/sites\/6\/2018\/02\/gigi-hadid.jpg?resize=300%2C225&amp;ssl=1 300w\" sizes=\"(max-width: 669px) 100vw, 669px\" data-recalc-dims=\"1\" \/><p id=\"caption-attachment-178383\" class=\"wp-caption-text\">A bolsa favorita de Gigi Hadid<\/p><\/div>\n<p>Fotos: Reprodu\u00e7\u00e3o.<\/p>\n","protected":false},"excerpt":{"rendered":"<p>Parece que Gigi Hadid j\u00e1 encontrou o seu acess\u00f3rio favorito do momento. Ela foi flagrada por a\u00ed usando a mesma bolsa com diversos looks, at\u00e9 mesmo de estilos diferentes. Pequena e na cor preta, a bolsa \u00e9 perfeita para quando voc\u00ea vai sair e quiser levar poucas coisas. O modelo \u00e9 a Messenger Bag da [&hellip;]<\/p>\n","protected":false},"author":8,"featured_media":178384,"comment_status":"open","ping_status":"open","sticky":false,"template":"","format":"standard","meta":{"jetpack_post_was_ever_published":false,"_jetpack_newsletter_access":"","jetpack_publicize_message":"","jetpack_is_tweetstorm":false,"jetpack_publicize_feature_enabled":true,"jetpack_social_post_already_shared":true,"jetpack_social_options":{"image_generator_settings":{"template":"highway","enabled":false}}},"categories":[2],"tags":[],"jetpack_publicize_connections":[],"jetpack_featured_media_url":"https:\/\/i0.wp.com\/agrund.com\/wp-content\/uploads\/sites\/6\/2018\/02\/s-25.jpg?fit=960%2C300&ssl=1","jetpack_sharing_enabled":true,"jetpack_shortlink":"https:\/\/wp.me\/p3Hz0n-Kp8","jetpack_likes_enabled":true,"_links":{"self":[{"href":"https:\/\/agrund.com\/index.php\/wp-json\/wp\/v2\/posts\/178382"}],"collection":[{"href":"https:\/\/agrund.com\/index.php\/wp-json\/wp\/v2\/posts"}],"about":[{"href":"https:\/\/agrund.com\/index.php\/wp-json\/wp\/v2\/types\/post"}],"author":[{"embeddable":true,"href":"https:\/\/agrund.com\/index.php\/wp-json\/wp\/v2\/users\/8"}],"replies":[{"embeddable":true,"href":"https:\/\/agrund.com\/index.php\/wp-json\/wp\/v2\/comments?post=178382"}],"version-history":[{"count":0,"href":"https:\/\/agrund.com\/index.php\/wp-json\/wp\/v2\/posts\/178382\/revisions"}],"wp:featuredmedia":[{"embeddable":true,"href":"https:\/\/agrund.com\/index.php\/wp-json\/wp\/v2\/media\/178384"}],"wp:attachment":[{"href":"https:\/\/agrund.com\/index.php\/wp-json\/wp\/v2\/media?parent=178382"}],"wp:term":[{"taxonomy":"category","embeddable":true,"href":"https:\/\/agrund.com\/index.php\/wp-json\/wp\/v2\/categories?post=178382"},{"taxonomy":"post_tag","embeddable":true,"href":"https:\/\/agrund.com\/index.php\/wp-json\/wp\/v2\/tags?post=178382"}],"curies":[{"name":"wp","href":"https:\/\/api.w.org\/{rel}","templated":true}]}}