{"id":178360,"date":"2018-02-07T10:00:39","date_gmt":"2018-02-07T12:00:39","guid":{"rendered":"http:\/\/www.agrund.com\/?p=178360"},"modified":"2018-02-07T09:20:44","modified_gmt":"2018-02-07T11:20:44","slug":"kelsea-ballerini-ou-chanel-iman-quem-usou-melhor","status":"publish","type":"post","link":"https:\/\/agrund.com\/index.php\/kelsea-ballerini-ou-chanel-iman-quem-usou-melhor\/","title":{"rendered":"Kelsea Ballerini ou Chanel Iman: Quem usou melhor?"},"content":{"rendered":"<p>Deu azul na disputa fashion de hoje. Kelsea Ballerine e Chanel Iman escolheram o mesmo vestido azul da RtA para ir a eventos diferentes.<\/p>\n<p>A cantora combinou o modelito brilhante com um cl\u00e1ssico scarpin preto, deixando a produ\u00e7\u00e3o mais chique. J\u00e1 Chanel criou um look bem ousado, com botas over the knee no mesmo tecido do vestido, uma pochete azul e um trench coat cinza.<\/p>\n<p>E a\u00ed, quem usou melhor?<\/p>\n<div id=\"attachment_178361\" style=\"width: 610px\" class=\"wp-caption aligncenter\"><img aria-describedby=\"caption-attachment-178361\" data-attachment-id=\"178361\" data-permalink=\"https:\/\/agrund.com\/index.php\/kelsea-ballerini-ou-chanel-iman-quem-usou-melhor\/1-1276\/\" data-orig-file=\"https:\/\/i0.wp.com\/agrund.com\/wp-content\/uploads\/sites\/6\/2018\/02\/1-15-e1518002345673.jpg?fit=600%2C800&amp;ssl=1\" data-orig-size=\"600,800\" data-comments-opened=\"1\" data-image-meta=\"{&quot;aperture&quot;:&quot;0&quot;,&quot;credit&quot;:&quot;&quot;,&quot;camera&quot;:&quot;&quot;,&quot;caption&quot;:&quot;&quot;,&quot;created_timestamp&quot;:&quot;0&quot;,&quot;copyright&quot;:&quot;&quot;,&quot;focal_length&quot;:&quot;0&quot;,&quot;iso&quot;:&quot;0&quot;,&quot;shutter_speed&quot;:&quot;0&quot;,&quot;title&quot;:&quot;&quot;,&quot;orientation&quot;:&quot;0&quot;}\" data-image-title=\"Kelsea Ballerini ou Chanel Iman: Quem usou melhor?\" data-image-description=\"\" data-image-caption=\"&lt;p&gt;Kelsea Ballerini ou Chanel Iman: Quem usou melhor?&lt;\/p&gt;\n\" data-medium-file=\"https:\/\/i0.wp.com\/agrund.com\/wp-content\/uploads\/sites\/6\/2018\/02\/1-15-e1518002345673.jpg?fit=225%2C300&amp;ssl=1\" data-large-file=\"https:\/\/i0.wp.com\/agrund.com\/wp-content\/uploads\/sites\/6\/2018\/02\/1-15-e1518002345673.jpg?fit=600%2C800&amp;ssl=1\" decoding=\"async\" loading=\"lazy\" class=\"size-full wp-image-178361\" src=\"https:\/\/i0.wp.com\/www.agrund.com\/wp-content\/uploads\/sites\/6\/2018\/02\/1-15-e1518002345673.jpg?resize=600%2C800\" alt=\"\" width=\"600\" height=\"800\" data-recalc-dims=\"1\" \/><p id=\"caption-attachment-178361\" class=\"wp-caption-text\">Kelsea Ballerini ou Chanel Iman: Quem usou melhor?<\/p><\/div>\n<p>Fotos: Reprodu\u00e7\u00e3o.<\/p>\n","protected":false},"excerpt":{"rendered":"<p>Deu azul na disputa fashion de hoje. Kelsea Ballerine e Chanel Iman escolheram o mesmo vestido azul da RtA para ir a eventos diferentes. A cantora combinou o modelito brilhante com um cl\u00e1ssico scarpin preto, deixando a produ\u00e7\u00e3o mais chique. J\u00e1 Chanel criou um look bem ousado, com botas over the knee no mesmo tecido [&hellip;]<\/p>\n","protected":false},"author":8,"featured_media":178362,"comment_status":"open","ping_status":"open","sticky":false,"template":"","format":"standard","meta":{"jetpack_post_was_ever_published":false,"_jetpack_newsletter_access":"","jetpack_publicize_message":"","jetpack_is_tweetstorm":false,"jetpack_publicize_feature_enabled":true,"jetpack_social_post_already_shared":true,"jetpack_social_options":{"image_generator_settings":{"template":"highway","enabled":false}}},"categories":[2],"tags":[],"jetpack_publicize_connections":[],"jetpack_featured_media_url":"https:\/\/i0.wp.com\/agrund.com\/wp-content\/uploads\/sites\/6\/2018\/02\/s-22.jpg?fit=960%2C300&ssl=1","jetpack_sharing_enabled":true,"jetpack_shortlink":"https:\/\/wp.me\/p3Hz0n-KoM","jetpack_likes_enabled":true,"_links":{"self":[{"href":"https:\/\/agrund.com\/index.php\/wp-json\/wp\/v2\/posts\/178360"}],"collection":[{"href":"https:\/\/agrund.com\/index.php\/wp-json\/wp\/v2\/posts"}],"about":[{"href":"https:\/\/agrund.com\/index.php\/wp-json\/wp\/v2\/types\/post"}],"author":[{"embeddable":true,"href":"https:\/\/agrund.com\/index.php\/wp-json\/wp\/v2\/users\/8"}],"replies":[{"embeddable":true,"href":"https:\/\/agrund.com\/index.php\/wp-json\/wp\/v2\/comments?post=178360"}],"version-history":[{"count":0,"href":"https:\/\/agrund.com\/index.php\/wp-json\/wp\/v2\/posts\/178360\/revisions"}],"wp:featuredmedia":[{"embeddable":true,"href":"https:\/\/agrund.com\/index.php\/wp-json\/wp\/v2\/media\/178362"}],"wp:attachment":[{"href":"https:\/\/agrund.com\/index.php\/wp-json\/wp\/v2\/media?parent=178360"}],"wp:term":[{"taxonomy":"category","embeddable":true,"href":"https:\/\/agrund.com\/index.php\/wp-json\/wp\/v2\/categories?post=178360"},{"taxonomy":"post_tag","embeddable":true,"href":"https:\/\/agrund.com\/index.php\/wp-json\/wp\/v2\/tags?post=178360"}],"curies":[{"name":"wp","href":"https:\/\/api.w.org\/{rel}","templated":true}]}}