{"id":178353,"date":"2018-02-06T18:00:38","date_gmt":"2018-02-06T20:00:38","guid":{"rendered":"http:\/\/www.agrund.com\/?p=178353"},"modified":"2018-02-06T15:30:20","modified_gmt":"2018-02-06T17:30:20","slug":"natalie-portman-estrela-nova-campanha-de-beleza-da-dior","status":"publish","type":"post","link":"https:\/\/agrund.com\/index.php\/natalie-portman-estrela-nova-campanha-de-beleza-da-dior\/","title":{"rendered":"Natalie Portman estrela nova campanha de beleza da Dior"},"content":{"rendered":"<p>Natalie Portman acaba de colocar mais uma campanha da Dior em seu curr\u00edculo. A atriz \u00e9 o novo rosto da base DiorSkin Forever Undercover, produto que promete uma cobertura bem natural da pele.<\/p>\n<p>Na primeira foto oficial, Natalie aparece com os cabelos curtos em um messy hair, pele perfeita e um smokey eye. Al\u00e9m deste clique, a marca tamb\u00e9m divulgou algumas fotos de bastidores. Com certeza vem um v\u00eddeo por a\u00ed!<\/p>\n<div id=\"attachment_178354\" style=\"width: 610px\" class=\"wp-caption aligncenter\"><img aria-describedby=\"caption-attachment-178354\" data-attachment-id=\"178354\" data-permalink=\"https:\/\/agrund.com\/index.php\/natalie-portman-estrela-nova-campanha-de-beleza-da-dior\/1-1275\/\" data-orig-file=\"https:\/\/i0.wp.com\/agrund.com\/wp-content\/uploads\/sites\/6\/2018\/02\/1-14-e1517938044948.jpg?fit=600%2C389&amp;ssl=1\" data-orig-size=\"600,389\" data-comments-opened=\"1\" data-image-meta=\"{&quot;aperture&quot;:&quot;0&quot;,&quot;credit&quot;:&quot;&quot;,&quot;camera&quot;:&quot;&quot;,&quot;caption&quot;:&quot;&quot;,&quot;created_timestamp&quot;:&quot;0&quot;,&quot;copyright&quot;:&quot;&quot;,&quot;focal_length&quot;:&quot;0&quot;,&quot;iso&quot;:&quot;0&quot;,&quot;shutter_speed&quot;:&quot;0&quot;,&quot;title&quot;:&quot;&quot;,&quot;orientation&quot;:&quot;1&quot;}\" data-image-title=\"Natalie Portman estrela nova campanha de beleza da Dior\" data-image-description=\"\" data-image-caption=\"&lt;p&gt;Natalie Portman estrela nova campanha de beleza da Dior&lt;\/p&gt;\n\" data-medium-file=\"https:\/\/i0.wp.com\/agrund.com\/wp-content\/uploads\/sites\/6\/2018\/02\/1-14-e1517938044948.jpg?fit=300%2C194&amp;ssl=1\" data-large-file=\"https:\/\/i0.wp.com\/agrund.com\/wp-content\/uploads\/sites\/6\/2018\/02\/1-14-e1517938044948.jpg?fit=600%2C389&amp;ssl=1\" decoding=\"async\" loading=\"lazy\" class=\"size-full wp-image-178354\" src=\"https:\/\/i0.wp.com\/www.agrund.com\/wp-content\/uploads\/sites\/6\/2018\/02\/1-14-e1517938044948.jpg?resize=600%2C389\" alt=\"\" width=\"600\" height=\"389\" data-recalc-dims=\"1\" \/><p id=\"caption-attachment-178354\" class=\"wp-caption-text\">Natalie Portman estrela nova campanha de beleza da Dior<\/p><\/div>\n<div id=\"attachment_178355\" style=\"width: 610px\" class=\"wp-caption aligncenter\"><img aria-describedby=\"caption-attachment-178355\" data-attachment-id=\"178355\" data-permalink=\"https:\/\/agrund.com\/index.php\/natalie-portman-estrela-nova-campanha-de-beleza-da-dior\/2-1220\/\" data-orig-file=\"https:\/\/i0.wp.com\/agrund.com\/wp-content\/uploads\/sites\/6\/2018\/02\/2-12-e1517938117385.jpg?fit=600%2C900&amp;ssl=1\" data-orig-size=\"600,900\" data-comments-opened=\"1\" data-image-meta=\"{&quot;aperture&quot;:&quot;0&quot;,&quot;credit&quot;:&quot;&quot;,&quot;camera&quot;:&quot;&quot;,&quot;caption&quot;:&quot;&quot;,&quot;created_timestamp&quot;:&quot;0&quot;,&quot;copyright&quot;:&quot;&quot;,&quot;focal_length&quot;:&quot;0&quot;,&quot;iso&quot;:&quot;0&quot;,&quot;shutter_speed&quot;:&quot;0&quot;,&quot;title&quot;:&quot;&quot;,&quot;orientation&quot;:&quot;1&quot;}\" data-image-title=\"Natalie Portman estrela nova campanha de beleza da Dior\" data-image-description=\"\" data-image-caption=\"&lt;p&gt;Natalie Portman estrela nova campanha de beleza da Dior&lt;\/p&gt;\n\" data-medium-file=\"https:\/\/i0.wp.com\/agrund.com\/wp-content\/uploads\/sites\/6\/2018\/02\/2-12-e1517938117385.jpg?fit=200%2C300&amp;ssl=1\" data-large-file=\"https:\/\/i0.wp.com\/agrund.com\/wp-content\/uploads\/sites\/6\/2018\/02\/2-12-e1517938117385.jpg?fit=683%2C1024&amp;ssl=1\" decoding=\"async\" loading=\"lazy\" class=\"size-full wp-image-178355\" src=\"https:\/\/i0.wp.com\/www.agrund.com\/wp-content\/uploads\/sites\/6\/2018\/02\/2-12-e1517938117385.jpg?resize=600%2C900\" alt=\"\" width=\"600\" height=\"900\" data-recalc-dims=\"1\" \/><p id=\"caption-attachment-178355\" class=\"wp-caption-text\">Natalie Portman estrela nova campanha de beleza da Dior<\/p><\/div>\n<div id=\"attachment_178356\" style=\"width: 610px\" class=\"wp-caption aligncenter\"><img aria-describedby=\"caption-attachment-178356\" data-attachment-id=\"178356\" data-permalink=\"https:\/\/agrund.com\/index.php\/natalie-portman-estrela-nova-campanha-de-beleza-da-dior\/3-1137\/\" data-orig-file=\"https:\/\/i0.wp.com\/agrund.com\/wp-content\/uploads\/sites\/6\/2018\/02\/3-11-e1517938132381.jpg?fit=600%2C900&amp;ssl=1\" data-orig-size=\"600,900\" data-comments-opened=\"1\" data-image-meta=\"{&quot;aperture&quot;:&quot;0&quot;,&quot;credit&quot;:&quot;&quot;,&quot;camera&quot;:&quot;&quot;,&quot;caption&quot;:&quot;&quot;,&quot;created_timestamp&quot;:&quot;0&quot;,&quot;copyright&quot;:&quot;&quot;,&quot;focal_length&quot;:&quot;0&quot;,&quot;iso&quot;:&quot;0&quot;,&quot;shutter_speed&quot;:&quot;0&quot;,&quot;title&quot;:&quot;&quot;,&quot;orientation&quot;:&quot;1&quot;}\" data-image-title=\"Natalie Portman estrela nova campanha de beleza da Dior\" data-image-description=\"\" data-image-caption=\"&lt;p&gt;Natalie Portman estrela nova campanha de beleza da Dior&lt;\/p&gt;\n\" data-medium-file=\"https:\/\/i0.wp.com\/agrund.com\/wp-content\/uploads\/sites\/6\/2018\/02\/3-11-e1517938132381.jpg?fit=200%2C300&amp;ssl=1\" data-large-file=\"https:\/\/i0.wp.com\/agrund.com\/wp-content\/uploads\/sites\/6\/2018\/02\/3-11-e1517938132381.jpg?fit=683%2C1024&amp;ssl=1\" decoding=\"async\" loading=\"lazy\" class=\"size-full wp-image-178356\" src=\"https:\/\/i0.wp.com\/www.agrund.com\/wp-content\/uploads\/sites\/6\/2018\/02\/3-11-e1517938132381.jpg?resize=600%2C900\" alt=\"\" width=\"600\" height=\"900\" data-recalc-dims=\"1\" \/><p id=\"caption-attachment-178356\" class=\"wp-caption-text\">Natalie Portman estrela nova campanha de beleza da Dior<\/p><\/div>\n<div id=\"attachment_178357\" style=\"width: 610px\" class=\"wp-caption aligncenter\"><img aria-describedby=\"caption-attachment-178357\" data-attachment-id=\"178357\" data-permalink=\"https:\/\/agrund.com\/index.php\/natalie-portman-estrela-nova-campanha-de-beleza-da-dior\/4-1047\/\" data-orig-file=\"https:\/\/i0.wp.com\/agrund.com\/wp-content\/uploads\/sites\/6\/2018\/02\/4-9-e1517938157692.jpg?fit=600%2C400&amp;ssl=1\" data-orig-size=\"600,400\" data-comments-opened=\"1\" data-image-meta=\"{&quot;aperture&quot;:&quot;0&quot;,&quot;credit&quot;:&quot;&quot;,&quot;camera&quot;:&quot;&quot;,&quot;caption&quot;:&quot;&quot;,&quot;created_timestamp&quot;:&quot;0&quot;,&quot;copyright&quot;:&quot;&quot;,&quot;focal_length&quot;:&quot;0&quot;,&quot;iso&quot;:&quot;0&quot;,&quot;shutter_speed&quot;:&quot;0&quot;,&quot;title&quot;:&quot;&quot;,&quot;orientation&quot;:&quot;1&quot;}\" data-image-title=\"Natalie Portman estrela nova campanha de beleza da Dior\" data-image-description=\"\" data-image-caption=\"&lt;p&gt;Natalie Portman estrela nova campanha de beleza da Dior&lt;\/p&gt;\n\" data-medium-file=\"https:\/\/i0.wp.com\/agrund.com\/wp-content\/uploads\/sites\/6\/2018\/02\/4-9-e1517938157692.jpg?fit=300%2C200&amp;ssl=1\" data-large-file=\"https:\/\/i0.wp.com\/agrund.com\/wp-content\/uploads\/sites\/6\/2018\/02\/4-9-e1517938157692.jpg?fit=600%2C400&amp;ssl=1\" decoding=\"async\" loading=\"lazy\" class=\"size-full wp-image-178357\" src=\"https:\/\/i0.wp.com\/www.agrund.com\/wp-content\/uploads\/sites\/6\/2018\/02\/4-9-e1517938157692.jpg?resize=600%2C400\" alt=\"\" width=\"600\" height=\"400\" data-recalc-dims=\"1\" \/><p id=\"caption-attachment-178357\" class=\"wp-caption-text\">Natalie Portman estrela nova campanha de beleza da Dior<\/p><\/div>\n<p>Fotos: Reprodu\u00e7\u00e3o.<\/p>\n","protected":false},"excerpt":{"rendered":"<p>Natalie Portman acaba de colocar mais uma campanha da Dior em seu curr\u00edculo. A atriz \u00e9 o novo rosto da base DiorSkin Forever Undercover, produto que promete uma cobertura bem natural da pele. Na primeira foto oficial, Natalie aparece com os cabelos curtos em um messy hair, pele perfeita e um smokey eye. Al\u00e9m deste [&hellip;]<\/p>\n","protected":false},"author":8,"featured_media":178358,"comment_status":"open","ping_status":"open","sticky":false,"template":"","format":"standard","meta":{"jetpack_post_was_ever_published":false,"_jetpack_newsletter_access":"","jetpack_publicize_message":"","jetpack_is_tweetstorm":false,"jetpack_publicize_feature_enabled":true,"jetpack_social_post_already_shared":true,"jetpack_social_options":{"image_generator_settings":{"template":"highway","enabled":false}}},"categories":[2],"tags":[],"jetpack_publicize_connections":[],"jetpack_featured_media_url":"https:\/\/i0.wp.com\/agrund.com\/wp-content\/uploads\/sites\/6\/2018\/02\/s-21.jpg?fit=960%2C300&ssl=1","jetpack_sharing_enabled":true,"jetpack_shortlink":"https:\/\/wp.me\/p3Hz0n-KoF","jetpack_likes_enabled":true,"_links":{"self":[{"href":"https:\/\/agrund.com\/index.php\/wp-json\/wp\/v2\/posts\/178353"}],"collection":[{"href":"https:\/\/agrund.com\/index.php\/wp-json\/wp\/v2\/posts"}],"about":[{"href":"https:\/\/agrund.com\/index.php\/wp-json\/wp\/v2\/types\/post"}],"author":[{"embeddable":true,"href":"https:\/\/agrund.com\/index.php\/wp-json\/wp\/v2\/users\/8"}],"replies":[{"embeddable":true,"href":"https:\/\/agrund.com\/index.php\/wp-json\/wp\/v2\/comments?post=178353"}],"version-history":[{"count":0,"href":"https:\/\/agrund.com\/index.php\/wp-json\/wp\/v2\/posts\/178353\/revisions"}],"wp:featuredmedia":[{"embeddable":true,"href":"https:\/\/agrund.com\/index.php\/wp-json\/wp\/v2\/media\/178358"}],"wp:attachment":[{"href":"https:\/\/agrund.com\/index.php\/wp-json\/wp\/v2\/media?parent=178353"}],"wp:term":[{"taxonomy":"category","embeddable":true,"href":"https:\/\/agrund.com\/index.php\/wp-json\/wp\/v2\/categories?post=178353"},{"taxonomy":"post_tag","embeddable":true,"href":"https:\/\/agrund.com\/index.php\/wp-json\/wp\/v2\/tags?post=178353"}],"curies":[{"name":"wp","href":"https:\/\/api.w.org\/{rel}","templated":true}]}}