{"id":178332,"date":"2018-02-06T13:00:38","date_gmt":"2018-02-06T15:00:38","guid":{"rendered":"http:\/\/www.agrund.com\/?p=178332"},"modified":"2018-02-06T13:25:12","modified_gmt":"2018-02-06T15:25:12","slug":"modelo-brasileiro-estrela-campanha-da-balmain","status":"publish","type":"post","link":"https:\/\/agrund.com\/index.php\/modelo-brasileiro-estrela-campanha-da-balmain\/","title":{"rendered":"Modelo brasileiro estrela campanha da Balmain"},"content":{"rendered":"<p>Tem new face brasileiro como novo rosto da Balmain! Diretamente de Salvador, Ariel Rosa desfilou para a grife na semana de moda de Paris e agora estrela a campanha primavera\/ver\u00e3o 2018.<\/p>\n<p>Com seus cabelos loiros na altura dos ombros, Ariel est\u00e1 se destacando no mundo da moda e nas fotos n\u00e3o seria diferente. Nos cliques vemos ele ao lado dos modelos Davy Swart, Emil Wikstrom e Maxime Findeling. Todos eles vestem looks p&amp;b da marca com detalhes de brilho e correntes, que j\u00e1 s\u00e3o caracter\u00edsticos da Balmain. Confira:<\/p>\n<div id=\"attachment_178333\" style=\"width: 610px\" class=\"wp-caption aligncenter\"><img aria-describedby=\"caption-attachment-178333\" data-attachment-id=\"178333\" data-permalink=\"https:\/\/agrund.com\/index.php\/modelo-brasileiro-estrela-campanha-da-balmain\/ariel-rosa-para-balmain-01\/\" data-orig-file=\"https:\/\/i0.wp.com\/agrund.com\/wp-content\/uploads\/sites\/6\/2018\/02\/Ariel-Rosa-para-Balmain-01-e1517930278864.jpg?fit=600%2C406&amp;ssl=1\" data-orig-size=\"600,406\" data-comments-opened=\"1\" data-image-meta=\"{&quot;aperture&quot;:&quot;0&quot;,&quot;credit&quot;:&quot;&quot;,&quot;camera&quot;:&quot;&quot;,&quot;caption&quot;:&quot;&quot;,&quot;created_timestamp&quot;:&quot;0&quot;,&quot;copyright&quot;:&quot;&quot;,&quot;focal_length&quot;:&quot;0&quot;,&quot;iso&quot;:&quot;0&quot;,&quot;shutter_speed&quot;:&quot;0&quot;,&quot;title&quot;:&quot;&quot;,&quot;orientation&quot;:&quot;1&quot;}\" data-image-title=\"Modelo brasileiro estrela campanha da Balmain\" data-image-description=\"\" data-image-caption=\"&lt;p&gt;Modelo brasileiro estrela campanha da Balmain&lt;\/p&gt;\n\" data-medium-file=\"https:\/\/i0.wp.com\/agrund.com\/wp-content\/uploads\/sites\/6\/2018\/02\/Ariel-Rosa-para-Balmain-01-e1517930278864.jpg?fit=300%2C203&amp;ssl=1\" data-large-file=\"https:\/\/i0.wp.com\/agrund.com\/wp-content\/uploads\/sites\/6\/2018\/02\/Ariel-Rosa-para-Balmain-01-e1517930278864.jpg?fit=600%2C406&amp;ssl=1\" decoding=\"async\" loading=\"lazy\" class=\"size-full wp-image-178333\" src=\"https:\/\/i0.wp.com\/www.agrund.com\/wp-content\/uploads\/sites\/6\/2018\/02\/Ariel-Rosa-para-Balmain-01-e1517930278864.jpg?resize=600%2C406\" alt=\"\" width=\"600\" height=\"406\" data-recalc-dims=\"1\" \/><p id=\"caption-attachment-178333\" class=\"wp-caption-text\">Modelo brasileiro estrela campanha da Balmain<\/p><\/div>\n<div id=\"attachment_178334\" style=\"width: 610px\" class=\"wp-caption aligncenter\"><img aria-describedby=\"caption-attachment-178334\" data-attachment-id=\"178334\" data-permalink=\"https:\/\/agrund.com\/index.php\/modelo-brasileiro-estrela-campanha-da-balmain\/ariel-rosa-para-balmain-02\/\" data-orig-file=\"https:\/\/i0.wp.com\/agrund.com\/wp-content\/uploads\/sites\/6\/2018\/02\/Ariel-Rosa-para-Balmain-02-e1517930292510.jpg?fit=600%2C406&amp;ssl=1\" data-orig-size=\"600,406\" data-comments-opened=\"1\" data-image-meta=\"{&quot;aperture&quot;:&quot;0&quot;,&quot;credit&quot;:&quot;&quot;,&quot;camera&quot;:&quot;&quot;,&quot;caption&quot;:&quot;&quot;,&quot;created_timestamp&quot;:&quot;0&quot;,&quot;copyright&quot;:&quot;&quot;,&quot;focal_length&quot;:&quot;0&quot;,&quot;iso&quot;:&quot;0&quot;,&quot;shutter_speed&quot;:&quot;0&quot;,&quot;title&quot;:&quot;&quot;,&quot;orientation&quot;:&quot;1&quot;}\" data-image-title=\"Modelo brasileiro estrela campanha da Balmain\" data-image-description=\"\" data-image-caption=\"&lt;p&gt;Modelo brasileiro estrela campanha da Balmain&lt;\/p&gt;\n\" data-medium-file=\"https:\/\/i0.wp.com\/agrund.com\/wp-content\/uploads\/sites\/6\/2018\/02\/Ariel-Rosa-para-Balmain-02-e1517930292510.jpg?fit=300%2C203&amp;ssl=1\" data-large-file=\"https:\/\/i0.wp.com\/agrund.com\/wp-content\/uploads\/sites\/6\/2018\/02\/Ariel-Rosa-para-Balmain-02-e1517930292510.jpg?fit=600%2C406&amp;ssl=1\" decoding=\"async\" loading=\"lazy\" class=\"size-full wp-image-178334\" src=\"https:\/\/i0.wp.com\/www.agrund.com\/wp-content\/uploads\/sites\/6\/2018\/02\/Ariel-Rosa-para-Balmain-02-e1517930292510.jpg?resize=600%2C406\" alt=\"\" width=\"600\" height=\"406\" data-recalc-dims=\"1\" \/><p id=\"caption-attachment-178334\" class=\"wp-caption-text\">Modelo brasileiro estrela campanha da Balmain<\/p><\/div>\n<div id=\"attachment_178335\" style=\"width: 610px\" class=\"wp-caption aligncenter\"><img aria-describedby=\"caption-attachment-178335\" data-attachment-id=\"178335\" data-permalink=\"https:\/\/agrund.com\/index.php\/modelo-brasileiro-estrela-campanha-da-balmain\/ariel-rosa-para-balmain-03\/\" data-orig-file=\"https:\/\/i0.wp.com\/agrund.com\/wp-content\/uploads\/sites\/6\/2018\/02\/Ariel-Rosa-para-Balmain-03-e1517930322251.jpg?fit=600%2C409&amp;ssl=1\" data-orig-size=\"600,409\" data-comments-opened=\"1\" data-image-meta=\"{&quot;aperture&quot;:&quot;0&quot;,&quot;credit&quot;:&quot;&quot;,&quot;camera&quot;:&quot;&quot;,&quot;caption&quot;:&quot;&quot;,&quot;created_timestamp&quot;:&quot;0&quot;,&quot;copyright&quot;:&quot;&quot;,&quot;focal_length&quot;:&quot;0&quot;,&quot;iso&quot;:&quot;0&quot;,&quot;shutter_speed&quot;:&quot;0&quot;,&quot;title&quot;:&quot;&quot;,&quot;orientation&quot;:&quot;1&quot;}\" data-image-title=\"Modelo brasileiro estrela campanha da Balmain\" data-image-description=\"\" data-image-caption=\"&lt;p&gt;Modelo brasileiro estrela campanha da Balmain&lt;\/p&gt;\n\" data-medium-file=\"https:\/\/i0.wp.com\/agrund.com\/wp-content\/uploads\/sites\/6\/2018\/02\/Ariel-Rosa-para-Balmain-03-e1517930322251.jpg?fit=300%2C205&amp;ssl=1\" data-large-file=\"https:\/\/i0.wp.com\/agrund.com\/wp-content\/uploads\/sites\/6\/2018\/02\/Ariel-Rosa-para-Balmain-03-e1517930322251.jpg?fit=600%2C409&amp;ssl=1\" decoding=\"async\" loading=\"lazy\" class=\"size-full wp-image-178335\" src=\"https:\/\/i0.wp.com\/www.agrund.com\/wp-content\/uploads\/sites\/6\/2018\/02\/Ariel-Rosa-para-Balmain-03-e1517930322251.jpg?resize=600%2C409\" alt=\"\" width=\"600\" height=\"409\" data-recalc-dims=\"1\" \/><p id=\"caption-attachment-178335\" class=\"wp-caption-text\">Modelo brasileiro estrela campanha da Balmain<\/p><\/div>\n<div id=\"attachment_178336\" style=\"width: 610px\" class=\"wp-caption aligncenter\"><img aria-describedby=\"caption-attachment-178336\" data-attachment-id=\"178336\" data-permalink=\"https:\/\/agrund.com\/index.php\/modelo-brasileiro-estrela-campanha-da-balmain\/ariel-rosa-para-balmain-04\/\" data-orig-file=\"https:\/\/i0.wp.com\/agrund.com\/wp-content\/uploads\/sites\/6\/2018\/02\/Ariel-Rosa-para-Balmain-04-e1517930334560.jpg?fit=600%2C407&amp;ssl=1\" data-orig-size=\"600,407\" data-comments-opened=\"1\" data-image-meta=\"{&quot;aperture&quot;:&quot;0&quot;,&quot;credit&quot;:&quot;&quot;,&quot;camera&quot;:&quot;&quot;,&quot;caption&quot;:&quot;&quot;,&quot;created_timestamp&quot;:&quot;0&quot;,&quot;copyright&quot;:&quot;&quot;,&quot;focal_length&quot;:&quot;0&quot;,&quot;iso&quot;:&quot;0&quot;,&quot;shutter_speed&quot;:&quot;0&quot;,&quot;title&quot;:&quot;&quot;,&quot;orientation&quot;:&quot;1&quot;}\" data-image-title=\"Modelo brasileiro estrela campanha da Balmain\" data-image-description=\"\" data-image-caption=\"&lt;p&gt;Modelo brasileiro estrela campanha da Balmain&lt;\/p&gt;\n\" data-medium-file=\"https:\/\/i0.wp.com\/agrund.com\/wp-content\/uploads\/sites\/6\/2018\/02\/Ariel-Rosa-para-Balmain-04-e1517930334560.jpg?fit=300%2C204&amp;ssl=1\" data-large-file=\"https:\/\/i0.wp.com\/agrund.com\/wp-content\/uploads\/sites\/6\/2018\/02\/Ariel-Rosa-para-Balmain-04-e1517930334560.jpg?fit=600%2C407&amp;ssl=1\" decoding=\"async\" loading=\"lazy\" class=\"size-full wp-image-178336\" src=\"https:\/\/i0.wp.com\/www.agrund.com\/wp-content\/uploads\/sites\/6\/2018\/02\/Ariel-Rosa-para-Balmain-04-e1517930334560.jpg?resize=600%2C407\" alt=\"\" width=\"600\" height=\"407\" data-recalc-dims=\"1\" \/><p id=\"caption-attachment-178336\" class=\"wp-caption-text\">Modelo brasileiro estrela campanha da Balmain<\/p><\/div>\n<p>&nbsp;<\/p>\n<p>Fotos: Reprodu\u00e7\u00e3o.<\/p>\n","protected":false},"excerpt":{"rendered":"<p>Tem new face brasileiro como novo rosto da Balmain! Diretamente de Salvador, Ariel Rosa desfilou para a grife na semana de moda de Paris e agora estrela a campanha primavera\/ver\u00e3o 2018. Com seus cabelos loiros na altura dos ombros, Ariel est\u00e1 se destacando no mundo da moda e nas fotos n\u00e3o seria diferente. Nos cliques [&hellip;]<\/p>\n","protected":false},"author":8,"featured_media":178337,"comment_status":"open","ping_status":"open","sticky":false,"template":"","format":"standard","meta":{"jetpack_post_was_ever_published":false,"_jetpack_newsletter_access":"","jetpack_publicize_message":"","jetpack_is_tweetstorm":false,"jetpack_publicize_feature_enabled":true,"jetpack_social_post_already_shared":true,"jetpack_social_options":{"image_generator_settings":{"template":"highway","enabled":false}}},"categories":[2],"tags":[],"jetpack_publicize_connections":[],"jetpack_featured_media_url":"https:\/\/i0.wp.com\/agrund.com\/wp-content\/uploads\/sites\/6\/2018\/02\/s-18.jpg?fit=960%2C300&ssl=1","jetpack_sharing_enabled":true,"jetpack_shortlink":"https:\/\/wp.me\/p3Hz0n-Kok","jetpack_likes_enabled":true,"_links":{"self":[{"href":"https:\/\/agrund.com\/index.php\/wp-json\/wp\/v2\/posts\/178332"}],"collection":[{"href":"https:\/\/agrund.com\/index.php\/wp-json\/wp\/v2\/posts"}],"about":[{"href":"https:\/\/agrund.com\/index.php\/wp-json\/wp\/v2\/types\/post"}],"author":[{"embeddable":true,"href":"https:\/\/agrund.com\/index.php\/wp-json\/wp\/v2\/users\/8"}],"replies":[{"embeddable":true,"href":"https:\/\/agrund.com\/index.php\/wp-json\/wp\/v2\/comments?post=178332"}],"version-history":[{"count":0,"href":"https:\/\/agrund.com\/index.php\/wp-json\/wp\/v2\/posts\/178332\/revisions"}],"wp:featuredmedia":[{"embeddable":true,"href":"https:\/\/agrund.com\/index.php\/wp-json\/wp\/v2\/media\/178337"}],"wp:attachment":[{"href":"https:\/\/agrund.com\/index.php\/wp-json\/wp\/v2\/media?parent=178332"}],"wp:term":[{"taxonomy":"category","embeddable":true,"href":"https:\/\/agrund.com\/index.php\/wp-json\/wp\/v2\/categories?post=178332"},{"taxonomy":"post_tag","embeddable":true,"href":"https:\/\/agrund.com\/index.php\/wp-json\/wp\/v2\/tags?post=178332"}],"curies":[{"name":"wp","href":"https:\/\/api.w.org\/{rel}","templated":true}]}}