{"id":178284,"date":"2018-02-05T15:00:04","date_gmt":"2018-02-05T17:00:04","guid":{"rendered":"http:\/\/www.agrund.com\/?p=178284"},"modified":"2018-02-05T14:05:07","modified_gmt":"2018-02-05T16:05:07","slug":"kendall-jenner-aproveita-a-praia-em-nova-campanha","status":"publish","type":"post","link":"https:\/\/agrund.com\/index.php\/kendall-jenner-aproveita-a-praia-em-nova-campanha\/","title":{"rendered":"Kendall Jenner aproveita a praia em nova campanha"},"content":{"rendered":"<p>Kendall Jenner \u00e9 o novo rosto da joalheria Ippolita, mas n\u00e3o espere uma campanha convencional. Para apresentar sua cole\u00e7\u00e3o primavera\/ver\u00e3o 2018, a marca levou a praia para dentro do est\u00fadio. Como?<\/p>\n<p>Nos cliques, vemos Kendall de biqu\u00edni e chap\u00e9u, como se estivesse tomando sol na areia. Para dar um toque de humor, ao lado da modelo est\u00e1 uma revista de fofoca com uma machete sobre ela.<\/p>\n<p>A fotografia \u00e9 de Alex Prager e voc\u00ea confere na galeria abaixo:<\/p>\n<div id=\"attachment_178285\" style=\"width: 610px\" class=\"wp-caption aligncenter\"><img aria-describedby=\"caption-attachment-178285\" data-attachment-id=\"178285\" data-permalink=\"https:\/\/agrund.com\/index.php\/kendall-jenner-aproveita-a-praia-em-nova-campanha\/1-1269\/\" data-orig-file=\"https:\/\/i0.wp.com\/agrund.com\/wp-content\/uploads\/sites\/6\/2018\/02\/1-8-e1517846526385.jpg?fit=600%2C750&amp;ssl=1\" data-orig-size=\"600,750\" data-comments-opened=\"1\" data-image-meta=\"{&quot;aperture&quot;:&quot;0&quot;,&quot;credit&quot;:&quot;&quot;,&quot;camera&quot;:&quot;&quot;,&quot;caption&quot;:&quot;&quot;,&quot;created_timestamp&quot;:&quot;0&quot;,&quot;copyright&quot;:&quot;&quot;,&quot;focal_length&quot;:&quot;0&quot;,&quot;iso&quot;:&quot;0&quot;,&quot;shutter_speed&quot;:&quot;0&quot;,&quot;title&quot;:&quot;&quot;,&quot;orientation&quot;:&quot;1&quot;}\" data-image-title=\"Kendall Jenner aproveita a praia em nova campanha\" data-image-description=\"\" data-image-caption=\"&lt;p&gt;Kendall Jenner aproveita a praia em nova campanha&lt;\/p&gt;\n\" data-medium-file=\"https:\/\/i0.wp.com\/agrund.com\/wp-content\/uploads\/sites\/6\/2018\/02\/1-8-e1517846526385.jpg?fit=240%2C300&amp;ssl=1\" data-large-file=\"https:\/\/i0.wp.com\/agrund.com\/wp-content\/uploads\/sites\/6\/2018\/02\/1-8-e1517846526385.jpg?fit=600%2C750&amp;ssl=1\" decoding=\"async\" loading=\"lazy\" class=\"size-full wp-image-178285\" src=\"https:\/\/i0.wp.com\/www.agrund.com\/wp-content\/uploads\/sites\/6\/2018\/02\/1-8-e1517846526385.jpg?resize=600%2C750\" alt=\"\" width=\"600\" height=\"750\" data-recalc-dims=\"1\" \/><p id=\"caption-attachment-178285\" class=\"wp-caption-text\">Kendall Jenner aproveita a praia em nova campanha<\/p><\/div>\n<div id=\"attachment_178286\" style=\"width: 610px\" class=\"wp-caption aligncenter\"><img aria-describedby=\"caption-attachment-178286\" data-attachment-id=\"178286\" data-permalink=\"https:\/\/agrund.com\/index.php\/kendall-jenner-aproveita-a-praia-em-nova-campanha\/2-1215\/\" data-orig-file=\"https:\/\/i0.wp.com\/agrund.com\/wp-content\/uploads\/sites\/6\/2018\/02\/2-7-e1517846551800.jpg?fit=600%2C780&amp;ssl=1\" data-orig-size=\"600,780\" data-comments-opened=\"1\" data-image-meta=\"{&quot;aperture&quot;:&quot;0&quot;,&quot;credit&quot;:&quot;&quot;,&quot;camera&quot;:&quot;&quot;,&quot;caption&quot;:&quot;&quot;,&quot;created_timestamp&quot;:&quot;0&quot;,&quot;copyright&quot;:&quot;&quot;,&quot;focal_length&quot;:&quot;0&quot;,&quot;iso&quot;:&quot;0&quot;,&quot;shutter_speed&quot;:&quot;0&quot;,&quot;title&quot;:&quot;&quot;,&quot;orientation&quot;:&quot;1&quot;}\" data-image-title=\"Kendall Jenner aproveita a praia em nova campanha\" data-image-description=\"\" data-image-caption=\"&lt;p&gt;Kendall Jenner aproveita a praia em nova campanha&lt;\/p&gt;\n\" data-medium-file=\"https:\/\/i0.wp.com\/agrund.com\/wp-content\/uploads\/sites\/6\/2018\/02\/2-7-e1517846551800.jpg?fit=231%2C300&amp;ssl=1\" data-large-file=\"https:\/\/i0.wp.com\/agrund.com\/wp-content\/uploads\/sites\/6\/2018\/02\/2-7-e1517846551800.jpg?fit=788%2C1024&amp;ssl=1\" decoding=\"async\" loading=\"lazy\" class=\"size-full wp-image-178286\" src=\"https:\/\/i0.wp.com\/www.agrund.com\/wp-content\/uploads\/sites\/6\/2018\/02\/2-7-e1517846551800.jpg?resize=600%2C780\" alt=\"\" width=\"600\" height=\"780\" data-recalc-dims=\"1\" \/><p id=\"caption-attachment-178286\" class=\"wp-caption-text\">Kendall Jenner aproveita a praia em nova campanha<\/p><\/div>\n<div id=\"attachment_178287\" style=\"width: 610px\" class=\"wp-caption aligncenter\"><img aria-describedby=\"caption-attachment-178287\" data-attachment-id=\"178287\" data-permalink=\"https:\/\/agrund.com\/index.php\/kendall-jenner-aproveita-a-praia-em-nova-campanha\/3-1132\/\" data-orig-file=\"https:\/\/i0.wp.com\/agrund.com\/wp-content\/uploads\/sites\/6\/2018\/02\/3-7-e1517846563448.jpg?fit=600%2C770&amp;ssl=1\" data-orig-size=\"600,770\" data-comments-opened=\"1\" data-image-meta=\"{&quot;aperture&quot;:&quot;0&quot;,&quot;credit&quot;:&quot;&quot;,&quot;camera&quot;:&quot;&quot;,&quot;caption&quot;:&quot;&quot;,&quot;created_timestamp&quot;:&quot;0&quot;,&quot;copyright&quot;:&quot;&quot;,&quot;focal_length&quot;:&quot;0&quot;,&quot;iso&quot;:&quot;0&quot;,&quot;shutter_speed&quot;:&quot;0&quot;,&quot;title&quot;:&quot;&quot;,&quot;orientation&quot;:&quot;1&quot;}\" data-image-title=\"Kendall Jenner aproveita a praia em nova campanha\" data-image-description=\"\" data-image-caption=\"&lt;p&gt;Kendall Jenner aproveita a praia em nova campanha&lt;\/p&gt;\n\" data-medium-file=\"https:\/\/i0.wp.com\/agrund.com\/wp-content\/uploads\/sites\/6\/2018\/02\/3-7-e1517846563448.jpg?fit=234%2C300&amp;ssl=1\" data-large-file=\"https:\/\/i0.wp.com\/agrund.com\/wp-content\/uploads\/sites\/6\/2018\/02\/3-7-e1517846563448.jpg?fit=798%2C1024&amp;ssl=1\" decoding=\"async\" loading=\"lazy\" class=\"size-full wp-image-178287\" src=\"https:\/\/i0.wp.com\/www.agrund.com\/wp-content\/uploads\/sites\/6\/2018\/02\/3-7-e1517846563448.jpg?resize=600%2C770\" alt=\"\" width=\"600\" height=\"770\" data-recalc-dims=\"1\" \/><p id=\"caption-attachment-178287\" class=\"wp-caption-text\">Kendall Jenner aproveita a praia em nova campanha<\/p><\/div>\n<p>Fotos: Reprodu\u00e7\u00e3o.<\/p>\n","protected":false},"excerpt":{"rendered":"<p>Kendall Jenner \u00e9 o novo rosto da joalheria Ippolita, mas n\u00e3o espere uma campanha convencional. Para apresentar sua cole\u00e7\u00e3o primavera\/ver\u00e3o 2018, a marca levou a praia para dentro do est\u00fadio. Como? Nos cliques, vemos Kendall de biqu\u00edni e chap\u00e9u, como se estivesse tomando sol na areia. Para dar um toque de humor, ao lado da [&hellip;]<\/p>\n","protected":false},"author":8,"featured_media":178288,"comment_status":"open","ping_status":"open","sticky":false,"template":"","format":"standard","meta":{"jetpack_post_was_ever_published":false,"_jetpack_newsletter_access":"","jetpack_publicize_message":"","jetpack_is_tweetstorm":false,"jetpack_publicize_feature_enabled":true,"jetpack_social_post_already_shared":true,"jetpack_social_options":{"image_generator_settings":{"template":"highway","enabled":false}}},"categories":[2],"tags":[],"jetpack_publicize_connections":[],"jetpack_featured_media_url":"https:\/\/i0.wp.com\/agrund.com\/wp-content\/uploads\/sites\/6\/2018\/02\/s-13.jpg?fit=960%2C300&ssl=1","jetpack_sharing_enabled":true,"jetpack_shortlink":"https:\/\/wp.me\/p3Hz0n-Kny","jetpack_likes_enabled":true,"_links":{"self":[{"href":"https:\/\/agrund.com\/index.php\/wp-json\/wp\/v2\/posts\/178284"}],"collection":[{"href":"https:\/\/agrund.com\/index.php\/wp-json\/wp\/v2\/posts"}],"about":[{"href":"https:\/\/agrund.com\/index.php\/wp-json\/wp\/v2\/types\/post"}],"author":[{"embeddable":true,"href":"https:\/\/agrund.com\/index.php\/wp-json\/wp\/v2\/users\/8"}],"replies":[{"embeddable":true,"href":"https:\/\/agrund.com\/index.php\/wp-json\/wp\/v2\/comments?post=178284"}],"version-history":[{"count":0,"href":"https:\/\/agrund.com\/index.php\/wp-json\/wp\/v2\/posts\/178284\/revisions"}],"wp:featuredmedia":[{"embeddable":true,"href":"https:\/\/agrund.com\/index.php\/wp-json\/wp\/v2\/media\/178288"}],"wp:attachment":[{"href":"https:\/\/agrund.com\/index.php\/wp-json\/wp\/v2\/media?parent=178284"}],"wp:term":[{"taxonomy":"category","embeddable":true,"href":"https:\/\/agrund.com\/index.php\/wp-json\/wp\/v2\/categories?post=178284"},{"taxonomy":"post_tag","embeddable":true,"href":"https:\/\/agrund.com\/index.php\/wp-json\/wp\/v2\/tags?post=178284"}],"curies":[{"name":"wp","href":"https:\/\/api.w.org\/{rel}","templated":true}]}}