{"id":178249,"date":"2018-02-02T14:00:03","date_gmt":"2018-02-02T16:00:03","guid":{"rendered":"http:\/\/www.agrund.com\/?p=178249"},"modified":"2018-02-02T10:47:11","modified_gmt":"2018-02-02T12:47:11","slug":"olivia-munn-ou-saoirse-ronan-quem-usou-melhor","status":"publish","type":"post","link":"https:\/\/agrund.com\/index.php\/olivia-munn-ou-saoirse-ronan-quem-usou-melhor\/","title":{"rendered":"Olivia Munn ou Saoirse Ronan: Quem usou melhor?"},"content":{"rendered":"<p>A disputa fashion de hoje \u00e9 em Hollywood. As atrizes Olivia Munn e Saoirse Ronan escolheram o mesmo conjunto de short e blazer da Laura Basci para ir a eventos diferentes.<\/p>\n<p>Olivia usou o blazer abotoado como se fosse a blusa do look e complementou a produ\u00e7\u00e3o com o cl\u00e1ssico scarpin preto. J\u00e1 Saoirse colocou uma camisa branca com um la\u00e7o na gola por baixo do blazer e investiu em sand\u00e1lias pretas de tiras.<\/p>\n<p>E a\u00ed, quem usou melhor?<\/p>\n<div id=\"attachment_178250\" style=\"width: 610px\" class=\"wp-caption aligncenter\"><img aria-describedby=\"caption-attachment-178250\" data-attachment-id=\"178250\" data-permalink=\"https:\/\/agrund.com\/index.php\/olivia-munn-ou-saoirse-ronan-quem-usou-melhor\/img_0918\/\" data-orig-file=\"https:\/\/i0.wp.com\/agrund.com\/wp-content\/uploads\/sites\/6\/2018\/02\/IMG_0918-e1517575601578.jpg?fit=600%2C800&amp;ssl=1\" data-orig-size=\"600,800\" data-comments-opened=\"1\" data-image-meta=\"{&quot;aperture&quot;:&quot;0&quot;,&quot;credit&quot;:&quot;&quot;,&quot;camera&quot;:&quot;&quot;,&quot;caption&quot;:&quot;&quot;,&quot;created_timestamp&quot;:&quot;0&quot;,&quot;copyright&quot;:&quot;&quot;,&quot;focal_length&quot;:&quot;0&quot;,&quot;iso&quot;:&quot;0&quot;,&quot;shutter_speed&quot;:&quot;0&quot;,&quot;title&quot;:&quot;&quot;,&quot;orientation&quot;:&quot;0&quot;}\" data-image-title=\"Olivia Munn ou Saoirse Ronan: Quem usou melhor?\" data-image-description=\"\" data-image-caption=\"&lt;p&gt;Olivia Munn ou Saoirse Ronan: Quem usou melhor?&lt;\/p&gt;\n\" data-medium-file=\"https:\/\/i0.wp.com\/agrund.com\/wp-content\/uploads\/sites\/6\/2018\/02\/IMG_0918-e1517575601578.jpg?fit=225%2C300&amp;ssl=1\" data-large-file=\"https:\/\/i0.wp.com\/agrund.com\/wp-content\/uploads\/sites\/6\/2018\/02\/IMG_0918-e1517575601578.jpg?fit=600%2C800&amp;ssl=1\" decoding=\"async\" loading=\"lazy\" class=\"size-full wp-image-178250\" src=\"https:\/\/i0.wp.com\/www.agrund.com\/wp-content\/uploads\/sites\/6\/2018\/02\/IMG_0918-e1517575601578.jpg?resize=600%2C800\" alt=\"\" width=\"600\" height=\"800\" data-recalc-dims=\"1\" \/><p id=\"caption-attachment-178250\" class=\"wp-caption-text\">Olivia Munn ou Saoirse Ronan: Quem usou melhor?<\/p><\/div>\n<p>Fotos: Reprodu\u00e7\u00e3o.<\/p>\n","protected":false},"excerpt":{"rendered":"<p>A disputa fashion de hoje \u00e9 em Hollywood. As atrizes Olivia Munn e Saoirse Ronan escolheram o mesmo conjunto de short e blazer da Laura Basci para ir a eventos diferentes. Olivia usou o blazer abotoado como se fosse a blusa do look e complementou a produ\u00e7\u00e3o com o cl\u00e1ssico scarpin preto. J\u00e1 Saoirse colocou [&hellip;]<\/p>\n","protected":false},"author":8,"featured_media":178251,"comment_status":"open","ping_status":"open","sticky":false,"template":"","format":"standard","meta":{"jetpack_post_was_ever_published":false,"_jetpack_newsletter_access":"","jetpack_publicize_message":"","jetpack_is_tweetstorm":false,"jetpack_publicize_feature_enabled":true,"jetpack_social_post_already_shared":true,"jetpack_social_options":{"image_generator_settings":{"template":"highway","enabled":false}}},"categories":[2],"tags":[],"jetpack_publicize_connections":[],"jetpack_featured_media_url":"https:\/\/i0.wp.com\/agrund.com\/wp-content\/uploads\/sites\/6\/2018\/02\/s-10.jpg?fit=960%2C300&ssl=1","jetpack_sharing_enabled":true,"jetpack_shortlink":"https:\/\/wp.me\/p3Hz0n-KmZ","jetpack_likes_enabled":true,"_links":{"self":[{"href":"https:\/\/agrund.com\/index.php\/wp-json\/wp\/v2\/posts\/178249"}],"collection":[{"href":"https:\/\/agrund.com\/index.php\/wp-json\/wp\/v2\/posts"}],"about":[{"href":"https:\/\/agrund.com\/index.php\/wp-json\/wp\/v2\/types\/post"}],"author":[{"embeddable":true,"href":"https:\/\/agrund.com\/index.php\/wp-json\/wp\/v2\/users\/8"}],"replies":[{"embeddable":true,"href":"https:\/\/agrund.com\/index.php\/wp-json\/wp\/v2\/comments?post=178249"}],"version-history":[{"count":0,"href":"https:\/\/agrund.com\/index.php\/wp-json\/wp\/v2\/posts\/178249\/revisions"}],"wp:featuredmedia":[{"embeddable":true,"href":"https:\/\/agrund.com\/index.php\/wp-json\/wp\/v2\/media\/178251"}],"wp:attachment":[{"href":"https:\/\/agrund.com\/index.php\/wp-json\/wp\/v2\/media?parent=178249"}],"wp:term":[{"taxonomy":"category","embeddable":true,"href":"https:\/\/agrund.com\/index.php\/wp-json\/wp\/v2\/categories?post=178249"},{"taxonomy":"post_tag","embeddable":true,"href":"https:\/\/agrund.com\/index.php\/wp-json\/wp\/v2\/tags?post=178249"}],"curies":[{"name":"wp","href":"https:\/\/api.w.org\/{rel}","templated":true}]}}