{"id":178239,"date":"2018-02-02T15:00:33","date_gmt":"2018-02-02T17:00:33","guid":{"rendered":"http:\/\/www.agrund.com\/?p=178239"},"modified":"2018-02-02T14:55:19","modified_gmt":"2018-02-02T16:55:19","slug":"highlights-da-alta-costura-de-verao-2018","status":"publish","type":"post","link":"https:\/\/agrund.com\/index.php\/highlights-da-alta-costura-de-verao-2018\/","title":{"rendered":"Highlights da alta-costura de ver\u00e3o 2018"},"content":{"rendered":"<p>Por Let\u00edcia Santana<\/p>\n<p>A temporada de alta-costura \u00e9 sempre um dos momentos mais esperados por todo fashionista que se preze. Todas as aten\u00e7\u00f5es e flashes se voltam para esse momento de glamour, sendo cada modelito analisado profundamente. Na \u00faltima semana, foram apresentadas as cole\u00e7\u00f5es de Ver\u00e3o 2018 em Paris e, como j\u00e1 \u00e9 de costume, entre os desfiles mais aguardados estavam Zuhair Murad e Elie Saab.<\/p>\n<p><img data-attachment-id=\"178241\" data-permalink=\"https:\/\/agrund.com\/index.php\/highlights-da-alta-costura-de-verao-2018\/lac%cc%a7os-desfiles\/\" data-orig-file=\"https:\/\/i0.wp.com\/agrund.com\/wp-content\/uploads\/sites\/6\/2018\/02\/Lac\u0327os-desfiles.jpeg?fit=600%2C600&amp;ssl=1\" data-orig-size=\"600,600\" data-comments-opened=\"1\" data-image-meta=\"{&quot;aperture&quot;:&quot;0&quot;,&quot;credit&quot;:&quot;&quot;,&quot;camera&quot;:&quot;&quot;,&quot;caption&quot;:&quot;&quot;,&quot;created_timestamp&quot;:&quot;0&quot;,&quot;copyright&quot;:&quot;&quot;,&quot;focal_length&quot;:&quot;0&quot;,&quot;iso&quot;:&quot;0&quot;,&quot;shutter_speed&quot;:&quot;0&quot;,&quot;title&quot;:&quot;&quot;,&quot;orientation&quot;:&quot;1&quot;}\" data-image-title=\"Highlights da alta-costura de ver\u00e3o 2018\" data-image-description=\"\" data-image-caption=\"&lt;p&gt;Highlights da alta-costura de ver\u00e3o 2018&lt;\/p&gt;\n\" data-medium-file=\"https:\/\/i0.wp.com\/agrund.com\/wp-content\/uploads\/sites\/6\/2018\/02\/Lac\u0327os-desfiles.jpeg?fit=300%2C300&amp;ssl=1\" data-large-file=\"https:\/\/i0.wp.com\/agrund.com\/wp-content\/uploads\/sites\/6\/2018\/02\/Lac\u0327os-desfiles.jpeg?fit=600%2C600&amp;ssl=1\" decoding=\"async\" loading=\"lazy\" class=\"aligncenter size-full wp-image-178241\" src=\"https:\/\/i0.wp.com\/www.agrund.com\/wp-content\/uploads\/sites\/6\/2018\/02\/Lac\u0327os-desfiles.jpeg?resize=600%2C600\" alt=\"\" width=\"600\" height=\"600\" srcset=\"https:\/\/i0.wp.com\/agrund.com\/wp-content\/uploads\/sites\/6\/2018\/02\/Lac\u0327os-desfiles.jpeg?w=600&amp;ssl=1 600w, https:\/\/i0.wp.com\/agrund.com\/wp-content\/uploads\/sites\/6\/2018\/02\/Lac\u0327os-desfiles.jpeg?resize=150%2C150&amp;ssl=1 150w, https:\/\/i0.wp.com\/agrund.com\/wp-content\/uploads\/sites\/6\/2018\/02\/Lac\u0327os-desfiles.jpeg?resize=300%2C300&amp;ssl=1 300w\" sizes=\"(max-width: 600px) 100vw, 600px\" data-recalc-dims=\"1\" \/><\/p>\n<div id=\"attachment_178242\" style=\"width: 610px\" class=\"wp-caption aligncenter\"><img aria-describedby=\"caption-attachment-178242\" data-attachment-id=\"178242\" data-permalink=\"https:\/\/agrund.com\/index.php\/highlights-da-alta-costura-de-verao-2018\/zuhair-murad-desfile\/\" data-orig-file=\"https:\/\/i0.wp.com\/agrund.com\/wp-content\/uploads\/sites\/6\/2018\/02\/Zuhair-Murad-desfile.jpeg?fit=600%2C800&amp;ssl=1\" data-orig-size=\"600,800\" data-comments-opened=\"1\" data-image-meta=\"{&quot;aperture&quot;:&quot;0&quot;,&quot;credit&quot;:&quot;&quot;,&quot;camera&quot;:&quot;&quot;,&quot;caption&quot;:&quot;&quot;,&quot;created_timestamp&quot;:&quot;0&quot;,&quot;copyright&quot;:&quot;&quot;,&quot;focal_length&quot;:&quot;0&quot;,&quot;iso&quot;:&quot;0&quot;,&quot;shutter_speed&quot;:&quot;0&quot;,&quot;title&quot;:&quot;&quot;,&quot;orientation&quot;:&quot;1&quot;}\" data-image-title=\"Highlights da alta-costura de ver\u00e3o 2018\" data-image-description=\"\" data-image-caption=\"&lt;p&gt;Highlights da alta-costura de ver\u00e3o 2018&lt;\/p&gt;\n\" data-medium-file=\"https:\/\/i0.wp.com\/agrund.com\/wp-content\/uploads\/sites\/6\/2018\/02\/Zuhair-Murad-desfile.jpeg?fit=225%2C300&amp;ssl=1\" data-large-file=\"https:\/\/i0.wp.com\/agrund.com\/wp-content\/uploads\/sites\/6\/2018\/02\/Zuhair-Murad-desfile.jpeg?fit=600%2C800&amp;ssl=1\" decoding=\"async\" loading=\"lazy\" class=\"size-full wp-image-178242\" src=\"https:\/\/i0.wp.com\/www.agrund.com\/wp-content\/uploads\/sites\/6\/2018\/02\/Zuhair-Murad-desfile.jpeg?resize=600%2C800\" alt=\"\" width=\"600\" height=\"800\" srcset=\"https:\/\/i0.wp.com\/agrund.com\/wp-content\/uploads\/sites\/6\/2018\/02\/Zuhair-Murad-desfile.jpeg?w=600&amp;ssl=1 600w, https:\/\/i0.wp.com\/agrund.com\/wp-content\/uploads\/sites\/6\/2018\/02\/Zuhair-Murad-desfile.jpeg?resize=225%2C300&amp;ssl=1 225w\" sizes=\"(max-width: 600px) 100vw, 600px\" data-recalc-dims=\"1\" \/><p id=\"caption-attachment-178242\" class=\"wp-caption-text\">Highlights da alta-costura de ver\u00e3o 2018<\/p><\/div>\n<p>&nbsp;<\/p>\n<p>O desfile de Zuhair Murad deu o que falar! O DNA j\u00e1 conhecido da marca estava firme e forte em cada pe\u00e7a: transpar\u00eancias, fendas e decotes profundos marcaram presen\u00e7a na passarela. Por\u00e9m, tendo como tem\u00e1tica \u201cO ver\u00e3o indiano\u201d, a cole\u00e7\u00e3o n\u00e3o agradou nem um pouco. Ao apresentar as refer\u00eancias ind\u00edgenas de forma estereotipada, o estilista liban\u00eas cometeu apropria\u00e7\u00e3o cultural, sendo alvo de cr\u00edticas em diversos ve\u00edculos de moda e tamb\u00e9m nas redes sociais. Penas sagradas sendo usadas como adorno e estruturas que lembram espa\u00e7os espirituais de algumas tribos estiveram presentes, homogeneizando diferentes culturas que j\u00e1 sofrem com o apagamento de suas diverg\u00eancias e demonstrando um enorme d\u00e9ficit na pesquisa para a efetua\u00e7\u00e3o da cole\u00e7\u00e3o.<\/p>\n<div id=\"attachment_178240\" style=\"width: 610px\" class=\"wp-caption aligncenter\"><img aria-describedby=\"caption-attachment-178240\" data-attachment-id=\"178240\" data-permalink=\"https:\/\/agrund.com\/index.php\/highlights-da-alta-costura-de-verao-2018\/elie-saab-desfile\/\" data-orig-file=\"https:\/\/i0.wp.com\/agrund.com\/wp-content\/uploads\/sites\/6\/2018\/02\/Elie-Saab-desfile.jpeg?fit=600%2C800&amp;ssl=1\" data-orig-size=\"600,800\" data-comments-opened=\"1\" data-image-meta=\"{&quot;aperture&quot;:&quot;0&quot;,&quot;credit&quot;:&quot;&quot;,&quot;camera&quot;:&quot;&quot;,&quot;caption&quot;:&quot;&quot;,&quot;created_timestamp&quot;:&quot;0&quot;,&quot;copyright&quot;:&quot;&quot;,&quot;focal_length&quot;:&quot;0&quot;,&quot;iso&quot;:&quot;0&quot;,&quot;shutter_speed&quot;:&quot;0&quot;,&quot;title&quot;:&quot;&quot;,&quot;orientation&quot;:&quot;1&quot;}\" data-image-title=\"Highlights da alta-costura de ver\u00e3o 2018\" data-image-description=\"\" data-image-caption=\"&lt;p&gt;Highlights da alta-costura de ver\u00e3o 2018&lt;\/p&gt;\n\" data-medium-file=\"https:\/\/i0.wp.com\/agrund.com\/wp-content\/uploads\/sites\/6\/2018\/02\/Elie-Saab-desfile.jpeg?fit=225%2C300&amp;ssl=1\" data-large-file=\"https:\/\/i0.wp.com\/agrund.com\/wp-content\/uploads\/sites\/6\/2018\/02\/Elie-Saab-desfile.jpeg?fit=600%2C800&amp;ssl=1\" decoding=\"async\" loading=\"lazy\" class=\"size-full wp-image-178240\" src=\"https:\/\/i0.wp.com\/www.agrund.com\/wp-content\/uploads\/sites\/6\/2018\/02\/Elie-Saab-desfile.jpeg?resize=600%2C800\" alt=\"\" width=\"600\" height=\"800\" srcset=\"https:\/\/i0.wp.com\/agrund.com\/wp-content\/uploads\/sites\/6\/2018\/02\/Elie-Saab-desfile.jpeg?w=600&amp;ssl=1 600w, https:\/\/i0.wp.com\/agrund.com\/wp-content\/uploads\/sites\/6\/2018\/02\/Elie-Saab-desfile.jpeg?resize=225%2C300&amp;ssl=1 225w\" sizes=\"(max-width: 600px) 100vw, 600px\" data-recalc-dims=\"1\" \/><p id=\"caption-attachment-178240\" class=\"wp-caption-text\">Highlights da alta-costura de ver\u00e3o 2018<\/p><\/div>\n<p>J\u00e1 o desfile de Elie Saab agradou imensamente o p\u00fablico, que j\u00e1 estava cansado de v\u00ea-lo se esfor\u00e7ando para fazer coisas novas na tentativa de agradar os cr\u00edticos. Dessa vez, o estilista liban\u00eas trouxe a sua ess\u00eancia mais forte que nunca: pe\u00e7as dram\u00e1ticas e ostentosas marcaram a cole\u00e7\u00e3o que tem como tem\u00e1tica \u201cParis \u00e9 uma festa\u201d. Plumas por todo lado, vestidos no comprimento mullet e silhuetas fluidas s\u00e3o os destaques do desfile que foi definido por Saab como: \u201cUma celebra\u00e7\u00e3o a uma \u00e9poca de empoderamento feminino com muita alegria\u201d.<\/p>\n<div id=\"attachment_178241\" style=\"width: 610px\" class=\"wp-caption aligncenter\"><img aria-describedby=\"caption-attachment-178241\" data-attachment-id=\"178241\" data-permalink=\"https:\/\/agrund.com\/index.php\/highlights-da-alta-costura-de-verao-2018\/lac%cc%a7os-desfiles\/\" data-orig-file=\"https:\/\/i0.wp.com\/agrund.com\/wp-content\/uploads\/sites\/6\/2018\/02\/Lac\u0327os-desfiles.jpeg?fit=600%2C600&amp;ssl=1\" data-orig-size=\"600,600\" data-comments-opened=\"1\" data-image-meta=\"{&quot;aperture&quot;:&quot;0&quot;,&quot;credit&quot;:&quot;&quot;,&quot;camera&quot;:&quot;&quot;,&quot;caption&quot;:&quot;&quot;,&quot;created_timestamp&quot;:&quot;0&quot;,&quot;copyright&quot;:&quot;&quot;,&quot;focal_length&quot;:&quot;0&quot;,&quot;iso&quot;:&quot;0&quot;,&quot;shutter_speed&quot;:&quot;0&quot;,&quot;title&quot;:&quot;&quot;,&quot;orientation&quot;:&quot;1&quot;}\" data-image-title=\"Highlights da alta-costura de ver\u00e3o 2018\" data-image-description=\"\" data-image-caption=\"&lt;p&gt;Highlights da alta-costura de ver\u00e3o 2018&lt;\/p&gt;\n\" data-medium-file=\"https:\/\/i0.wp.com\/agrund.com\/wp-content\/uploads\/sites\/6\/2018\/02\/Lac\u0327os-desfiles.jpeg?fit=300%2C300&amp;ssl=1\" data-large-file=\"https:\/\/i0.wp.com\/agrund.com\/wp-content\/uploads\/sites\/6\/2018\/02\/Lac\u0327os-desfiles.jpeg?fit=600%2C600&amp;ssl=1\" decoding=\"async\" loading=\"lazy\" class=\"size-full wp-image-178241\" src=\"https:\/\/i0.wp.com\/www.agrund.com\/wp-content\/uploads\/sites\/6\/2018\/02\/Lac\u0327os-desfiles.jpeg?resize=600%2C600\" alt=\"\" width=\"600\" height=\"600\" srcset=\"https:\/\/i0.wp.com\/agrund.com\/wp-content\/uploads\/sites\/6\/2018\/02\/Lac\u0327os-desfiles.jpeg?w=600&amp;ssl=1 600w, https:\/\/i0.wp.com\/agrund.com\/wp-content\/uploads\/sites\/6\/2018\/02\/Lac\u0327os-desfiles.jpeg?resize=150%2C150&amp;ssl=1 150w, https:\/\/i0.wp.com\/agrund.com\/wp-content\/uploads\/sites\/6\/2018\/02\/Lac\u0327os-desfiles.jpeg?resize=300%2C300&amp;ssl=1 300w\" sizes=\"(max-width: 600px) 100vw, 600px\" data-recalc-dims=\"1\" \/><p id=\"caption-attachment-178241\" class=\"wp-caption-text\">Highlights da alta-costura de ver\u00e3o 2018<\/p><\/div>\n<p>Como extra, uma das maiores tend\u00eancias vistas nos desfiles dessa temporada: la\u00e7arotes. O que at\u00e9 pouco tempo era apenas um detalhe rom\u00e2ntico, ganhou vida nas passarelas e se tornou o elemento principal de in\u00fameros looks. Armani Priv\u00e9, Chanel, Vauthier e Giambattista Valli foram apenas algumas das muitas marcas que trouxeram essa delicadeza apostando em uma profus\u00e3o de la\u00e7os.<\/p>\n<p>Mais em <a href=\"http:\/\/borboletavintage.com.br\/\">Borboleta Vintage<\/a>.<br \/>\nInstagram: <a href=\"https:\/\/www.instagram.com\/borboletavintage\/\">@borboletavintage<\/a><\/p>\n<p>Fotos: Reprodu\u00e7\u00e3o.<\/p>\n","protected":false},"excerpt":{"rendered":"<p>Por Let\u00edcia Santana A temporada de alta-costura \u00e9 sempre um dos momentos mais esperados por todo fashionista que se preze. Todas as aten\u00e7\u00f5es e flashes se voltam para esse momento de glamour, sendo cada modelito analisado profundamente. Na \u00faltima semana, foram apresentadas as cole\u00e7\u00f5es de Ver\u00e3o 2018 em Paris e, como j\u00e1 \u00e9 de costume, [&hellip;]<\/p>\n","protected":false},"author":8,"featured_media":178243,"comment_status":"open","ping_status":"open","sticky":false,"template":"","format":"standard","meta":{"jetpack_post_was_ever_published":false,"_jetpack_newsletter_access":"","jetpack_publicize_message":"","jetpack_is_tweetstorm":false,"jetpack_publicize_feature_enabled":true,"jetpack_social_post_already_shared":true,"jetpack_social_options":{"image_generator_settings":{"template":"highway","enabled":false}}},"categories":[2],"tags":[],"jetpack_publicize_connections":[],"jetpack_featured_media_url":"https:\/\/i0.wp.com\/agrund.com\/wp-content\/uploads\/sites\/6\/2018\/02\/s-8.jpg?fit=960%2C300&ssl=1","jetpack_sharing_enabled":true,"jetpack_shortlink":"https:\/\/wp.me\/p3Hz0n-KmP","jetpack_likes_enabled":true,"_links":{"self":[{"href":"https:\/\/agrund.com\/index.php\/wp-json\/wp\/v2\/posts\/178239"}],"collection":[{"href":"https:\/\/agrund.com\/index.php\/wp-json\/wp\/v2\/posts"}],"about":[{"href":"https:\/\/agrund.com\/index.php\/wp-json\/wp\/v2\/types\/post"}],"author":[{"embeddable":true,"href":"https:\/\/agrund.com\/index.php\/wp-json\/wp\/v2\/users\/8"}],"replies":[{"embeddable":true,"href":"https:\/\/agrund.com\/index.php\/wp-json\/wp\/v2\/comments?post=178239"}],"version-history":[{"count":0,"href":"https:\/\/agrund.com\/index.php\/wp-json\/wp\/v2\/posts\/178239\/revisions"}],"wp:featuredmedia":[{"embeddable":true,"href":"https:\/\/agrund.com\/index.php\/wp-json\/wp\/v2\/media\/178243"}],"wp:attachment":[{"href":"https:\/\/agrund.com\/index.php\/wp-json\/wp\/v2\/media?parent=178239"}],"wp:term":[{"taxonomy":"category","embeddable":true,"href":"https:\/\/agrund.com\/index.php\/wp-json\/wp\/v2\/categories?post=178239"},{"taxonomy":"post_tag","embeddable":true,"href":"https:\/\/agrund.com\/index.php\/wp-json\/wp\/v2\/tags?post=178239"}],"curies":[{"name":"wp","href":"https:\/\/api.w.org\/{rel}","templated":true}]}}