{"id":178155,"date":"2018-01-31T17:00:30","date_gmt":"2018-01-31T19:00:30","guid":{"rendered":"http:\/\/www.agrund.com\/?p=178155"},"modified":"2018-01-31T16:48:29","modified_gmt":"2018-01-31T18:48:29","slug":"zayn-malik-esta-de-volta","status":"publish","type":"post","link":"https:\/\/agrund.com\/index.php\/zayn-malik-esta-de-volta\/","title":{"rendered":"Zayn Malik est\u00e1 de volta"},"content":{"rendered":"<p>Zayn Malik est\u00e1 um pouco sumido dos holofotes enquanto trabalho no seu pr\u00f3ximo disco, mas apareceu na capa da &#8216;Elle&#8217; \u00cdndia.<\/p>\n<p>O cantor \u00e9 a estrela da edi\u00e7\u00e3o fevereiro 2018 que foi divulgada hoje (31) pela publica\u00e7\u00e3o. No clique, Zayn veste um tric\u00f4 da Tommy Hilfiger, marca parceria de sua namorada Gigi Hadid.<\/p>\n<p>Esta \u00e9 a primeira vez que ele \u00e9 capa de uma revista indiana. Confira:<\/p>\n<div id=\"attachment_178156\" style=\"width: 610px\" class=\"wp-caption aligncenter\"><img aria-describedby=\"caption-attachment-178156\" data-attachment-id=\"178156\" data-permalink=\"https:\/\/agrund.com\/index.php\/zayn-malik-esta-de-volta\/zayn\/\" data-orig-file=\"https:\/\/i0.wp.com\/agrund.com\/wp-content\/uploads\/sites\/6\/2018\/01\/zayn-e1517424394428.jpg?fit=600%2C785&amp;ssl=1\" data-orig-size=\"600,785\" data-comments-opened=\"1\" data-image-meta=\"{&quot;aperture&quot;:&quot;0&quot;,&quot;credit&quot;:&quot;&quot;,&quot;camera&quot;:&quot;&quot;,&quot;caption&quot;:&quot;&quot;,&quot;created_timestamp&quot;:&quot;0&quot;,&quot;copyright&quot;:&quot;&quot;,&quot;focal_length&quot;:&quot;0&quot;,&quot;iso&quot;:&quot;0&quot;,&quot;shutter_speed&quot;:&quot;0&quot;,&quot;title&quot;:&quot;&quot;,&quot;orientation&quot;:&quot;0&quot;}\" data-image-title=\"Zayn Malik est\u00e1 de volta\" data-image-description=\"\" data-image-caption=\"&lt;p&gt;Zayn Malik est\u00e1 de volta&lt;\/p&gt;\n\" data-medium-file=\"https:\/\/i0.wp.com\/agrund.com\/wp-content\/uploads\/sites\/6\/2018\/01\/zayn-e1517424394428.jpg?fit=229%2C300&amp;ssl=1\" data-large-file=\"https:\/\/i0.wp.com\/agrund.com\/wp-content\/uploads\/sites\/6\/2018\/01\/zayn-e1517424394428.jpg?fit=600%2C785&amp;ssl=1\" decoding=\"async\" loading=\"lazy\" class=\"size-full wp-image-178156\" src=\"https:\/\/i0.wp.com\/www.agrund.com\/wp-content\/uploads\/sites\/6\/2018\/01\/zayn-e1517424394428.jpg?resize=600%2C785\" alt=\"\" width=\"600\" height=\"785\" data-recalc-dims=\"1\" \/><p id=\"caption-attachment-178156\" class=\"wp-caption-text\">Zayn Malik est\u00e1 de volta<\/p><\/div>\n<p>Foto: Reprodu\u00e7\u00e3o.<\/p>\n","protected":false},"excerpt":{"rendered":"<p>Zayn Malik est\u00e1 um pouco sumido dos holofotes enquanto trabalho no seu pr\u00f3ximo disco, mas apareceu na capa da &#8216;Elle&#8217; \u00cdndia. O cantor \u00e9 a estrela da edi\u00e7\u00e3o fevereiro 2018 que foi divulgada hoje (31) pela publica\u00e7\u00e3o. No clique, Zayn veste um tric\u00f4 da Tommy Hilfiger, marca parceria de sua namorada Gigi Hadid. Esta \u00e9 [&hellip;]<\/p>\n","protected":false},"author":8,"featured_media":178157,"comment_status":"open","ping_status":"open","sticky":false,"template":"","format":"standard","meta":{"jetpack_post_was_ever_published":false,"_jetpack_newsletter_access":"","jetpack_publicize_message":"","jetpack_is_tweetstorm":false,"jetpack_publicize_feature_enabled":true,"jetpack_social_post_already_shared":true,"jetpack_social_options":{"image_generator_settings":{"template":"highway","enabled":false}}},"categories":[2],"tags":[],"jetpack_publicize_connections":[],"jetpack_featured_media_url":"https:\/\/i0.wp.com\/agrund.com\/wp-content\/uploads\/sites\/6\/2018\/01\/s-115.jpg?fit=960%2C300&ssl=1","jetpack_sharing_enabled":true,"jetpack_shortlink":"https:\/\/wp.me\/p3Hz0n-Klt","jetpack_likes_enabled":true,"_links":{"self":[{"href":"https:\/\/agrund.com\/index.php\/wp-json\/wp\/v2\/posts\/178155"}],"collection":[{"href":"https:\/\/agrund.com\/index.php\/wp-json\/wp\/v2\/posts"}],"about":[{"href":"https:\/\/agrund.com\/index.php\/wp-json\/wp\/v2\/types\/post"}],"author":[{"embeddable":true,"href":"https:\/\/agrund.com\/index.php\/wp-json\/wp\/v2\/users\/8"}],"replies":[{"embeddable":true,"href":"https:\/\/agrund.com\/index.php\/wp-json\/wp\/v2\/comments?post=178155"}],"version-history":[{"count":0,"href":"https:\/\/agrund.com\/index.php\/wp-json\/wp\/v2\/posts\/178155\/revisions"}],"wp:featuredmedia":[{"embeddable":true,"href":"https:\/\/agrund.com\/index.php\/wp-json\/wp\/v2\/media\/178157"}],"wp:attachment":[{"href":"https:\/\/agrund.com\/index.php\/wp-json\/wp\/v2\/media?parent=178155"}],"wp:term":[{"taxonomy":"category","embeddable":true,"href":"https:\/\/agrund.com\/index.php\/wp-json\/wp\/v2\/categories?post=178155"},{"taxonomy":"post_tag","embeddable":true,"href":"https:\/\/agrund.com\/index.php\/wp-json\/wp\/v2\/tags?post=178155"}],"curies":[{"name":"wp","href":"https:\/\/api.w.org\/{rel}","templated":true}]}}