{"id":178150,"date":"2018-01-31T16:00:26","date_gmt":"2018-01-31T18:00:26","guid":{"rendered":"http:\/\/www.agrund.com\/?p=178150"},"modified":"2018-01-31T15:10:28","modified_gmt":"2018-01-31T17:10:28","slug":"o-que-nao-sai-dos-pes-de-cara-delevingne-e-olivia-palermo","status":"publish","type":"post","link":"https:\/\/agrund.com\/index.php\/o-que-nao-sai-dos-pes-de-cara-delevingne-e-olivia-palermo\/","title":{"rendered":"O que n\u00e3o sai dos p\u00e9s de Cara Delevingne e Olivia Palermo"},"content":{"rendered":"<p>O radar fashion do Agrund.com n\u00e3o para e desta vez viemos contar quais s\u00e3o os sapatos que Cara Delevingne e Olivia Palermo est\u00e3o amando no momento.<\/p>\n<p>Vendo alguns looks recentes de Cara foi f\u00e1cil identificar a bota que n\u00e3o sai dos seus p\u00e9s. O modelo \u00e9 resultado da parceria entre a Timberland e a Off-White. \u00c9 a vers\u00e3o preta com cadar\u00e7o amarelo da famosa work boot.<\/p>\n<div id=\"attachment_178152\" style=\"width: 610px\" class=\"wp-caption aligncenter\"><img aria-describedby=\"caption-attachment-178152\" data-attachment-id=\"178152\" data-permalink=\"https:\/\/agrund.com\/index.php\/o-que-nao-sai-dos-pes-de-cara-delevingne-e-olivia-palermo\/2-1207\/\" data-orig-file=\"https:\/\/i0.wp.com\/agrund.com\/wp-content\/uploads\/sites\/6\/2018\/01\/2-70-e1517418544944.jpg?fit=600%2C450&amp;ssl=1\" data-orig-size=\"600,450\" data-comments-opened=\"1\" data-image-meta=\"{&quot;aperture&quot;:&quot;0&quot;,&quot;credit&quot;:&quot;&quot;,&quot;camera&quot;:&quot;&quot;,&quot;caption&quot;:&quot;&quot;,&quot;created_timestamp&quot;:&quot;0&quot;,&quot;copyright&quot;:&quot;&quot;,&quot;focal_length&quot;:&quot;0&quot;,&quot;iso&quot;:&quot;0&quot;,&quot;shutter_speed&quot;:&quot;0&quot;,&quot;title&quot;:&quot;&quot;,&quot;orientation&quot;:&quot;0&quot;}\" data-image-title=\"O que n\u00e3o sai dos p\u00e9s de Cara Delevingne e Olivia Palermo\" data-image-description=\"\" data-image-caption=\"&lt;p&gt;O que n\u00e3o sai dos p\u00e9s de Cara Delevingne e Olivia Palermo&lt;\/p&gt;\n\" data-medium-file=\"https:\/\/i0.wp.com\/agrund.com\/wp-content\/uploads\/sites\/6\/2018\/01\/2-70-e1517418544944.jpg?fit=300%2C225&amp;ssl=1\" data-large-file=\"https:\/\/i0.wp.com\/agrund.com\/wp-content\/uploads\/sites\/6\/2018\/01\/2-70-e1517418544944.jpg?fit=600%2C450&amp;ssl=1\" decoding=\"async\" loading=\"lazy\" class=\"size-full wp-image-178152\" src=\"https:\/\/i0.wp.com\/www.agrund.com\/wp-content\/uploads\/sites\/6\/2018\/01\/2-70-e1517418544944.jpg?resize=600%2C450\" alt=\"\" width=\"600\" height=\"450\" data-recalc-dims=\"1\" \/><p id=\"caption-attachment-178152\" class=\"wp-caption-text\">O que n\u00e3o sai dos p\u00e9s de Cara Delevingne e Olivia Palermo<\/p><\/div>\n<p>J\u00e1 Olivia escolhe acess\u00f3rios que combinam com seu estilo mais cl\u00e1ssico e rom\u00e2ntico. A influencer n\u00e3o abre m\u00e3o do conforto e elegeu uma flat da Jimmy Choo como sua favorita do momento. Super vers\u00e1til, o modelo branco tem bico fino e um la\u00e7o preto na parte superior.<\/p>\n<div id=\"attachment_178151\" style=\"width: 610px\" class=\"wp-caption aligncenter\"><img aria-describedby=\"caption-attachment-178151\" data-attachment-id=\"178151\" data-permalink=\"https:\/\/agrund.com\/index.php\/o-que-nao-sai-dos-pes-de-cara-delevingne-e-olivia-palermo\/1-1260\/\" data-orig-file=\"https:\/\/i0.wp.com\/agrund.com\/wp-content\/uploads\/sites\/6\/2018\/01\/1-71-e1517418566301.jpg?fit=600%2C450&amp;ssl=1\" data-orig-size=\"600,450\" data-comments-opened=\"1\" data-image-meta=\"{&quot;aperture&quot;:&quot;0&quot;,&quot;credit&quot;:&quot;&quot;,&quot;camera&quot;:&quot;&quot;,&quot;caption&quot;:&quot;&quot;,&quot;created_timestamp&quot;:&quot;0&quot;,&quot;copyright&quot;:&quot;&quot;,&quot;focal_length&quot;:&quot;0&quot;,&quot;iso&quot;:&quot;0&quot;,&quot;shutter_speed&quot;:&quot;0&quot;,&quot;title&quot;:&quot;&quot;,&quot;orientation&quot;:&quot;0&quot;}\" data-image-title=\"O que n\u00e3o sai dos p\u00e9s de Cara Delevingne e Olivia Palermo\" data-image-description=\"\" data-image-caption=\"&lt;p&gt;O que n\u00e3o sai dos p\u00e9s de Cara Delevingne e Olivia Palermo&lt;\/p&gt;\n\" data-medium-file=\"https:\/\/i0.wp.com\/agrund.com\/wp-content\/uploads\/sites\/6\/2018\/01\/1-71-e1517418566301.jpg?fit=300%2C225&amp;ssl=1\" data-large-file=\"https:\/\/i0.wp.com\/agrund.com\/wp-content\/uploads\/sites\/6\/2018\/01\/1-71-e1517418566301.jpg?fit=600%2C450&amp;ssl=1\" decoding=\"async\" loading=\"lazy\" class=\"size-full wp-image-178151\" src=\"https:\/\/i0.wp.com\/www.agrund.com\/wp-content\/uploads\/sites\/6\/2018\/01\/1-71-e1517418566301.jpg?resize=600%2C450\" alt=\"\" width=\"600\" height=\"450\" data-recalc-dims=\"1\" \/><p id=\"caption-attachment-178151\" class=\"wp-caption-text\">O que n\u00e3o sai dos p\u00e9s de Cara Delevingne e Olivia Palermo<\/p><\/div>\n<p>&nbsp;<\/p>\n<p>Qual dos dois cal\u00e7ados \u00e9 o seu favorito?<\/p>\n<p>&nbsp;<\/p>\n<p>Fotos: Reprodu\u00e7\u00e3o.<\/p>\n","protected":false},"excerpt":{"rendered":"<p>O radar fashion do Agrund.com n\u00e3o para e desta vez viemos contar quais s\u00e3o os sapatos que Cara Delevingne e Olivia Palermo est\u00e3o amando no momento. Vendo alguns looks recentes de Cara foi f\u00e1cil identificar a bota que n\u00e3o sai dos seus p\u00e9s. O modelo \u00e9 resultado da parceria entre a Timberland e a Off-White. [&hellip;]<\/p>\n","protected":false},"author":8,"featured_media":178153,"comment_status":"open","ping_status":"open","sticky":false,"template":"","format":"standard","meta":{"jetpack_post_was_ever_published":false,"_jetpack_newsletter_access":"","jetpack_publicize_message":"","jetpack_is_tweetstorm":false,"jetpack_publicize_feature_enabled":true,"jetpack_social_post_already_shared":true,"jetpack_social_options":{"image_generator_settings":{"template":"highway","enabled":false}}},"categories":[2],"tags":[],"jetpack_publicize_connections":[],"jetpack_featured_media_url":"https:\/\/i0.wp.com\/agrund.com\/wp-content\/uploads\/sites\/6\/2018\/01\/s-114.jpg?fit=960%2C300&ssl=1","jetpack_sharing_enabled":true,"jetpack_shortlink":"https:\/\/wp.me\/p3Hz0n-Klo","jetpack_likes_enabled":true,"_links":{"self":[{"href":"https:\/\/agrund.com\/index.php\/wp-json\/wp\/v2\/posts\/178150"}],"collection":[{"href":"https:\/\/agrund.com\/index.php\/wp-json\/wp\/v2\/posts"}],"about":[{"href":"https:\/\/agrund.com\/index.php\/wp-json\/wp\/v2\/types\/post"}],"author":[{"embeddable":true,"href":"https:\/\/agrund.com\/index.php\/wp-json\/wp\/v2\/users\/8"}],"replies":[{"embeddable":true,"href":"https:\/\/agrund.com\/index.php\/wp-json\/wp\/v2\/comments?post=178150"}],"version-history":[{"count":0,"href":"https:\/\/agrund.com\/index.php\/wp-json\/wp\/v2\/posts\/178150\/revisions"}],"wp:featuredmedia":[{"embeddable":true,"href":"https:\/\/agrund.com\/index.php\/wp-json\/wp\/v2\/media\/178153"}],"wp:attachment":[{"href":"https:\/\/agrund.com\/index.php\/wp-json\/wp\/v2\/media?parent=178150"}],"wp:term":[{"taxonomy":"category","embeddable":true,"href":"https:\/\/agrund.com\/index.php\/wp-json\/wp\/v2\/categories?post=178150"},{"taxonomy":"post_tag","embeddable":true,"href":"https:\/\/agrund.com\/index.php\/wp-json\/wp\/v2\/tags?post=178150"}],"curies":[{"name":"wp","href":"https:\/\/api.w.org\/{rel}","templated":true}]}}