{"id":178137,"date":"2018-01-31T11:00:41","date_gmt":"2018-01-31T13:00:41","guid":{"rendered":"http:\/\/www.agrund.com\/?p=178137"},"modified":"2018-01-31T14:59:57","modified_gmt":"2018-01-31T16:59:57","slug":"kate-middleton-ou-meghan-markle-quem-usou-melhor","status":"publish","type":"post","link":"https:\/\/agrund.com\/index.php\/kate-middleton-ou-meghan-markle-quem-usou-melhor\/","title":{"rendered":"Kate Middleton ou Meghan Markle: Quem usou melhor?"},"content":{"rendered":"<p>Coincid\u00eancia fashion na Fam\u00edlia Real brit\u00e2nica? Encontramos dois looks que Kate Middleton e Meghan Markle usaram h\u00e1 alguns anos e que, sim, s\u00e3o iguais!<\/p>\n<p>As duas j\u00e1 foram a eventos usando o mesmo vestido de renda preta de Diane von Furstenberg. Kate optou pela vers\u00e3o longa, enquanto Meghan apostou no vestido curto. E a\u00ed, quem usou melhor?<\/p>\n<div id=\"attachment_178138\" style=\"width: 610px\" class=\"wp-caption aligncenter\"><img aria-describedby=\"caption-attachment-178138\" data-attachment-id=\"178138\" data-permalink=\"https:\/\/agrund.com\/index.php\/kate-middleton-ou-meghan-markle-quem-usou-melhor\/kate-3\/\" data-orig-file=\"https:\/\/i0.wp.com\/agrund.com\/wp-content\/uploads\/sites\/6\/2018\/01\/kate-e1517400675102.jpg?fit=600%2C800&amp;ssl=1\" data-orig-size=\"600,800\" data-comments-opened=\"1\" data-image-meta=\"{&quot;aperture&quot;:&quot;0&quot;,&quot;credit&quot;:&quot;&quot;,&quot;camera&quot;:&quot;&quot;,&quot;caption&quot;:&quot;&quot;,&quot;created_timestamp&quot;:&quot;0&quot;,&quot;copyright&quot;:&quot;&quot;,&quot;focal_length&quot;:&quot;0&quot;,&quot;iso&quot;:&quot;0&quot;,&quot;shutter_speed&quot;:&quot;0&quot;,&quot;title&quot;:&quot;&quot;,&quot;orientation&quot;:&quot;0&quot;}\" data-image-title=\"Kate Middleton ou Meghan Markle: Quem usou melhor?\" data-image-description=\"\" data-image-caption=\"&lt;p&gt;Kate Middleton ou Meghan Markle: Quem usou melhor?&lt;\/p&gt;\n\" data-medium-file=\"https:\/\/i0.wp.com\/agrund.com\/wp-content\/uploads\/sites\/6\/2018\/01\/kate-e1517400675102.jpg?fit=225%2C300&amp;ssl=1\" data-large-file=\"https:\/\/i0.wp.com\/agrund.com\/wp-content\/uploads\/sites\/6\/2018\/01\/kate-e1517400675102.jpg?fit=600%2C800&amp;ssl=1\" decoding=\"async\" loading=\"lazy\" class=\"size-full wp-image-178138\" src=\"https:\/\/i0.wp.com\/www.agrund.com\/wp-content\/uploads\/sites\/6\/2018\/01\/kate-e1517400675102.jpg?resize=600%2C800\" alt=\"\" width=\"600\" height=\"800\" data-recalc-dims=\"1\" \/><p id=\"caption-attachment-178138\" class=\"wp-caption-text\">Kate Middleton ou Meghan Markle: Quem usou melhor?<\/p><\/div>\n<p>Fotos: Reprodu\u00e7\u00e3o.<\/p>\n","protected":false},"excerpt":{"rendered":"<p>Coincid\u00eancia fashion na Fam\u00edlia Real brit\u00e2nica? Encontramos dois looks que Kate Middleton e Meghan Markle usaram h\u00e1 alguns anos e que, sim, s\u00e3o iguais! As duas j\u00e1 foram a eventos usando o mesmo vestido de renda preta de Diane von Furstenberg. Kate optou pela vers\u00e3o longa, enquanto Meghan apostou no vestido curto. E a\u00ed, quem [&hellip;]<\/p>\n","protected":false},"author":8,"featured_media":178139,"comment_status":"open","ping_status":"open","sticky":false,"template":"","format":"standard","meta":{"jetpack_post_was_ever_published":false,"_jetpack_newsletter_access":"","jetpack_publicize_message":"","jetpack_is_tweetstorm":false,"jetpack_publicize_feature_enabled":true,"jetpack_social_post_already_shared":true,"jetpack_social_options":{"image_generator_settings":{"template":"highway","enabled":false}}},"categories":[2],"tags":[],"jetpack_publicize_connections":[],"jetpack_featured_media_url":"https:\/\/i0.wp.com\/agrund.com\/wp-content\/uploads\/sites\/6\/2018\/01\/s-112.jpg?fit=960%2C300&ssl=1","jetpack_sharing_enabled":true,"jetpack_shortlink":"https:\/\/wp.me\/p3Hz0n-Klb","jetpack_likes_enabled":true,"_links":{"self":[{"href":"https:\/\/agrund.com\/index.php\/wp-json\/wp\/v2\/posts\/178137"}],"collection":[{"href":"https:\/\/agrund.com\/index.php\/wp-json\/wp\/v2\/posts"}],"about":[{"href":"https:\/\/agrund.com\/index.php\/wp-json\/wp\/v2\/types\/post"}],"author":[{"embeddable":true,"href":"https:\/\/agrund.com\/index.php\/wp-json\/wp\/v2\/users\/8"}],"replies":[{"embeddable":true,"href":"https:\/\/agrund.com\/index.php\/wp-json\/wp\/v2\/comments?post=178137"}],"version-history":[{"count":0,"href":"https:\/\/agrund.com\/index.php\/wp-json\/wp\/v2\/posts\/178137\/revisions"}],"wp:featuredmedia":[{"embeddable":true,"href":"https:\/\/agrund.com\/index.php\/wp-json\/wp\/v2\/media\/178139"}],"wp:attachment":[{"href":"https:\/\/agrund.com\/index.php\/wp-json\/wp\/v2\/media?parent=178137"}],"wp:term":[{"taxonomy":"category","embeddable":true,"href":"https:\/\/agrund.com\/index.php\/wp-json\/wp\/v2\/categories?post=178137"},{"taxonomy":"post_tag","embeddable":true,"href":"https:\/\/agrund.com\/index.php\/wp-json\/wp\/v2\/tags?post=178137"}],"curies":[{"name":"wp","href":"https:\/\/api.w.org\/{rel}","templated":true}]}}