{"id":178099,"date":"2018-01-30T16:00:40","date_gmt":"2018-01-30T18:00:40","guid":{"rendered":"http:\/\/www.agrund.com\/?p=178099"},"modified":"2018-01-30T16:34:49","modified_gmt":"2018-01-30T18:34:49","slug":"o-verao-tropical-da-alexander-mcqueen","status":"publish","type":"post","link":"https:\/\/agrund.com\/index.php\/o-verao-tropical-da-alexander-mcqueen\/","title":{"rendered":"O ver\u00e3o tropical da Alexander McQueen"},"content":{"rendered":"<p>Para apresentar sua campanha primavera\/ver\u00e3o 2018, a Alexander McQueen decidiu n\u00e3o fotografar em um est\u00fadio, mas, sim, ao ar livre, em meio a muito verde. N\u00e3o pense que a escolha foi clich\u00ea, longe disso!<\/p>\n<p>Vestindo as cria\u00e7\u00f5es suntuosas da diretora criativa, Sarah Nurton, Shanelle Nyasiase aparece bel\u00edssima em meio a uma floresta. Vestidos volumosos, conjuntos de alfaiataria e muitas joias d\u00e3o o clima da temporada.<\/p>\n<p>A fotografia \u00e9 de Jamie Hawkesworth e voc\u00ea confere na galeria abaixo:<\/p>\n<div id=\"attachment_178104\" style=\"width: 610px\" class=\"wp-caption aligncenter\"><img aria-describedby=\"caption-attachment-178104\" data-attachment-id=\"178104\" data-permalink=\"https:\/\/agrund.com\/index.php\/o-verao-tropical-da-alexander-mcqueen\/5-936\/\" data-orig-file=\"https:\/\/i0.wp.com\/agrund.com\/wp-content\/uploads\/sites\/6\/2018\/01\/5-33-e1517337146530.jpg?fit=600%2C750&amp;ssl=1\" data-orig-size=\"600,750\" data-comments-opened=\"1\" data-image-meta=\"{&quot;aperture&quot;:&quot;0&quot;,&quot;credit&quot;:&quot;&quot;,&quot;camera&quot;:&quot;&quot;,&quot;caption&quot;:&quot;&quot;,&quot;created_timestamp&quot;:&quot;0&quot;,&quot;copyright&quot;:&quot;&quot;,&quot;focal_length&quot;:&quot;0&quot;,&quot;iso&quot;:&quot;0&quot;,&quot;shutter_speed&quot;:&quot;0&quot;,&quot;title&quot;:&quot;&quot;,&quot;orientation&quot;:&quot;1&quot;}\" data-image-title=\"O ver\u00e3o tropical da Alexander McQueen\" data-image-description=\"\" data-image-caption=\"&lt;p&gt;O ver\u00e3o tropical da Alexander McQueen&lt;\/p&gt;\n\" data-medium-file=\"https:\/\/i0.wp.com\/agrund.com\/wp-content\/uploads\/sites\/6\/2018\/01\/5-33-e1517337146530.jpg?fit=240%2C300&amp;ssl=1\" data-large-file=\"https:\/\/i0.wp.com\/agrund.com\/wp-content\/uploads\/sites\/6\/2018\/01\/5-33-e1517337146530.jpg?fit=600%2C750&amp;ssl=1\" decoding=\"async\" loading=\"lazy\" class=\"size-full wp-image-178104\" src=\"https:\/\/i0.wp.com\/www.agrund.com\/wp-content\/uploads\/sites\/6\/2018\/01\/5-33-e1517337146530.jpg?resize=600%2C750\" alt=\"\" width=\"600\" height=\"750\" data-recalc-dims=\"1\" \/><p id=\"caption-attachment-178104\" class=\"wp-caption-text\">O ver\u00e3o tropical da Alexander McQueen<\/p><\/div>\n<div id=\"attachment_178103\" style=\"width: 610px\" class=\"wp-caption aligncenter\"><img aria-describedby=\"caption-attachment-178103\" data-attachment-id=\"178103\" data-permalink=\"https:\/\/agrund.com\/index.php\/o-verao-tropical-da-alexander-mcqueen\/4-1034\/\" data-orig-file=\"https:\/\/i0.wp.com\/agrund.com\/wp-content\/uploads\/sites\/6\/2018\/01\/4-49-e1517337161958.jpg?fit=600%2C750&amp;ssl=1\" data-orig-size=\"600,750\" data-comments-opened=\"1\" data-image-meta=\"{&quot;aperture&quot;:&quot;0&quot;,&quot;credit&quot;:&quot;&quot;,&quot;camera&quot;:&quot;&quot;,&quot;caption&quot;:&quot;&quot;,&quot;created_timestamp&quot;:&quot;0&quot;,&quot;copyright&quot;:&quot;&quot;,&quot;focal_length&quot;:&quot;0&quot;,&quot;iso&quot;:&quot;0&quot;,&quot;shutter_speed&quot;:&quot;0&quot;,&quot;title&quot;:&quot;&quot;,&quot;orientation&quot;:&quot;1&quot;}\" data-image-title=\"O ver\u00e3o tropical da Alexander McQueen\" data-image-description=\"\" data-image-caption=\"&lt;p&gt;O ver\u00e3o tropical da Alexander McQueen&lt;\/p&gt;\n\" data-medium-file=\"https:\/\/i0.wp.com\/agrund.com\/wp-content\/uploads\/sites\/6\/2018\/01\/4-49-e1517337161958.jpg?fit=240%2C300&amp;ssl=1\" data-large-file=\"https:\/\/i0.wp.com\/agrund.com\/wp-content\/uploads\/sites\/6\/2018\/01\/4-49-e1517337161958.jpg?fit=600%2C750&amp;ssl=1\" decoding=\"async\" loading=\"lazy\" class=\"size-full wp-image-178103\" src=\"https:\/\/i0.wp.com\/www.agrund.com\/wp-content\/uploads\/sites\/6\/2018\/01\/4-49-e1517337161958.jpg?resize=600%2C750\" alt=\"\" width=\"600\" height=\"750\" data-recalc-dims=\"1\" \/><p id=\"caption-attachment-178103\" class=\"wp-caption-text\">O ver\u00e3o tropical da Alexander McQueen<\/p><\/div>\n<div id=\"attachment_178102\" style=\"width: 610px\" class=\"wp-caption aligncenter\"><img aria-describedby=\"caption-attachment-178102\" data-attachment-id=\"178102\" data-permalink=\"https:\/\/agrund.com\/index.php\/o-verao-tropical-da-alexander-mcqueen\/3-1120\/\" data-orig-file=\"https:\/\/i0.wp.com\/agrund.com\/wp-content\/uploads\/sites\/6\/2018\/01\/3-59-e1517337179300.jpg?fit=600%2C750&amp;ssl=1\" data-orig-size=\"600,750\" data-comments-opened=\"1\" data-image-meta=\"{&quot;aperture&quot;:&quot;0&quot;,&quot;credit&quot;:&quot;&quot;,&quot;camera&quot;:&quot;&quot;,&quot;caption&quot;:&quot;&quot;,&quot;created_timestamp&quot;:&quot;0&quot;,&quot;copyright&quot;:&quot;&quot;,&quot;focal_length&quot;:&quot;0&quot;,&quot;iso&quot;:&quot;0&quot;,&quot;shutter_speed&quot;:&quot;0&quot;,&quot;title&quot;:&quot;&quot;,&quot;orientation&quot;:&quot;1&quot;}\" data-image-title=\"O ver\u00e3o tropical da Alexander McQueen\" data-image-description=\"\" data-image-caption=\"&lt;p&gt;O ver\u00e3o tropical da Alexander McQueen&lt;\/p&gt;\n\" data-medium-file=\"https:\/\/i0.wp.com\/agrund.com\/wp-content\/uploads\/sites\/6\/2018\/01\/3-59-e1517337179300.jpg?fit=240%2C300&amp;ssl=1\" data-large-file=\"https:\/\/i0.wp.com\/agrund.com\/wp-content\/uploads\/sites\/6\/2018\/01\/3-59-e1517337179300.jpg?fit=600%2C750&amp;ssl=1\" decoding=\"async\" loading=\"lazy\" class=\"size-full wp-image-178102\" src=\"https:\/\/i0.wp.com\/www.agrund.com\/wp-content\/uploads\/sites\/6\/2018\/01\/3-59-e1517337179300.jpg?resize=600%2C750\" alt=\"\" width=\"600\" height=\"750\" data-recalc-dims=\"1\" \/><p id=\"caption-attachment-178102\" class=\"wp-caption-text\">O ver\u00e3o tropical da Alexander McQueen<\/p><\/div>\n<div id=\"attachment_178100\" style=\"width: 610px\" class=\"wp-caption aligncenter\"><img aria-describedby=\"caption-attachment-178100\" data-attachment-id=\"178100\" data-permalink=\"https:\/\/agrund.com\/index.php\/o-verao-tropical-da-alexander-mcqueen\/1-1255\/\" data-orig-file=\"https:\/\/i0.wp.com\/agrund.com\/wp-content\/uploads\/sites\/6\/2018\/01\/1-66-e1517337195103.jpg?fit=600%2C750&amp;ssl=1\" data-orig-size=\"600,750\" data-comments-opened=\"1\" data-image-meta=\"{&quot;aperture&quot;:&quot;0&quot;,&quot;credit&quot;:&quot;&quot;,&quot;camera&quot;:&quot;&quot;,&quot;caption&quot;:&quot;&quot;,&quot;created_timestamp&quot;:&quot;0&quot;,&quot;copyright&quot;:&quot;&quot;,&quot;focal_length&quot;:&quot;0&quot;,&quot;iso&quot;:&quot;0&quot;,&quot;shutter_speed&quot;:&quot;0&quot;,&quot;title&quot;:&quot;&quot;,&quot;orientation&quot;:&quot;1&quot;}\" data-image-title=\"O ver\u00e3o tropical da Alexander McQueen\" data-image-description=\"\" data-image-caption=\"&lt;p&gt;O ver\u00e3o tropical da Alexander McQueen&lt;\/p&gt;\n\" data-medium-file=\"https:\/\/i0.wp.com\/agrund.com\/wp-content\/uploads\/sites\/6\/2018\/01\/1-66-e1517337195103.jpg?fit=240%2C300&amp;ssl=1\" data-large-file=\"https:\/\/i0.wp.com\/agrund.com\/wp-content\/uploads\/sites\/6\/2018\/01\/1-66-e1517337195103.jpg?fit=600%2C750&amp;ssl=1\" decoding=\"async\" loading=\"lazy\" class=\"size-full wp-image-178100\" src=\"https:\/\/i0.wp.com\/www.agrund.com\/wp-content\/uploads\/sites\/6\/2018\/01\/1-66-e1517337195103.jpg?resize=600%2C750\" alt=\"\" width=\"600\" height=\"750\" data-recalc-dims=\"1\" \/><p id=\"caption-attachment-178100\" class=\"wp-caption-text\">O ver\u00e3o tropical da Alexander McQueen<\/p><\/div>\n<div id=\"attachment_178101\" style=\"width: 610px\" class=\"wp-caption aligncenter\"><img aria-describedby=\"caption-attachment-178101\" data-attachment-id=\"178101\" data-permalink=\"https:\/\/agrund.com\/index.php\/o-verao-tropical-da-alexander-mcqueen\/2-1202\/\" data-orig-file=\"https:\/\/i0.wp.com\/agrund.com\/wp-content\/uploads\/sites\/6\/2018\/01\/2-65-e1517337210590.jpg?fit=600%2C484&amp;ssl=1\" data-orig-size=\"600,484\" data-comments-opened=\"1\" data-image-meta=\"{&quot;aperture&quot;:&quot;0&quot;,&quot;credit&quot;:&quot;&quot;,&quot;camera&quot;:&quot;&quot;,&quot;caption&quot;:&quot;&quot;,&quot;created_timestamp&quot;:&quot;0&quot;,&quot;copyright&quot;:&quot;&quot;,&quot;focal_length&quot;:&quot;0&quot;,&quot;iso&quot;:&quot;0&quot;,&quot;shutter_speed&quot;:&quot;0&quot;,&quot;title&quot;:&quot;&quot;,&quot;orientation&quot;:&quot;1&quot;}\" data-image-title=\"O ver\u00e3o tropical da Alexander McQueen\" data-image-description=\"\" data-image-caption=\"&lt;p&gt;O ver\u00e3o tropical da Alexander McQueen&lt;\/p&gt;\n\" data-medium-file=\"https:\/\/i0.wp.com\/agrund.com\/wp-content\/uploads\/sites\/6\/2018\/01\/2-65-e1517337210590.jpg?fit=300%2C242&amp;ssl=1\" data-large-file=\"https:\/\/i0.wp.com\/agrund.com\/wp-content\/uploads\/sites\/6\/2018\/01\/2-65-e1517337210590.jpg?fit=600%2C484&amp;ssl=1\" decoding=\"async\" loading=\"lazy\" class=\"size-full wp-image-178101\" src=\"https:\/\/i0.wp.com\/www.agrund.com\/wp-content\/uploads\/sites\/6\/2018\/01\/2-65-e1517337210590.jpg?resize=600%2C484\" alt=\"\" width=\"600\" height=\"484\" data-recalc-dims=\"1\" \/><p id=\"caption-attachment-178101\" class=\"wp-caption-text\">O ver\u00e3o tropical da Alexander McQueen<\/p><\/div>\n<p>Fotos: Reprodu\u00e7\u00e3o.<\/p>\n","protected":false},"excerpt":{"rendered":"<p>Para apresentar sua campanha primavera\/ver\u00e3o 2018, a Alexander McQueen decidiu n\u00e3o fotografar em um est\u00fadio, mas, sim, ao ar livre, em meio a muito verde. N\u00e3o pense que a escolha foi clich\u00ea, longe disso! Vestindo as cria\u00e7\u00f5es suntuosas da diretora criativa, Sarah Nurton, Shanelle Nyasiase aparece bel\u00edssima em meio a uma floresta. Vestidos volumosos, conjuntos [&hellip;]<\/p>\n","protected":false},"author":8,"featured_media":178105,"comment_status":"open","ping_status":"open","sticky":false,"template":"","format":"standard","meta":{"jetpack_post_was_ever_published":false,"_jetpack_newsletter_access":"","jetpack_publicize_message":"","jetpack_is_tweetstorm":false,"jetpack_publicize_feature_enabled":true,"jetpack_social_post_already_shared":true,"jetpack_social_options":{"image_generator_settings":{"template":"highway","enabled":false}}},"categories":[2],"tags":[],"jetpack_publicize_connections":[],"jetpack_featured_media_url":"https:\/\/i0.wp.com\/agrund.com\/wp-content\/uploads\/sites\/6\/2018\/01\/s-107.jpg?fit=960%2C300&ssl=1","jetpack_sharing_enabled":true,"jetpack_shortlink":"https:\/\/wp.me\/p3Hz0n-Kkz","jetpack_likes_enabled":true,"_links":{"self":[{"href":"https:\/\/agrund.com\/index.php\/wp-json\/wp\/v2\/posts\/178099"}],"collection":[{"href":"https:\/\/agrund.com\/index.php\/wp-json\/wp\/v2\/posts"}],"about":[{"href":"https:\/\/agrund.com\/index.php\/wp-json\/wp\/v2\/types\/post"}],"author":[{"embeddable":true,"href":"https:\/\/agrund.com\/index.php\/wp-json\/wp\/v2\/users\/8"}],"replies":[{"embeddable":true,"href":"https:\/\/agrund.com\/index.php\/wp-json\/wp\/v2\/comments?post=178099"}],"version-history":[{"count":0,"href":"https:\/\/agrund.com\/index.php\/wp-json\/wp\/v2\/posts\/178099\/revisions"}],"wp:featuredmedia":[{"embeddable":true,"href":"https:\/\/agrund.com\/index.php\/wp-json\/wp\/v2\/media\/178105"}],"wp:attachment":[{"href":"https:\/\/agrund.com\/index.php\/wp-json\/wp\/v2\/media?parent=178099"}],"wp:term":[{"taxonomy":"category","embeddable":true,"href":"https:\/\/agrund.com\/index.php\/wp-json\/wp\/v2\/categories?post=178099"},{"taxonomy":"post_tag","embeddable":true,"href":"https:\/\/agrund.com\/index.php\/wp-json\/wp\/v2\/tags?post=178099"}],"curies":[{"name":"wp","href":"https:\/\/api.w.org\/{rel}","templated":true}]}}