{"id":178093,"date":"2018-01-30T14:00:36","date_gmt":"2018-01-30T16:00:36","guid":{"rendered":"http:\/\/www.agrund.com\/?p=178093"},"modified":"2018-01-30T14:03:31","modified_gmt":"2018-01-30T16:03:31","slug":"gigi-e-bella-hadid-estrelam-capas-da-vogue-uk","status":"publish","type":"post","link":"https:\/\/agrund.com\/index.php\/gigi-e-bella-hadid-estrelam-capas-da-vogue-uk\/","title":{"rendered":"Gigi e Bella Hadid estrelam capas da \u2018Vogue\u2019 UK"},"content":{"rendered":"<p>\u00c9 isso mesmo! A \u2018Vogue\u2019 brit\u00e2nica convocou as irm\u00e3s Hadid para estrelar a sua edi\u00e7\u00e3o de mar\u00e7o 2018. Gigi e Bella aparecem em capas separadas usando vestidos dourados da Versace. A beleza, tamb\u00e9m dourada, \u00e9 a cara do ver\u00e3o!<\/p>\n<p>A fotografia \u00e9 de Steven Meisel e voc\u00ea confere na galeria abaixo:<\/p>\n<div id=\"attachment_178094\" style=\"width: 610px\" class=\"wp-caption aligncenter\"><img aria-describedby=\"caption-attachment-178094\" data-attachment-id=\"178094\" data-permalink=\"https:\/\/agrund.com\/index.php\/gigi-e-bella-hadid-estrelam-capas-da-vogue-uk\/1-1254\/\" data-orig-file=\"https:\/\/i0.wp.com\/agrund.com\/wp-content\/uploads\/sites\/6\/2018\/01\/1-65-e1517328049638.jpg?fit=600%2C787&amp;ssl=1\" data-orig-size=\"600,787\" data-comments-opened=\"1\" data-image-meta=\"{&quot;aperture&quot;:&quot;0&quot;,&quot;credit&quot;:&quot;&quot;,&quot;camera&quot;:&quot;&quot;,&quot;caption&quot;:&quot;&quot;,&quot;created_timestamp&quot;:&quot;0&quot;,&quot;copyright&quot;:&quot;&quot;,&quot;focal_length&quot;:&quot;0&quot;,&quot;iso&quot;:&quot;0&quot;,&quot;shutter_speed&quot;:&quot;0&quot;,&quot;title&quot;:&quot;&quot;,&quot;orientation&quot;:&quot;1&quot;}\" data-image-title=\"Gigi e Bella Hadid estrelam capas da \u2018Vogue\u2019 UK\" data-image-description=\"\" data-image-caption=\"&lt;p&gt;Gigi e Bella Hadid estrelam capas da \u2018Vogue\u2019 UK&lt;\/p&gt;\n\" data-medium-file=\"https:\/\/i0.wp.com\/agrund.com\/wp-content\/uploads\/sites\/6\/2018\/01\/1-65-e1517328049638.jpg?fit=229%2C300&amp;ssl=1\" data-large-file=\"https:\/\/i0.wp.com\/agrund.com\/wp-content\/uploads\/sites\/6\/2018\/01\/1-65-e1517328049638.jpg?fit=781%2C1024&amp;ssl=1\" decoding=\"async\" loading=\"lazy\" class=\"size-full wp-image-178094\" src=\"https:\/\/i0.wp.com\/www.agrund.com\/wp-content\/uploads\/sites\/6\/2018\/01\/1-65-e1517328049638.jpg?resize=600%2C787\" alt=\"\" width=\"600\" height=\"787\" data-recalc-dims=\"1\" \/><p id=\"caption-attachment-178094\" class=\"wp-caption-text\">Gigi e Bella Hadid estrelam capas da \u2018Vogue\u2019 UK<\/p><\/div>\n<div id=\"attachment_178095\" style=\"width: 610px\" class=\"wp-caption aligncenter\"><img aria-describedby=\"caption-attachment-178095\" data-attachment-id=\"178095\" data-permalink=\"https:\/\/agrund.com\/index.php\/gigi-e-bella-hadid-estrelam-capas-da-vogue-uk\/2-1201\/\" data-orig-file=\"https:\/\/i0.wp.com\/agrund.com\/wp-content\/uploads\/sites\/6\/2018\/01\/2-64-e1517328061195.jpg?fit=600%2C787&amp;ssl=1\" data-orig-size=\"600,787\" data-comments-opened=\"1\" data-image-meta=\"{&quot;aperture&quot;:&quot;0&quot;,&quot;credit&quot;:&quot;&quot;,&quot;camera&quot;:&quot;&quot;,&quot;caption&quot;:&quot;&quot;,&quot;created_timestamp&quot;:&quot;0&quot;,&quot;copyright&quot;:&quot;&quot;,&quot;focal_length&quot;:&quot;0&quot;,&quot;iso&quot;:&quot;0&quot;,&quot;shutter_speed&quot;:&quot;0&quot;,&quot;title&quot;:&quot;&quot;,&quot;orientation&quot;:&quot;1&quot;}\" data-image-title=\"Gigi e Bella Hadid estrelam capas da \u2018Vogue\u2019 UK\" data-image-description=\"\" data-image-caption=\"&lt;p&gt;Gigi e Bella Hadid estrelam capas da \u2018Vogue\u2019 UK&lt;\/p&gt;\n\" data-medium-file=\"https:\/\/i0.wp.com\/agrund.com\/wp-content\/uploads\/sites\/6\/2018\/01\/2-64-e1517328061195.jpg?fit=229%2C300&amp;ssl=1\" data-large-file=\"https:\/\/i0.wp.com\/agrund.com\/wp-content\/uploads\/sites\/6\/2018\/01\/2-64-e1517328061195.jpg?fit=781%2C1024&amp;ssl=1\" decoding=\"async\" loading=\"lazy\" class=\"size-full wp-image-178095\" src=\"https:\/\/i0.wp.com\/www.agrund.com\/wp-content\/uploads\/sites\/6\/2018\/01\/2-64-e1517328061195.jpg?resize=600%2C787\" alt=\"\" width=\"600\" height=\"787\" data-recalc-dims=\"1\" \/><p id=\"caption-attachment-178095\" class=\"wp-caption-text\">Gigi e Bella Hadid estrelam capas da \u2018Vogue\u2019 UK<\/p><\/div>\n<div id=\"attachment_178096\" style=\"width: 610px\" class=\"wp-caption aligncenter\"><img aria-describedby=\"caption-attachment-178096\" data-attachment-id=\"178096\" data-permalink=\"https:\/\/agrund.com\/index.php\/gigi-e-bella-hadid-estrelam-capas-da-vogue-uk\/3-1119\/\" data-orig-file=\"https:\/\/i0.wp.com\/agrund.com\/wp-content\/uploads\/sites\/6\/2018\/01\/3-58-e1517328075763.jpg?fit=600%2C600&amp;ssl=1\" data-orig-size=\"600,600\" data-comments-opened=\"1\" data-image-meta=\"{&quot;aperture&quot;:&quot;0&quot;,&quot;credit&quot;:&quot;&quot;,&quot;camera&quot;:&quot;&quot;,&quot;caption&quot;:&quot;&quot;,&quot;created_timestamp&quot;:&quot;0&quot;,&quot;copyright&quot;:&quot;&quot;,&quot;focal_length&quot;:&quot;0&quot;,&quot;iso&quot;:&quot;0&quot;,&quot;shutter_speed&quot;:&quot;0&quot;,&quot;title&quot;:&quot;&quot;,&quot;orientation&quot;:&quot;1&quot;}\" data-image-title=\"Gigi e Bella Hadid estrelam capas da \u2018Vogue\u2019 UK\" data-image-description=\"\" data-image-caption=\"&lt;p&gt;Gigi e Bella Hadid estrelam capas da \u2018Vogue\u2019 UK&lt;\/p&gt;\n\" data-medium-file=\"https:\/\/i0.wp.com\/agrund.com\/wp-content\/uploads\/sites\/6\/2018\/01\/3-58-e1517328075763.jpg?fit=300%2C300&amp;ssl=1\" data-large-file=\"https:\/\/i0.wp.com\/agrund.com\/wp-content\/uploads\/sites\/6\/2018\/01\/3-58-e1517328075763.jpg?fit=600%2C600&amp;ssl=1\" decoding=\"async\" loading=\"lazy\" class=\"size-full wp-image-178096\" src=\"https:\/\/i0.wp.com\/www.agrund.com\/wp-content\/uploads\/sites\/6\/2018\/01\/3-58-e1517328075763.jpg?resize=600%2C600\" alt=\"\" width=\"600\" height=\"600\" data-recalc-dims=\"1\" \/><p id=\"caption-attachment-178096\" class=\"wp-caption-text\">Gigi e Bella Hadid estrelam capas da \u2018Vogue\u2019 UK<\/p><\/div>\n<p>Fotos: Reprodu\u00e7\u00e3o.<\/p>\n","protected":false},"excerpt":{"rendered":"<p>\u00c9 isso mesmo! A \u2018Vogue\u2019 brit\u00e2nica convocou as irm\u00e3s Hadid para estrelar a sua edi\u00e7\u00e3o de mar\u00e7o 2018. Gigi e Bella aparecem em capas separadas usando vestidos dourados da Versace. A beleza, tamb\u00e9m dourada, \u00e9 a cara do ver\u00e3o! A fotografia \u00e9 de Steven Meisel e voc\u00ea confere na galeria abaixo: Fotos: Reprodu\u00e7\u00e3o.<\/p>\n","protected":false},"author":8,"featured_media":178097,"comment_status":"open","ping_status":"open","sticky":false,"template":"","format":"standard","meta":{"jetpack_post_was_ever_published":false,"_jetpack_newsletter_access":"","jetpack_publicize_message":"","jetpack_is_tweetstorm":false,"jetpack_publicize_feature_enabled":true,"jetpack_social_post_already_shared":true,"jetpack_social_options":{"image_generator_settings":{"template":"highway","enabled":false}}},"categories":[2],"tags":[],"jetpack_publicize_connections":[],"jetpack_featured_media_url":"https:\/\/i0.wp.com\/agrund.com\/wp-content\/uploads\/sites\/6\/2018\/01\/s-106.jpg?fit=960%2C300&ssl=1","jetpack_sharing_enabled":true,"jetpack_shortlink":"https:\/\/wp.me\/p3Hz0n-Kkt","jetpack_likes_enabled":true,"_links":{"self":[{"href":"https:\/\/agrund.com\/index.php\/wp-json\/wp\/v2\/posts\/178093"}],"collection":[{"href":"https:\/\/agrund.com\/index.php\/wp-json\/wp\/v2\/posts"}],"about":[{"href":"https:\/\/agrund.com\/index.php\/wp-json\/wp\/v2\/types\/post"}],"author":[{"embeddable":true,"href":"https:\/\/agrund.com\/index.php\/wp-json\/wp\/v2\/users\/8"}],"replies":[{"embeddable":true,"href":"https:\/\/agrund.com\/index.php\/wp-json\/wp\/v2\/comments?post=178093"}],"version-history":[{"count":0,"href":"https:\/\/agrund.com\/index.php\/wp-json\/wp\/v2\/posts\/178093\/revisions"}],"wp:featuredmedia":[{"embeddable":true,"href":"https:\/\/agrund.com\/index.php\/wp-json\/wp\/v2\/media\/178097"}],"wp:attachment":[{"href":"https:\/\/agrund.com\/index.php\/wp-json\/wp\/v2\/media?parent=178093"}],"wp:term":[{"taxonomy":"category","embeddable":true,"href":"https:\/\/agrund.com\/index.php\/wp-json\/wp\/v2\/categories?post=178093"},{"taxonomy":"post_tag","embeddable":true,"href":"https:\/\/agrund.com\/index.php\/wp-json\/wp\/v2\/tags?post=178093"}],"curies":[{"name":"wp","href":"https:\/\/api.w.org\/{rel}","templated":true}]}}