{"id":178085,"date":"2018-01-30T17:00:44","date_gmt":"2018-01-30T19:00:44","guid":{"rendered":"http:\/\/www.agrund.com\/?p=178085"},"modified":"2018-01-30T10:18:13","modified_gmt":"2018-01-30T12:18:13","slug":"dicas-curtas-por-arlindo-grund-o-colete-jeans-iv-7","status":"publish","type":"post","link":"https:\/\/agrund.com\/index.php\/dicas-curtas-por-arlindo-grund-o-colete-jeans-iv-7\/","title":{"rendered":"Dicas Curtas por Arlindo Grund :: O colete jeans IV"},"content":{"rendered":"<p>Por fim o colete jeans \u00e9 t\u00e3o vers\u00e1til que us\u00e1-lo com um mini vestido pode ficar divertido. Aqui a proposta \u00e9 mais estruturada. O vestido de algod\u00e3o com shape dos anos 50 e bem estruturado fica moderno com a mistura do colete e da sand\u00e1lia gladiador. Gostaram?<\/p>\n<div id=\"attachment_178086\" style=\"width: 510px\" class=\"wp-caption aligncenter\"><img aria-describedby=\"caption-attachment-178086\" data-attachment-id=\"178086\" data-permalink=\"https:\/\/agrund.com\/index.php\/dicas-curtas-por-arlindo-grund-o-colete-jeans-iv-7\/4-1033\/\" data-orig-file=\"https:\/\/i0.wp.com\/agrund.com\/wp-content\/uploads\/sites\/6\/2018\/01\/4-48.jpg?fit=500%2C696&amp;ssl=1\" data-orig-size=\"500,696\" data-comments-opened=\"1\" data-image-meta=\"{&quot;aperture&quot;:&quot;0&quot;,&quot;credit&quot;:&quot;&quot;,&quot;camera&quot;:&quot;&quot;,&quot;caption&quot;:&quot;&quot;,&quot;created_timestamp&quot;:&quot;0&quot;,&quot;copyright&quot;:&quot;&quot;,&quot;focal_length&quot;:&quot;0&quot;,&quot;iso&quot;:&quot;0&quot;,&quot;shutter_speed&quot;:&quot;0&quot;,&quot;title&quot;:&quot;&quot;,&quot;orientation&quot;:&quot;0&quot;}\" data-image-title=\"Dicas Curtas por Arlindo Grund :: O colete jeans IV\" data-image-description=\"\" data-image-caption=\"&lt;p&gt;Dicas Curtas por Arlindo Grund :: O colete jeans IV&lt;\/p&gt;\n\" data-medium-file=\"https:\/\/i0.wp.com\/agrund.com\/wp-content\/uploads\/sites\/6\/2018\/01\/4-48.jpg?fit=216%2C300&amp;ssl=1\" data-large-file=\"https:\/\/i0.wp.com\/agrund.com\/wp-content\/uploads\/sites\/6\/2018\/01\/4-48.jpg?fit=500%2C696&amp;ssl=1\" decoding=\"async\" loading=\"lazy\" class=\"size-full wp-image-178086\" src=\"https:\/\/i0.wp.com\/www.agrund.com\/wp-content\/uploads\/sites\/6\/2018\/01\/4-48.jpg?resize=500%2C696\" alt=\"\" width=\"500\" height=\"696\" srcset=\"https:\/\/i0.wp.com\/agrund.com\/wp-content\/uploads\/sites\/6\/2018\/01\/4-48.jpg?w=500&amp;ssl=1 500w, https:\/\/i0.wp.com\/agrund.com\/wp-content\/uploads\/sites\/6\/2018\/01\/4-48.jpg?resize=216%2C300&amp;ssl=1 216w\" sizes=\"(max-width: 500px) 100vw, 500px\" data-recalc-dims=\"1\" \/><p id=\"caption-attachment-178086\" class=\"wp-caption-text\">Dicas Curtas por Arlindo Grund :: O colete jeans IV<\/p><\/div>\n<p>Foto: Reprodu\u00e7\u00e3o.<\/p>\n","protected":false},"excerpt":{"rendered":"<p>Por fim o colete jeans \u00e9 t\u00e3o vers\u00e1til que us\u00e1-lo com um mini vestido pode ficar divertido. Aqui a proposta \u00e9 mais estruturada. O vestido de algod\u00e3o com shape dos anos 50 e bem estruturado fica moderno com a mistura do colete e da sand\u00e1lia gladiador. Gostaram? Foto: Reprodu\u00e7\u00e3o.<\/p>\n","protected":false},"author":8,"featured_media":178087,"comment_status":"open","ping_status":"open","sticky":false,"template":"","format":"standard","meta":{"jetpack_post_was_ever_published":false,"_jetpack_newsletter_access":"","jetpack_publicize_message":"","jetpack_is_tweetstorm":false,"jetpack_publicize_feature_enabled":true,"jetpack_social_post_already_shared":true,"jetpack_social_options":{"image_generator_settings":{"template":"highway","enabled":false}}},"categories":[4,2],"tags":[],"jetpack_publicize_connections":[],"jetpack_featured_media_url":"https:\/\/i0.wp.com\/agrund.com\/wp-content\/uploads\/sites\/6\/2018\/01\/s4-10.jpg?fit=960%2C300&ssl=1","jetpack_sharing_enabled":true,"jetpack_shortlink":"https:\/\/wp.me\/p3Hz0n-Kkl","jetpack_likes_enabled":true,"_links":{"self":[{"href":"https:\/\/agrund.com\/index.php\/wp-json\/wp\/v2\/posts\/178085"}],"collection":[{"href":"https:\/\/agrund.com\/index.php\/wp-json\/wp\/v2\/posts"}],"about":[{"href":"https:\/\/agrund.com\/index.php\/wp-json\/wp\/v2\/types\/post"}],"author":[{"embeddable":true,"href":"https:\/\/agrund.com\/index.php\/wp-json\/wp\/v2\/users\/8"}],"replies":[{"embeddable":true,"href":"https:\/\/agrund.com\/index.php\/wp-json\/wp\/v2\/comments?post=178085"}],"version-history":[{"count":0,"href":"https:\/\/agrund.com\/index.php\/wp-json\/wp\/v2\/posts\/178085\/revisions"}],"wp:featuredmedia":[{"embeddable":true,"href":"https:\/\/agrund.com\/index.php\/wp-json\/wp\/v2\/media\/178087"}],"wp:attachment":[{"href":"https:\/\/agrund.com\/index.php\/wp-json\/wp\/v2\/media?parent=178085"}],"wp:term":[{"taxonomy":"category","embeddable":true,"href":"https:\/\/agrund.com\/index.php\/wp-json\/wp\/v2\/categories?post=178085"},{"taxonomy":"post_tag","embeddable":true,"href":"https:\/\/agrund.com\/index.php\/wp-json\/wp\/v2\/tags?post=178085"}],"curies":[{"name":"wp","href":"https:\/\/api.w.org\/{rel}","templated":true}]}}