{"id":177836,"date":"2018-01-23T18:00:11","date_gmt":"2018-01-23T20:00:11","guid":{"rendered":"http:\/\/www.agrund.com\/?p=177836"},"modified":"2018-01-23T15:27:53","modified_gmt":"2018-01-23T17:27:53","slug":"tudo-azul-cor-e-a-aposta-do-verao-das-famosas","status":"publish","type":"post","link":"https:\/\/agrund.com\/index.php\/tudo-azul-cor-e-a-aposta-do-verao-das-famosas\/","title":{"rendered":"Tudo azul: cor \u00e9 a aposta do ver\u00e3o das famosas"},"content":{"rendered":"<p>Por Ros\u00e2ngela Espinossi<\/p>\n<p>A cor de 2018 pode ser o ultra violet, de acordo com a Pantone, mas por enquanto a tonalidade que est\u00e1 tomando conta do look de v\u00e1rias brasileiras \u00e9 o azul. Em v\u00e1rios tons e tecidos, o tom aparece em cal\u00e7as e blusas, macac\u00f5es e vestidos.<\/p>\n<p>A aposta principal \u00e9 na monocromia da produ\u00e7\u00e3o, seja puxando para o azul-royal, para o jeans e para o azul-celeste. Eliana, Anitta, Fernanda Keulla s\u00e3o algumas que apostaram na cor. Gostou dos looks delas? Confira algumas dicas para usar azul e depois clique <a href=\"http:\/\/www.elasnotapetevermelho.com.br\/portal\/tudo-azul-cor-e-a-aposta-de-verao-da-famosas\/\">AQUI<\/a>.<\/p>\n<p><strong>#ficaadica1:<\/strong> O azul \u00e9 uma cor que acalma e tranquiliza. Al\u00e9m de festas, como v\u00e1rias outras famosas t\u00eam apostado, a cor cai super bem para roupas casuais e de ver\u00e3o<\/p>\n<p><strong>#ficaadica2:<\/strong> O azul tem a capacidade de combinar com todos os tipos de pele: brancas, amarelas, morenas e negras. Isso com tonalidades fortes ou mais claras.<\/p>\n<p><strong>#ficaadica3:<\/strong> O uso da monocromia, com qualquer cor, tem efeito alongador. Vale apostar na ideia.<\/p>\n<p>Confira as produ\u00e7\u00f5es das famosas com v\u00e1rios estilos e pe\u00e7as diferentes em azul.<\/p>\n<p><strong>Eliana<\/strong><br \/>\nA apresentadora Eliana aposta em top e cal\u00e7a da marca mineira Fedra. Veja como a blusa real\u00e7a o busto com delicadeza, a partir do n\u00f3 no meio dos seios. E a barra franzidinha ajuda a valorizar a cintura. A cal\u00e7a flare equilibra a silhueta. E o azul-claro em monocromia alonga o visual da m\u00e3e da Manuela e Arthur. O styling \u00e9 de Thidy Alves.<\/p>\n<div id=\"attachment_177838\" style=\"width: 510px\" class=\"wp-caption aligncenter\"><img aria-describedby=\"caption-attachment-177838\" data-attachment-id=\"177838\" data-permalink=\"https:\/\/agrund.com\/index.php\/tudo-azul-cor-e-a-aposta-do-verao-das-famosas\/2-1182\/\" data-orig-file=\"https:\/\/i0.wp.com\/agrund.com\/wp-content\/uploads\/sites\/6\/2018\/01\/2-46.jpg?fit=500%2C625&amp;ssl=1\" data-orig-size=\"500,625\" data-comments-opened=\"1\" data-image-meta=\"{&quot;aperture&quot;:&quot;0&quot;,&quot;credit&quot;:&quot;&quot;,&quot;camera&quot;:&quot;&quot;,&quot;caption&quot;:&quot;&quot;,&quot;created_timestamp&quot;:&quot;0&quot;,&quot;copyright&quot;:&quot;&quot;,&quot;focal_length&quot;:&quot;0&quot;,&quot;iso&quot;:&quot;0&quot;,&quot;shutter_speed&quot;:&quot;0&quot;,&quot;title&quot;:&quot;&quot;,&quot;orientation&quot;:&quot;1&quot;}\" data-image-title=\"Tudo azul: cor \u00e9 a aposta do ver\u00e3o das famosas\" data-image-description=\"\" data-image-caption=\"&lt;p&gt;Tudo azul: cor \u00e9 a aposta do ver\u00e3o das famosas&lt;\/p&gt;\n\" data-medium-file=\"https:\/\/i0.wp.com\/agrund.com\/wp-content\/uploads\/sites\/6\/2018\/01\/2-46.jpg?fit=240%2C300&amp;ssl=1\" data-large-file=\"https:\/\/i0.wp.com\/agrund.com\/wp-content\/uploads\/sites\/6\/2018\/01\/2-46.jpg?fit=500%2C625&amp;ssl=1\" decoding=\"async\" loading=\"lazy\" class=\"size-full wp-image-177838\" src=\"https:\/\/i0.wp.com\/www.agrund.com\/wp-content\/uploads\/sites\/6\/2018\/01\/2-46.jpg?resize=500%2C625\" alt=\"\" width=\"500\" height=\"625\" srcset=\"https:\/\/i0.wp.com\/agrund.com\/wp-content\/uploads\/sites\/6\/2018\/01\/2-46.jpg?w=500&amp;ssl=1 500w, https:\/\/i0.wp.com\/agrund.com\/wp-content\/uploads\/sites\/6\/2018\/01\/2-46.jpg?resize=240%2C300&amp;ssl=1 240w\" sizes=\"(max-width: 500px) 100vw, 500px\" data-recalc-dims=\"1\" \/><p id=\"caption-attachment-177838\" class=\"wp-caption-text\">Tudo azul: cor \u00e9 a aposta do ver\u00e3o das famosas<\/p><\/div>\n<p>&nbsp;<\/p>\n<p><strong>Fernanda Keulla<\/strong><br \/>\nCal\u00e7a jeans e top cropped da Le Blog Store foi a op\u00e7\u00e3o de Fernanda Keulla, vencedora do BBB13 e rep\u00f3rter do BBB18, que come\u00e7ou nessa segunda, dia 22. A barra virada da cal\u00e7a e a cintura alta com cinto do mesmo tecido fazem toda a diferen\u00e7a no look, tamb\u00e9m com styling de Thidy Alvis.<\/p>\n<div id=\"attachment_177837\" style=\"width: 510px\" class=\"wp-caption aligncenter\"><img aria-describedby=\"caption-attachment-177837\" data-attachment-id=\"177837\" data-permalink=\"https:\/\/agrund.com\/index.php\/tudo-azul-cor-e-a-aposta-do-verao-das-famosas\/1-1235\/\" data-orig-file=\"https:\/\/i0.wp.com\/agrund.com\/wp-content\/uploads\/sites\/6\/2018\/01\/1-46.jpg?fit=500%2C622&amp;ssl=1\" data-orig-size=\"500,622\" data-comments-opened=\"1\" data-image-meta=\"{&quot;aperture&quot;:&quot;0&quot;,&quot;credit&quot;:&quot;&quot;,&quot;camera&quot;:&quot;&quot;,&quot;caption&quot;:&quot;&quot;,&quot;created_timestamp&quot;:&quot;0&quot;,&quot;copyright&quot;:&quot;&quot;,&quot;focal_length&quot;:&quot;0&quot;,&quot;iso&quot;:&quot;0&quot;,&quot;shutter_speed&quot;:&quot;0&quot;,&quot;title&quot;:&quot;&quot;,&quot;orientation&quot;:&quot;1&quot;}\" data-image-title=\"Tudo azul: cor \u00e9 a aposta do ver\u00e3o das famosas\" data-image-description=\"\" data-image-caption=\"&lt;p&gt;Tudo azul: cor \u00e9 a aposta do ver\u00e3o das famosas&lt;\/p&gt;\n\" data-medium-file=\"https:\/\/i0.wp.com\/agrund.com\/wp-content\/uploads\/sites\/6\/2018\/01\/1-46.jpg?fit=241%2C300&amp;ssl=1\" data-large-file=\"https:\/\/i0.wp.com\/agrund.com\/wp-content\/uploads\/sites\/6\/2018\/01\/1-46.jpg?fit=500%2C622&amp;ssl=1\" decoding=\"async\" loading=\"lazy\" class=\"size-full wp-image-177837\" src=\"https:\/\/i0.wp.com\/www.agrund.com\/wp-content\/uploads\/sites\/6\/2018\/01\/1-46.jpg?resize=500%2C622\" alt=\"\" width=\"500\" height=\"622\" srcset=\"https:\/\/i0.wp.com\/agrund.com\/wp-content\/uploads\/sites\/6\/2018\/01\/1-46.jpg?w=500&amp;ssl=1 500w, https:\/\/i0.wp.com\/agrund.com\/wp-content\/uploads\/sites\/6\/2018\/01\/1-46.jpg?resize=241%2C300&amp;ssl=1 241w\" sizes=\"(max-width: 500px) 100vw, 500px\" data-recalc-dims=\"1\" \/><p id=\"caption-attachment-177837\" class=\"wp-caption-text\">Tudo azul: cor \u00e9 a aposta do ver\u00e3o das famosas<\/p><\/div>\n<p>&nbsp;<\/p>\n<p><strong>Anitta<\/strong><br \/>\nAnitta usou o macac\u00e3o todo de paet\u00ea azul-royal no \u201cCaldeir\u00e3o de Ouro\u201d, de Luciano Huck, no s\u00e1bado 6. A pe\u00e7a \u00e9 linda, sensual e ajuda a marcar a cintura, principalmente com o cinto preto. Lembrando que o brilho reflete luz e aumenta a regi\u00e3o onde est\u00e1. Caso queira evitar esse efeito, aposte em tecido opaco.<\/p>\n<div id=\"attachment_177839\" style=\"width: 510px\" class=\"wp-caption aligncenter\"><img aria-describedby=\"caption-attachment-177839\" data-attachment-id=\"177839\" data-permalink=\"https:\/\/agrund.com\/index.php\/tudo-azul-cor-e-a-aposta-do-verao-das-famosas\/3-1101\/\" data-orig-file=\"https:\/\/i0.wp.com\/agrund.com\/wp-content\/uploads\/sites\/6\/2018\/01\/3-41.jpg?fit=500%2C500&amp;ssl=1\" data-orig-size=\"500,500\" data-comments-opened=\"1\" data-image-meta=\"{&quot;aperture&quot;:&quot;0&quot;,&quot;credit&quot;:&quot;&quot;,&quot;camera&quot;:&quot;&quot;,&quot;caption&quot;:&quot;&quot;,&quot;created_timestamp&quot;:&quot;0&quot;,&quot;copyright&quot;:&quot;&quot;,&quot;focal_length&quot;:&quot;0&quot;,&quot;iso&quot;:&quot;0&quot;,&quot;shutter_speed&quot;:&quot;0&quot;,&quot;title&quot;:&quot;&quot;,&quot;orientation&quot;:&quot;1&quot;}\" data-image-title=\"Tudo azul: cor \u00e9 a aposta do ver\u00e3o das famosas\" data-image-description=\"\" data-image-caption=\"&lt;p&gt;Tudo azul: cor \u00e9 a aposta do ver\u00e3o das famosas&lt;\/p&gt;\n\" data-medium-file=\"https:\/\/i0.wp.com\/agrund.com\/wp-content\/uploads\/sites\/6\/2018\/01\/3-41.jpg?fit=300%2C300&amp;ssl=1\" data-large-file=\"https:\/\/i0.wp.com\/agrund.com\/wp-content\/uploads\/sites\/6\/2018\/01\/3-41.jpg?fit=500%2C500&amp;ssl=1\" decoding=\"async\" loading=\"lazy\" class=\"size-full wp-image-177839\" src=\"https:\/\/i0.wp.com\/www.agrund.com\/wp-content\/uploads\/sites\/6\/2018\/01\/3-41.jpg?resize=500%2C500\" alt=\"\" width=\"500\" height=\"500\" srcset=\"https:\/\/i0.wp.com\/agrund.com\/wp-content\/uploads\/sites\/6\/2018\/01\/3-41.jpg?w=500&amp;ssl=1 500w, https:\/\/i0.wp.com\/agrund.com\/wp-content\/uploads\/sites\/6\/2018\/01\/3-41.jpg?resize=150%2C150&amp;ssl=1 150w, https:\/\/i0.wp.com\/agrund.com\/wp-content\/uploads\/sites\/6\/2018\/01\/3-41.jpg?resize=300%2C300&amp;ssl=1 300w\" sizes=\"(max-width: 500px) 100vw, 500px\" data-recalc-dims=\"1\" \/><p id=\"caption-attachment-177839\" class=\"wp-caption-text\">Tudo azul: cor \u00e9 a aposta do ver\u00e3o das famosas<\/p><\/div>\n<p>Fotos: Reprodu\u00e7\u00e3o\/ Instagram.<\/p>\n","protected":false},"excerpt":{"rendered":"<p>Por Ros\u00e2ngela Espinossi A cor de 2018 pode ser o ultra violet, de acordo com a Pantone, mas por enquanto a tonalidade que est\u00e1 tomando conta do look de v\u00e1rias brasileiras \u00e9 o azul. Em v\u00e1rios tons e tecidos, o tom aparece em cal\u00e7as e blusas, macac\u00f5es e vestidos. A aposta principal \u00e9 na monocromia [&hellip;]<\/p>\n","protected":false},"author":8,"featured_media":177840,"comment_status":"open","ping_status":"open","sticky":false,"template":"","format":"standard","meta":{"jetpack_post_was_ever_published":false,"_jetpack_newsletter_access":"","jetpack_publicize_message":"","jetpack_is_tweetstorm":false,"jetpack_publicize_feature_enabled":true,"jetpack_social_post_already_shared":true,"jetpack_social_options":{"image_generator_settings":{"template":"highway","enabled":false}}},"categories":[2],"tags":[],"jetpack_publicize_connections":[],"jetpack_featured_media_url":"https:\/\/i0.wp.com\/agrund.com\/wp-content\/uploads\/sites\/6\/2018\/01\/s-80.jpg?fit=960%2C300&ssl=1","jetpack_sharing_enabled":true,"jetpack_shortlink":"https:\/\/wp.me\/p3Hz0n-Kgk","jetpack_likes_enabled":true,"_links":{"self":[{"href":"https:\/\/agrund.com\/index.php\/wp-json\/wp\/v2\/posts\/177836"}],"collection":[{"href":"https:\/\/agrund.com\/index.php\/wp-json\/wp\/v2\/posts"}],"about":[{"href":"https:\/\/agrund.com\/index.php\/wp-json\/wp\/v2\/types\/post"}],"author":[{"embeddable":true,"href":"https:\/\/agrund.com\/index.php\/wp-json\/wp\/v2\/users\/8"}],"replies":[{"embeddable":true,"href":"https:\/\/agrund.com\/index.php\/wp-json\/wp\/v2\/comments?post=177836"}],"version-history":[{"count":0,"href":"https:\/\/agrund.com\/index.php\/wp-json\/wp\/v2\/posts\/177836\/revisions"}],"wp:featuredmedia":[{"embeddable":true,"href":"https:\/\/agrund.com\/index.php\/wp-json\/wp\/v2\/media\/177840"}],"wp:attachment":[{"href":"https:\/\/agrund.com\/index.php\/wp-json\/wp\/v2\/media?parent=177836"}],"wp:term":[{"taxonomy":"category","embeddable":true,"href":"https:\/\/agrund.com\/index.php\/wp-json\/wp\/v2\/categories?post=177836"},{"taxonomy":"post_tag","embeddable":true,"href":"https:\/\/agrund.com\/index.php\/wp-json\/wp\/v2\/tags?post=177836"}],"curies":[{"name":"wp","href":"https:\/\/api.w.org\/{rel}","templated":true}]}}