{"id":177811,"date":"2018-01-23T13:00:25","date_gmt":"2018-01-23T15:00:25","guid":{"rendered":"http:\/\/www.agrund.com\/?p=177811"},"modified":"2018-01-23T12:39:37","modified_gmt":"2018-01-23T14:39:37","slug":"nick-jonas-e-o-novo-rosto-de-john-varvatos","status":"publish","type":"post","link":"https:\/\/agrund.com\/index.php\/nick-jonas-e-o-novo-rosto-de-john-varvatos\/","title":{"rendered":"Nick Jonas \u00e9 o novo rosto de John Varvatos"},"content":{"rendered":"<p>John Varvatos convocou Nick Jonas para estrelar a sua campanha primavera\/ver\u00e3o 2018. Mas n\u00e3o \u00e9 s\u00f3 isso! A marca anunciou que lan\u00e7ar\u00e1 uma cole\u00e7\u00e3o-c\u00e1psula em parceria com o cantor.<\/p>\n<p>\u201cEsta colabora\u00e7\u00e3o \u00e9 \u00fanica para n\u00f3s. Nunca fizemos nenhuma colabora\u00e7\u00e3o de produtos com artistas ou qualquer pessoa. Eu vejo que faremos muitas coisas com Nick no futuro\u201d, declarou John em um comunicado oficial.<\/p>\n<p>A \u00fanica informa\u00e7\u00e3o divulgada at\u00e9 agora \u00e9 que a linha se chamar\u00e1 JV x NJ. Enquanto ela n\u00e3o vem, voc\u00ea confere a campanha estrelada por Nick. Confira:<\/p>\n<div id=\"attachment_177812\" style=\"width: 610px\" class=\"wp-caption aligncenter\"><img aria-describedby=\"caption-attachment-177812\" data-attachment-id=\"177812\" data-permalink=\"https:\/\/agrund.com\/index.php\/nick-jonas-e-o-novo-rosto-de-john-varvatos\/1-1232\/\" data-orig-file=\"https:\/\/i0.wp.com\/agrund.com\/wp-content\/uploads\/sites\/6\/2018\/01\/1-43.jpg?fit=600%2C384&amp;ssl=1\" data-orig-size=\"600,384\" data-comments-opened=\"1\" data-image-meta=\"{&quot;aperture&quot;:&quot;0&quot;,&quot;credit&quot;:&quot;&quot;,&quot;camera&quot;:&quot;&quot;,&quot;caption&quot;:&quot;&quot;,&quot;created_timestamp&quot;:&quot;0&quot;,&quot;copyright&quot;:&quot;&quot;,&quot;focal_length&quot;:&quot;0&quot;,&quot;iso&quot;:&quot;0&quot;,&quot;shutter_speed&quot;:&quot;0&quot;,&quot;title&quot;:&quot;&quot;,&quot;orientation&quot;:&quot;1&quot;}\" data-image-title=\"Nick Jonas \u00e9 o novo rosto de John Varvatos\" data-image-description=\"\" data-image-caption=\"&lt;p&gt;Nick Jonas \u00e9 o novo rosto de John Varvatos&lt;\/p&gt;\n\" data-medium-file=\"https:\/\/i0.wp.com\/agrund.com\/wp-content\/uploads\/sites\/6\/2018\/01\/1-43.jpg?fit=300%2C192&amp;ssl=1\" data-large-file=\"https:\/\/i0.wp.com\/agrund.com\/wp-content\/uploads\/sites\/6\/2018\/01\/1-43.jpg?fit=600%2C384&amp;ssl=1\" decoding=\"async\" loading=\"lazy\" class=\"size-full wp-image-177812\" src=\"https:\/\/i0.wp.com\/www.agrund.com\/wp-content\/uploads\/sites\/6\/2018\/01\/1-43.jpg?resize=600%2C384\" alt=\"\" width=\"600\" height=\"384\" srcset=\"https:\/\/i0.wp.com\/agrund.com\/wp-content\/uploads\/sites\/6\/2018\/01\/1-43.jpg?w=600&amp;ssl=1 600w, https:\/\/i0.wp.com\/agrund.com\/wp-content\/uploads\/sites\/6\/2018\/01\/1-43.jpg?resize=300%2C192&amp;ssl=1 300w\" sizes=\"(max-width: 600px) 100vw, 600px\" data-recalc-dims=\"1\" \/><p id=\"caption-attachment-177812\" class=\"wp-caption-text\">Nick Jonas \u00e9 o novo rosto de John Varvatos<\/p><\/div>\n<div id=\"attachment_177814\" style=\"width: 610px\" class=\"wp-caption aligncenter\"><img aria-describedby=\"caption-attachment-177814\" data-attachment-id=\"177814\" data-permalink=\"https:\/\/agrund.com\/index.php\/nick-jonas-e-o-novo-rosto-de-john-varvatos\/3-1098\/\" data-orig-file=\"https:\/\/i0.wp.com\/agrund.com\/wp-content\/uploads\/sites\/6\/2018\/01\/3-38.jpg?fit=600%2C777&amp;ssl=1\" data-orig-size=\"600,777\" data-comments-opened=\"1\" data-image-meta=\"{&quot;aperture&quot;:&quot;0&quot;,&quot;credit&quot;:&quot;&quot;,&quot;camera&quot;:&quot;&quot;,&quot;caption&quot;:&quot;&quot;,&quot;created_timestamp&quot;:&quot;0&quot;,&quot;copyright&quot;:&quot;&quot;,&quot;focal_length&quot;:&quot;0&quot;,&quot;iso&quot;:&quot;0&quot;,&quot;shutter_speed&quot;:&quot;0&quot;,&quot;title&quot;:&quot;&quot;,&quot;orientation&quot;:&quot;1&quot;}\" data-image-title=\"Nick Jonas \u00e9 o novo rosto de John Varvatos\" data-image-description=\"\" data-image-caption=\"&lt;p&gt;Nick Jonas \u00e9 o novo rosto de John Varvatos&lt;\/p&gt;\n\" data-medium-file=\"https:\/\/i0.wp.com\/agrund.com\/wp-content\/uploads\/sites\/6\/2018\/01\/3-38.jpg?fit=232%2C300&amp;ssl=1\" data-large-file=\"https:\/\/i0.wp.com\/agrund.com\/wp-content\/uploads\/sites\/6\/2018\/01\/3-38.jpg?fit=600%2C777&amp;ssl=1\" decoding=\"async\" loading=\"lazy\" class=\"size-full wp-image-177814\" src=\"https:\/\/i0.wp.com\/www.agrund.com\/wp-content\/uploads\/sites\/6\/2018\/01\/3-38.jpg?resize=600%2C777\" alt=\"\" width=\"600\" height=\"777\" srcset=\"https:\/\/i0.wp.com\/agrund.com\/wp-content\/uploads\/sites\/6\/2018\/01\/3-38.jpg?w=600&amp;ssl=1 600w, https:\/\/i0.wp.com\/agrund.com\/wp-content\/uploads\/sites\/6\/2018\/01\/3-38.jpg?resize=232%2C300&amp;ssl=1 232w\" sizes=\"(max-width: 600px) 100vw, 600px\" data-recalc-dims=\"1\" \/><p id=\"caption-attachment-177814\" class=\"wp-caption-text\">Nick Jonas \u00e9 o novo rosto de John Varvatos<\/p><\/div>\n<div id=\"attachment_177813\" style=\"width: 610px\" class=\"wp-caption aligncenter\"><img aria-describedby=\"caption-attachment-177813\" data-attachment-id=\"177813\" data-permalink=\"https:\/\/agrund.com\/index.php\/nick-jonas-e-o-novo-rosto-de-john-varvatos\/2-1179\/\" data-orig-file=\"https:\/\/i0.wp.com\/agrund.com\/wp-content\/uploads\/sites\/6\/2018\/01\/2-43.jpg?fit=600%2C385&amp;ssl=1\" data-orig-size=\"600,385\" data-comments-opened=\"1\" data-image-meta=\"{&quot;aperture&quot;:&quot;0&quot;,&quot;credit&quot;:&quot;&quot;,&quot;camera&quot;:&quot;&quot;,&quot;caption&quot;:&quot;&quot;,&quot;created_timestamp&quot;:&quot;0&quot;,&quot;copyright&quot;:&quot;&quot;,&quot;focal_length&quot;:&quot;0&quot;,&quot;iso&quot;:&quot;0&quot;,&quot;shutter_speed&quot;:&quot;0&quot;,&quot;title&quot;:&quot;&quot;,&quot;orientation&quot;:&quot;1&quot;}\" data-image-title=\"Nick Jonas \u00e9 o novo rosto de John Varvatos\" data-image-description=\"\" data-image-caption=\"&lt;p&gt;Nick Jonas \u00e9 o novo rosto de John Varvatos&lt;\/p&gt;\n\" data-medium-file=\"https:\/\/i0.wp.com\/agrund.com\/wp-content\/uploads\/sites\/6\/2018\/01\/2-43.jpg?fit=300%2C193&amp;ssl=1\" data-large-file=\"https:\/\/i0.wp.com\/agrund.com\/wp-content\/uploads\/sites\/6\/2018\/01\/2-43.jpg?fit=600%2C385&amp;ssl=1\" decoding=\"async\" loading=\"lazy\" class=\"size-full wp-image-177813\" src=\"https:\/\/i0.wp.com\/www.agrund.com\/wp-content\/uploads\/sites\/6\/2018\/01\/2-43.jpg?resize=600%2C385\" alt=\"\" width=\"600\" height=\"385\" srcset=\"https:\/\/i0.wp.com\/agrund.com\/wp-content\/uploads\/sites\/6\/2018\/01\/2-43.jpg?w=600&amp;ssl=1 600w, https:\/\/i0.wp.com\/agrund.com\/wp-content\/uploads\/sites\/6\/2018\/01\/2-43.jpg?resize=300%2C193&amp;ssl=1 300w\" sizes=\"(max-width: 600px) 100vw, 600px\" data-recalc-dims=\"1\" \/><p id=\"caption-attachment-177813\" class=\"wp-caption-text\">Nick Jonas \u00e9 o novo rosto de John Varvatos<\/p><\/div>\n<span class=\"embed-youtube\" style=\"text-align:center; display: block;\"><iframe class=\"youtube-player\" width=\"560\" height=\"315\" src=\"https:\/\/www.youtube.com\/embed\/m-6dC46j1Mw?version=3&#038;rel=1&#038;showsearch=0&#038;showinfo=1&#038;iv_load_policy=1&#038;fs=1&#038;hl=pt-BR&#038;autohide=2&#038;wmode=transparent\" allowfullscreen=\"true\" style=\"border:0;\" sandbox=\"allow-scripts allow-same-origin allow-popups allow-presentation\"><\/iframe><\/span>\n<p>Fotos: Reprodu\u00e7\u00e3o.<\/p>\n","protected":false},"excerpt":{"rendered":"<p>John Varvatos convocou Nick Jonas para estrelar a sua campanha primavera\/ver\u00e3o 2018. Mas n\u00e3o \u00e9 s\u00f3 isso! A marca anunciou que lan\u00e7ar\u00e1 uma cole\u00e7\u00e3o-c\u00e1psula em parceria com o cantor. \u201cEsta colabora\u00e7\u00e3o \u00e9 \u00fanica para n\u00f3s. Nunca fizemos nenhuma colabora\u00e7\u00e3o de produtos com artistas ou qualquer pessoa. Eu vejo que faremos muitas coisas com Nick no [&hellip;]<\/p>\n","protected":false},"author":8,"featured_media":177815,"comment_status":"open","ping_status":"open","sticky":false,"template":"","format":"standard","meta":{"jetpack_post_was_ever_published":false,"_jetpack_newsletter_access":"","jetpack_publicize_message":"","jetpack_is_tweetstorm":false,"jetpack_publicize_feature_enabled":true,"jetpack_social_post_already_shared":true,"jetpack_social_options":{"image_generator_settings":{"template":"highway","enabled":false}}},"categories":[2],"tags":[],"jetpack_publicize_connections":[],"jetpack_featured_media_url":"https:\/\/i0.wp.com\/agrund.com\/wp-content\/uploads\/sites\/6\/2018\/01\/s-77.jpg?fit=960%2C300&ssl=1","jetpack_sharing_enabled":true,"jetpack_shortlink":"https:\/\/wp.me\/p3Hz0n-KfV","jetpack_likes_enabled":true,"_links":{"self":[{"href":"https:\/\/agrund.com\/index.php\/wp-json\/wp\/v2\/posts\/177811"}],"collection":[{"href":"https:\/\/agrund.com\/index.php\/wp-json\/wp\/v2\/posts"}],"about":[{"href":"https:\/\/agrund.com\/index.php\/wp-json\/wp\/v2\/types\/post"}],"author":[{"embeddable":true,"href":"https:\/\/agrund.com\/index.php\/wp-json\/wp\/v2\/users\/8"}],"replies":[{"embeddable":true,"href":"https:\/\/agrund.com\/index.php\/wp-json\/wp\/v2\/comments?post=177811"}],"version-history":[{"count":0,"href":"https:\/\/agrund.com\/index.php\/wp-json\/wp\/v2\/posts\/177811\/revisions"}],"wp:featuredmedia":[{"embeddable":true,"href":"https:\/\/agrund.com\/index.php\/wp-json\/wp\/v2\/media\/177815"}],"wp:attachment":[{"href":"https:\/\/agrund.com\/index.php\/wp-json\/wp\/v2\/media?parent=177811"}],"wp:term":[{"taxonomy":"category","embeddable":true,"href":"https:\/\/agrund.com\/index.php\/wp-json\/wp\/v2\/categories?post=177811"},{"taxonomy":"post_tag","embeddable":true,"href":"https:\/\/agrund.com\/index.php\/wp-json\/wp\/v2\/tags?post=177811"}],"curies":[{"name":"wp","href":"https:\/\/api.w.org\/{rel}","templated":true}]}}