{"id":177801,"date":"2018-01-23T11:00:00","date_gmt":"2018-01-23T13:00:00","guid":{"rendered":"http:\/\/www.agrund.com\/?p=177801"},"modified":"2018-01-23T09:37:23","modified_gmt":"2018-01-23T11:37:23","slug":"irmas-kardashian-jenner-estrelam-campanha-da-calvin-klein","status":"publish","type":"post","link":"https:\/\/agrund.com\/index.php\/irmas-kardashian-jenner-estrelam-campanha-da-calvin-klein\/","title":{"rendered":"Irm\u00e3s Kardashian-Jenner estrelam campanha da Calvin Klein"},"content":{"rendered":"<p>Depois de nomes como Solange Knowles e os irm\u00e3os Kaia e Presley Gerber, agora foi a vez de uma das fam\u00edlias mais conhecidas na m\u00eddia estrelaram a campanha da Calvin Klein.<\/p>\n<p>As irm\u00e3s Kardashian-Jenner s\u00e3o os novos rostos da campanha mundial #MyCalvins #OurFamily clicada por Willy Vanderperre. Kim, Khloe e Kourtney Kardashian posaram ao lado de Kylie e Kendall Jenner vestindo as ic\u00f4nicas lingeries com logo da marca, al\u00e9m da cole\u00e7\u00e3o de jeanswear.<\/p>\n<p>O intuito da campanha \u00e9 mostrar o significado de fam\u00edlia para cada um dos artistas convidados. Al\u00e9m das fotos, o cl\u00e3 tamb\u00e9m estrela um v\u00eddeo onde elas contam seus segredos brincando de \u2018Eu nunca\u2019. Aperte o play:<\/p>\n<div id=\"attachment_177802\" style=\"width: 610px\" class=\"wp-caption aligncenter\"><img aria-describedby=\"caption-attachment-177802\" data-attachment-id=\"177802\" data-permalink=\"https:\/\/agrund.com\/index.php\/irmas-kardashian-jenner-estrelam-campanha-da-calvin-klein\/1-1231\/\" data-orig-file=\"https:\/\/i0.wp.com\/agrund.com\/wp-content\/uploads\/sites\/6\/2018\/01\/1-42-e1516707231683.jpg?fit=600%2C428&amp;ssl=1\" data-orig-size=\"600,428\" data-comments-opened=\"1\" data-image-meta=\"{&quot;aperture&quot;:&quot;0&quot;,&quot;credit&quot;:&quot;&quot;,&quot;camera&quot;:&quot;&quot;,&quot;caption&quot;:&quot;&quot;,&quot;created_timestamp&quot;:&quot;0&quot;,&quot;copyright&quot;:&quot;&quot;,&quot;focal_length&quot;:&quot;0&quot;,&quot;iso&quot;:&quot;0&quot;,&quot;shutter_speed&quot;:&quot;0&quot;,&quot;title&quot;:&quot;&quot;,&quot;orientation&quot;:&quot;1&quot;}\" data-image-title=\"Irm\u00e3s Kardashian-Jenner estrelam campanha da Calvin Klein\" data-image-description=\"\" data-image-caption=\"&lt;p&gt;Irm\u00e3s Kardashian-Jenner estrelam campanha da Calvin Klein&lt;\/p&gt;\n\" data-medium-file=\"https:\/\/i0.wp.com\/agrund.com\/wp-content\/uploads\/sites\/6\/2018\/01\/1-42-e1516707231683.jpg?fit=300%2C214&amp;ssl=1\" data-large-file=\"https:\/\/i0.wp.com\/agrund.com\/wp-content\/uploads\/sites\/6\/2018\/01\/1-42-e1516707231683.jpg?fit=600%2C428&amp;ssl=1\" decoding=\"async\" loading=\"lazy\" class=\"size-full wp-image-177802\" src=\"https:\/\/i0.wp.com\/www.agrund.com\/wp-content\/uploads\/sites\/6\/2018\/01\/1-42-e1516707231683.jpg?resize=600%2C428\" alt=\"\" width=\"600\" height=\"428\" data-recalc-dims=\"1\" \/><p id=\"caption-attachment-177802\" class=\"wp-caption-text\">Irm\u00e3s Kardashian-Jenner estrelam campanha da Calvin Klein<\/p><\/div>\n<div id=\"attachment_177806\" style=\"width: 610px\" class=\"wp-caption aligncenter\"><img aria-describedby=\"caption-attachment-177806\" data-attachment-id=\"177806\" data-permalink=\"https:\/\/agrund.com\/index.php\/irmas-kardashian-jenner-estrelam-campanha-da-calvin-klein\/5-927\/\" data-orig-file=\"https:\/\/i0.wp.com\/agrund.com\/wp-content\/uploads\/sites\/6\/2018\/01\/5-24-e1516707245930.jpg?fit=600%2C424&amp;ssl=1\" data-orig-size=\"600,424\" data-comments-opened=\"1\" data-image-meta=\"{&quot;aperture&quot;:&quot;0&quot;,&quot;credit&quot;:&quot;&quot;,&quot;camera&quot;:&quot;&quot;,&quot;caption&quot;:&quot;&quot;,&quot;created_timestamp&quot;:&quot;0&quot;,&quot;copyright&quot;:&quot;&quot;,&quot;focal_length&quot;:&quot;0&quot;,&quot;iso&quot;:&quot;0&quot;,&quot;shutter_speed&quot;:&quot;0&quot;,&quot;title&quot;:&quot;&quot;,&quot;orientation&quot;:&quot;0&quot;}\" data-image-title=\"Irm\u00e3s Kardashian-Jenner estrelam campanha da Calvin Klein\" data-image-description=\"\" data-image-caption=\"&lt;p&gt;Irm\u00e3s Kardashian-Jenner estrelam campanha da Calvin Klein&lt;\/p&gt;\n\" data-medium-file=\"https:\/\/i0.wp.com\/agrund.com\/wp-content\/uploads\/sites\/6\/2018\/01\/5-24-e1516707245930.jpg?fit=300%2C212&amp;ssl=1\" data-large-file=\"https:\/\/i0.wp.com\/agrund.com\/wp-content\/uploads\/sites\/6\/2018\/01\/5-24-e1516707245930.jpg?fit=600%2C424&amp;ssl=1\" decoding=\"async\" loading=\"lazy\" class=\"size-full wp-image-177806\" src=\"https:\/\/i0.wp.com\/www.agrund.com\/wp-content\/uploads\/sites\/6\/2018\/01\/5-24-e1516707245930.jpg?resize=600%2C424\" alt=\"\" width=\"600\" height=\"424\" data-recalc-dims=\"1\" \/><p id=\"caption-attachment-177806\" class=\"wp-caption-text\">Irm\u00e3s Kardashian-Jenner estrelam campanha da Calvin Klein<\/p><\/div>\n<div id=\"attachment_177807\" style=\"width: 610px\" class=\"wp-caption aligncenter\"><img aria-describedby=\"caption-attachment-177807\" data-attachment-id=\"177807\" data-permalink=\"https:\/\/agrund.com\/index.php\/irmas-kardashian-jenner-estrelam-campanha-da-calvin-klein\/6-881\/\" data-orig-file=\"https:\/\/i0.wp.com\/agrund.com\/wp-content\/uploads\/sites\/6\/2018\/01\/6-20-e1516707264484.jpg?fit=600%2C900&amp;ssl=1\" data-orig-size=\"600,900\" data-comments-opened=\"1\" data-image-meta=\"{&quot;aperture&quot;:&quot;0&quot;,&quot;credit&quot;:&quot;&quot;,&quot;camera&quot;:&quot;&quot;,&quot;caption&quot;:&quot;&quot;,&quot;created_timestamp&quot;:&quot;0&quot;,&quot;copyright&quot;:&quot;&quot;,&quot;focal_length&quot;:&quot;0&quot;,&quot;iso&quot;:&quot;0&quot;,&quot;shutter_speed&quot;:&quot;0&quot;,&quot;title&quot;:&quot;&quot;,&quot;orientation&quot;:&quot;0&quot;}\" data-image-title=\"Irm\u00e3s Kardashian-Jenner estrelam campanha da Calvin Klein\" data-image-description=\"\" data-image-caption=\"&lt;p&gt;Irm\u00e3s Kardashian-Jenner estrelam campanha da Calvin Klein&lt;\/p&gt;\n\" data-medium-file=\"https:\/\/i0.wp.com\/agrund.com\/wp-content\/uploads\/sites\/6\/2018\/01\/6-20-e1516707264484.jpg?fit=200%2C300&amp;ssl=1\" data-large-file=\"https:\/\/i0.wp.com\/agrund.com\/wp-content\/uploads\/sites\/6\/2018\/01\/6-20-e1516707264484.jpg?fit=600%2C900&amp;ssl=1\" decoding=\"async\" loading=\"lazy\" class=\"size-full wp-image-177807\" src=\"https:\/\/i0.wp.com\/www.agrund.com\/wp-content\/uploads\/sites\/6\/2018\/01\/6-20-e1516707264484.jpg?resize=600%2C900\" alt=\"\" width=\"600\" height=\"900\" data-recalc-dims=\"1\" \/><p id=\"caption-attachment-177807\" class=\"wp-caption-text\">Irm\u00e3s Kardashian-Jenner estrelam campanha da Calvin Klein<\/p><\/div>\n<div id=\"attachment_177803\" style=\"width: 610px\" class=\"wp-caption aligncenter\"><img aria-describedby=\"caption-attachment-177803\" data-attachment-id=\"177803\" data-permalink=\"https:\/\/agrund.com\/index.php\/irmas-kardashian-jenner-estrelam-campanha-da-calvin-klein\/2-1178\/\" data-orig-file=\"https:\/\/i0.wp.com\/agrund.com\/wp-content\/uploads\/sites\/6\/2018\/01\/2-42-e1516707280848.jpg?fit=600%2C428&amp;ssl=1\" data-orig-size=\"600,428\" data-comments-opened=\"1\" data-image-meta=\"{&quot;aperture&quot;:&quot;0&quot;,&quot;credit&quot;:&quot;&quot;,&quot;camera&quot;:&quot;&quot;,&quot;caption&quot;:&quot;&quot;,&quot;created_timestamp&quot;:&quot;0&quot;,&quot;copyright&quot;:&quot;&quot;,&quot;focal_length&quot;:&quot;0&quot;,&quot;iso&quot;:&quot;0&quot;,&quot;shutter_speed&quot;:&quot;0&quot;,&quot;title&quot;:&quot;&quot;,&quot;orientation&quot;:&quot;1&quot;}\" data-image-title=\"Irm\u00e3s Kardashian-Jenner estrelam campanha da Calvin Klein\" data-image-description=\"\" data-image-caption=\"&lt;p&gt;Irm\u00e3s Kardashian-Jenner estrelam campanha da Calvin Klein&lt;\/p&gt;\n\" data-medium-file=\"https:\/\/i0.wp.com\/agrund.com\/wp-content\/uploads\/sites\/6\/2018\/01\/2-42-e1516707280848.jpg?fit=300%2C214&amp;ssl=1\" data-large-file=\"https:\/\/i0.wp.com\/agrund.com\/wp-content\/uploads\/sites\/6\/2018\/01\/2-42-e1516707280848.jpg?fit=600%2C428&amp;ssl=1\" decoding=\"async\" loading=\"lazy\" class=\"size-full wp-image-177803\" src=\"https:\/\/i0.wp.com\/www.agrund.com\/wp-content\/uploads\/sites\/6\/2018\/01\/2-42-e1516707280848.jpg?resize=600%2C428\" alt=\"\" width=\"600\" height=\"428\" data-recalc-dims=\"1\" \/><p id=\"caption-attachment-177803\" class=\"wp-caption-text\">Irm\u00e3s Kardashian-Jenner estrelam campanha da Calvin Klein<\/p><\/div>\n<div id=\"attachment_177808\" style=\"width: 610px\" class=\"wp-caption aligncenter\"><img aria-describedby=\"caption-attachment-177808\" data-attachment-id=\"177808\" data-permalink=\"https:\/\/agrund.com\/index.php\/irmas-kardashian-jenner-estrelam-campanha-da-calvin-klein\/7-781\/\" data-orig-file=\"https:\/\/i0.wp.com\/agrund.com\/wp-content\/uploads\/sites\/6\/2018\/01\/7-13-e1516707306364.jpg?fit=600%2C424&amp;ssl=1\" data-orig-size=\"600,424\" data-comments-opened=\"1\" data-image-meta=\"{&quot;aperture&quot;:&quot;0&quot;,&quot;credit&quot;:&quot;&quot;,&quot;camera&quot;:&quot;&quot;,&quot;caption&quot;:&quot;&quot;,&quot;created_timestamp&quot;:&quot;0&quot;,&quot;copyright&quot;:&quot;&quot;,&quot;focal_length&quot;:&quot;0&quot;,&quot;iso&quot;:&quot;0&quot;,&quot;shutter_speed&quot;:&quot;0&quot;,&quot;title&quot;:&quot;&quot;,&quot;orientation&quot;:&quot;0&quot;}\" data-image-title=\"Irm\u00e3s Kardashian-Jenner estrelam campanha da Calvin Klein\" data-image-description=\"\" data-image-caption=\"&lt;p&gt;Irm\u00e3s Kardashian-Jenner estrelam campanha da Calvin Klein&lt;\/p&gt;\n\" data-medium-file=\"https:\/\/i0.wp.com\/agrund.com\/wp-content\/uploads\/sites\/6\/2018\/01\/7-13-e1516707306364.jpg?fit=300%2C212&amp;ssl=1\" data-large-file=\"https:\/\/i0.wp.com\/agrund.com\/wp-content\/uploads\/sites\/6\/2018\/01\/7-13-e1516707306364.jpg?fit=600%2C424&amp;ssl=1\" decoding=\"async\" loading=\"lazy\" class=\"size-full wp-image-177808\" src=\"https:\/\/i0.wp.com\/www.agrund.com\/wp-content\/uploads\/sites\/6\/2018\/01\/7-13-e1516707306364.jpg?resize=600%2C424\" alt=\"\" width=\"600\" height=\"424\" data-recalc-dims=\"1\" \/><p id=\"caption-attachment-177808\" class=\"wp-caption-text\">Irm\u00e3s Kardashian-Jenner estrelam campanha da Calvin Klein<\/p><\/div>\n<p>Fotos: Reprodu\u00e7\u00e3o.<\/p>\n","protected":false},"excerpt":{"rendered":"<p>Depois de nomes como Solange Knowles e os irm\u00e3os Kaia e Presley Gerber, agora foi a vez de uma das fam\u00edlias mais conhecidas na m\u00eddia estrelaram a campanha da Calvin Klein. As irm\u00e3s Kardashian-Jenner s\u00e3o os novos rostos da campanha mundial #MyCalvins #OurFamily clicada por Willy Vanderperre. Kim, Khloe e Kourtney Kardashian posaram ao lado [&hellip;]<\/p>\n","protected":false},"author":8,"featured_media":177809,"comment_status":"open","ping_status":"open","sticky":false,"template":"","format":"standard","meta":{"jetpack_post_was_ever_published":false,"_jetpack_newsletter_access":"","jetpack_publicize_message":"","jetpack_is_tweetstorm":false,"jetpack_publicize_feature_enabled":true,"jetpack_social_post_already_shared":true,"jetpack_social_options":{"image_generator_settings":{"template":"highway","enabled":false}}},"categories":[2],"tags":[],"jetpack_publicize_connections":[],"jetpack_featured_media_url":"https:\/\/i0.wp.com\/agrund.com\/wp-content\/uploads\/sites\/6\/2018\/01\/s-76.jpg?fit=960%2C300&ssl=1","jetpack_sharing_enabled":true,"jetpack_shortlink":"https:\/\/wp.me\/p3Hz0n-KfL","jetpack_likes_enabled":true,"_links":{"self":[{"href":"https:\/\/agrund.com\/index.php\/wp-json\/wp\/v2\/posts\/177801"}],"collection":[{"href":"https:\/\/agrund.com\/index.php\/wp-json\/wp\/v2\/posts"}],"about":[{"href":"https:\/\/agrund.com\/index.php\/wp-json\/wp\/v2\/types\/post"}],"author":[{"embeddable":true,"href":"https:\/\/agrund.com\/index.php\/wp-json\/wp\/v2\/users\/8"}],"replies":[{"embeddable":true,"href":"https:\/\/agrund.com\/index.php\/wp-json\/wp\/v2\/comments?post=177801"}],"version-history":[{"count":0,"href":"https:\/\/agrund.com\/index.php\/wp-json\/wp\/v2\/posts\/177801\/revisions"}],"wp:featuredmedia":[{"embeddable":true,"href":"https:\/\/agrund.com\/index.php\/wp-json\/wp\/v2\/media\/177809"}],"wp:attachment":[{"href":"https:\/\/agrund.com\/index.php\/wp-json\/wp\/v2\/media?parent=177801"}],"wp:term":[{"taxonomy":"category","embeddable":true,"href":"https:\/\/agrund.com\/index.php\/wp-json\/wp\/v2\/categories?post=177801"},{"taxonomy":"post_tag","embeddable":true,"href":"https:\/\/agrund.com\/index.php\/wp-json\/wp\/v2\/tags?post=177801"}],"curies":[{"name":"wp","href":"https:\/\/api.w.org\/{rel}","templated":true}]}}