{"id":177586,"date":"2018-01-19T16:00:05","date_gmt":"2018-01-19T18:00:05","guid":{"rendered":"http:\/\/www.agrund.com\/?p=177586"},"modified":"2018-01-19T15:54:46","modified_gmt":"2018-01-19T17:54:46","slug":"comme-des-garcons-desfila-parceria-com-marca-brasileira","status":"publish","type":"post","link":"https:\/\/agrund.com\/index.php\/comme-des-garcons-desfila-parceria-com-marca-brasileira\/","title":{"rendered":"Comme des Gar\u00e7ons desfila parceria com marca brasileira"},"content":{"rendered":"<p>A Comme des Gar\u00e7ons desfilou hoje (19) a sua cole\u00e7\u00e3o outono\/inverno 2019 na passarela da Paris Fashion Week Homme. Al\u00e9m dos looks incr\u00edveis, um t\u00eanis nos p\u00e9s dos modelos chamou a nossa aten\u00e7\u00e3o.<\/p>\n<p>O modelo \u00e9 resultado da segunda parceria da marca francesa com a Melissa! Super moderno e com um design esportivo, ele tem tudo a ver com a personalidade da Comme des Gar\u00e7ons.<\/p>\n<p>Esta \u00e9 a primeira vez que a marca brasileira cria um cal\u00e7ado 100% pensado para o p\u00fablico masculino, e podemos dizer que o resultado ficou incr\u00edvel.\u00a0Confira!<\/p>\n<div id=\"attachment_177593\" style=\"width: 610px\" class=\"wp-caption aligncenter\"><img aria-describedby=\"caption-attachment-177593\" data-attachment-id=\"177593\" data-permalink=\"https:\/\/agrund.com\/index.php\/comme-des-garcons-desfila-parceria-com-marca-brasileira\/img_0650\/\" data-orig-file=\"https:\/\/i0.wp.com\/agrund.com\/wp-content\/uploads\/sites\/6\/2018\/01\/IMG_0650.jpg?fit=600%2C1067&amp;ssl=1\" data-orig-size=\"600,1067\" data-comments-opened=\"1\" data-image-meta=\"{&quot;aperture&quot;:&quot;0&quot;,&quot;credit&quot;:&quot;&quot;,&quot;camera&quot;:&quot;&quot;,&quot;caption&quot;:&quot;&quot;,&quot;created_timestamp&quot;:&quot;1516375539&quot;,&quot;copyright&quot;:&quot;&quot;,&quot;focal_length&quot;:&quot;0&quot;,&quot;iso&quot;:&quot;0&quot;,&quot;shutter_speed&quot;:&quot;0&quot;,&quot;title&quot;:&quot;&quot;,&quot;orientation&quot;:&quot;1&quot;}\" data-image-title=\"Comme des Gar\u00e7ons desfila parceria com marca brasileira\" data-image-description=\"\" data-image-caption=\"&lt;p&gt;Comme des Gar\u00e7ons desfila parceria com marca brasileira&lt;\/p&gt;\n\" data-medium-file=\"https:\/\/i0.wp.com\/agrund.com\/wp-content\/uploads\/sites\/6\/2018\/01\/IMG_0650.jpg?fit=169%2C300&amp;ssl=1\" data-large-file=\"https:\/\/i0.wp.com\/agrund.com\/wp-content\/uploads\/sites\/6\/2018\/01\/IMG_0650.jpg?fit=576%2C1024&amp;ssl=1\" decoding=\"async\" loading=\"lazy\" class=\"size-full wp-image-177593\" src=\"https:\/\/i0.wp.com\/www.agrund.com\/wp-content\/uploads\/sites\/6\/2018\/01\/IMG_0650.jpg?resize=600%2C1067\" alt=\"\" width=\"600\" height=\"1067\" srcset=\"https:\/\/i0.wp.com\/agrund.com\/wp-content\/uploads\/sites\/6\/2018\/01\/IMG_0650.jpg?w=600&amp;ssl=1 600w, https:\/\/i0.wp.com\/agrund.com\/wp-content\/uploads\/sites\/6\/2018\/01\/IMG_0650.jpg?resize=169%2C300&amp;ssl=1 169w, https:\/\/i0.wp.com\/agrund.com\/wp-content\/uploads\/sites\/6\/2018\/01\/IMG_0650.jpg?resize=576%2C1024&amp;ssl=1 576w\" sizes=\"(max-width: 600px) 100vw, 600px\" data-recalc-dims=\"1\" \/><p id=\"caption-attachment-177593\" class=\"wp-caption-text\">Comme des Gar\u00e7ons desfila parceria com marca brasileira<\/p><\/div>\n<div id=\"attachment_177589\" style=\"width: 610px\" class=\"wp-caption aligncenter\"><img aria-describedby=\"caption-attachment-177589\" data-attachment-id=\"177589\" data-permalink=\"https:\/\/agrund.com\/index.php\/comme-des-garcons-desfila-parceria-com-marca-brasileira\/2-1160\/\" data-orig-file=\"https:\/\/i0.wp.com\/agrund.com\/wp-content\/uploads\/sites\/6\/2018\/01\/2-24.jpg?fit=600%2C463&amp;ssl=1\" data-orig-size=\"600,463\" data-comments-opened=\"1\" data-image-meta=\"{&quot;aperture&quot;:&quot;0&quot;,&quot;credit&quot;:&quot;&quot;,&quot;camera&quot;:&quot;&quot;,&quot;caption&quot;:&quot;&quot;,&quot;created_timestamp&quot;:&quot;0&quot;,&quot;copyright&quot;:&quot;&quot;,&quot;focal_length&quot;:&quot;0&quot;,&quot;iso&quot;:&quot;0&quot;,&quot;shutter_speed&quot;:&quot;0&quot;,&quot;title&quot;:&quot;&quot;,&quot;orientation&quot;:&quot;1&quot;}\" data-image-title=\"Comme des Gar\u00e7ons desfila parceria com marca brasileira\" data-image-description=\"\" data-image-caption=\"&lt;p&gt;Comme des Gar\u00e7ons desfila parceria com marca brasileira&lt;\/p&gt;\n\" data-medium-file=\"https:\/\/i0.wp.com\/agrund.com\/wp-content\/uploads\/sites\/6\/2018\/01\/2-24.jpg?fit=300%2C232&amp;ssl=1\" data-large-file=\"https:\/\/i0.wp.com\/agrund.com\/wp-content\/uploads\/sites\/6\/2018\/01\/2-24.jpg?fit=600%2C463&amp;ssl=1\" decoding=\"async\" loading=\"lazy\" class=\"size-full wp-image-177589\" src=\"https:\/\/i0.wp.com\/www.agrund.com\/wp-content\/uploads\/sites\/6\/2018\/01\/2-24.jpg?resize=600%2C463\" alt=\"\" width=\"600\" height=\"463\" srcset=\"https:\/\/i0.wp.com\/agrund.com\/wp-content\/uploads\/sites\/6\/2018\/01\/2-24.jpg?w=600&amp;ssl=1 600w, https:\/\/i0.wp.com\/agrund.com\/wp-content\/uploads\/sites\/6\/2018\/01\/2-24.jpg?resize=300%2C232&amp;ssl=1 300w\" sizes=\"(max-width: 600px) 100vw, 600px\" data-recalc-dims=\"1\" \/><p id=\"caption-attachment-177589\" class=\"wp-caption-text\">Comme des Gar\u00e7ons desfila parceria com marca brasileira<\/p><\/div>\n<div id=\"attachment_177588\" style=\"width: 610px\" class=\"wp-caption aligncenter\"><img aria-describedby=\"caption-attachment-177588\" data-attachment-id=\"177588\" data-permalink=\"https:\/\/agrund.com\/index.php\/comme-des-garcons-desfila-parceria-com-marca-brasileira\/1-1214\/\" data-orig-file=\"https:\/\/i0.wp.com\/agrund.com\/wp-content\/uploads\/sites\/6\/2018\/01\/1-24.jpg?fit=600%2C520&amp;ssl=1\" data-orig-size=\"600,520\" data-comments-opened=\"1\" data-image-meta=\"{&quot;aperture&quot;:&quot;0&quot;,&quot;credit&quot;:&quot;&quot;,&quot;camera&quot;:&quot;&quot;,&quot;caption&quot;:&quot;&quot;,&quot;created_timestamp&quot;:&quot;0&quot;,&quot;copyright&quot;:&quot;&quot;,&quot;focal_length&quot;:&quot;0&quot;,&quot;iso&quot;:&quot;0&quot;,&quot;shutter_speed&quot;:&quot;0&quot;,&quot;title&quot;:&quot;&quot;,&quot;orientation&quot;:&quot;1&quot;}\" data-image-title=\"Comme des Gar\u00e7ons desfila parceria com marca brasileira\" data-image-description=\"\" data-image-caption=\"&lt;p&gt;Comme des Gar\u00e7ons desfila parceria com marca brasileira&lt;\/p&gt;\n\" data-medium-file=\"https:\/\/i0.wp.com\/agrund.com\/wp-content\/uploads\/sites\/6\/2018\/01\/1-24.jpg?fit=300%2C260&amp;ssl=1\" data-large-file=\"https:\/\/i0.wp.com\/agrund.com\/wp-content\/uploads\/sites\/6\/2018\/01\/1-24.jpg?fit=600%2C520&amp;ssl=1\" decoding=\"async\" loading=\"lazy\" class=\"size-full wp-image-177588\" src=\"https:\/\/i0.wp.com\/www.agrund.com\/wp-content\/uploads\/sites\/6\/2018\/01\/1-24.jpg?resize=600%2C520\" alt=\"\" width=\"600\" height=\"520\" srcset=\"https:\/\/i0.wp.com\/agrund.com\/wp-content\/uploads\/sites\/6\/2018\/01\/1-24.jpg?w=600&amp;ssl=1 600w, https:\/\/i0.wp.com\/agrund.com\/wp-content\/uploads\/sites\/6\/2018\/01\/1-24.jpg?resize=300%2C260&amp;ssl=1 300w\" sizes=\"(max-width: 600px) 100vw, 600px\" data-recalc-dims=\"1\" \/><p id=\"caption-attachment-177588\" class=\"wp-caption-text\">Comme des Gar\u00e7ons desfila parceria com marca brasileira<\/p><\/div>\n<div id=\"attachment_177590\" style=\"width: 610px\" class=\"wp-caption aligncenter\"><img aria-describedby=\"caption-attachment-177590\" data-attachment-id=\"177590\" data-permalink=\"https:\/\/agrund.com\/index.php\/comme-des-garcons-desfila-parceria-com-marca-brasileira\/3-1080\/\" data-orig-file=\"https:\/\/i0.wp.com\/agrund.com\/wp-content\/uploads\/sites\/6\/2018\/01\/3-20.jpg?fit=600%2C504&amp;ssl=1\" data-orig-size=\"600,504\" data-comments-opened=\"1\" data-image-meta=\"{&quot;aperture&quot;:&quot;0&quot;,&quot;credit&quot;:&quot;&quot;,&quot;camera&quot;:&quot;&quot;,&quot;caption&quot;:&quot;&quot;,&quot;created_timestamp&quot;:&quot;0&quot;,&quot;copyright&quot;:&quot;&quot;,&quot;focal_length&quot;:&quot;0&quot;,&quot;iso&quot;:&quot;0&quot;,&quot;shutter_speed&quot;:&quot;0&quot;,&quot;title&quot;:&quot;&quot;,&quot;orientation&quot;:&quot;1&quot;}\" data-image-title=\"Comme des Gar\u00e7ons desfila parceria com marca brasileira\" data-image-description=\"\" data-image-caption=\"&lt;p&gt;Comme des Gar\u00e7ons desfila parceria com marca brasileira&lt;\/p&gt;\n\" data-medium-file=\"https:\/\/i0.wp.com\/agrund.com\/wp-content\/uploads\/sites\/6\/2018\/01\/3-20.jpg?fit=300%2C252&amp;ssl=1\" data-large-file=\"https:\/\/i0.wp.com\/agrund.com\/wp-content\/uploads\/sites\/6\/2018\/01\/3-20.jpg?fit=600%2C504&amp;ssl=1\" decoding=\"async\" loading=\"lazy\" class=\"size-full wp-image-177590\" src=\"https:\/\/i0.wp.com\/www.agrund.com\/wp-content\/uploads\/sites\/6\/2018\/01\/3-20.jpg?resize=600%2C504\" alt=\"\" width=\"600\" height=\"504\" srcset=\"https:\/\/i0.wp.com\/agrund.com\/wp-content\/uploads\/sites\/6\/2018\/01\/3-20.jpg?w=600&amp;ssl=1 600w, https:\/\/i0.wp.com\/agrund.com\/wp-content\/uploads\/sites\/6\/2018\/01\/3-20.jpg?resize=300%2C252&amp;ssl=1 300w\" sizes=\"(max-width: 600px) 100vw, 600px\" data-recalc-dims=\"1\" \/><p id=\"caption-attachment-177590\" class=\"wp-caption-text\">Comme des Gar\u00e7ons desfila parceria com marca brasileira<\/p><\/div>\n<div id=\"attachment_177591\" style=\"width: 610px\" class=\"wp-caption aligncenter\"><img aria-describedby=\"caption-attachment-177591\" data-attachment-id=\"177591\" data-permalink=\"https:\/\/agrund.com\/index.php\/comme-des-garcons-desfila-parceria-com-marca-brasileira\/4-1003\/\" data-orig-file=\"https:\/\/i0.wp.com\/agrund.com\/wp-content\/uploads\/sites\/6\/2018\/01\/4-17.jpg?fit=600%2C491&amp;ssl=1\" data-orig-size=\"600,491\" data-comments-opened=\"1\" data-image-meta=\"{&quot;aperture&quot;:&quot;0&quot;,&quot;credit&quot;:&quot;&quot;,&quot;camera&quot;:&quot;&quot;,&quot;caption&quot;:&quot;&quot;,&quot;created_timestamp&quot;:&quot;0&quot;,&quot;copyright&quot;:&quot;&quot;,&quot;focal_length&quot;:&quot;0&quot;,&quot;iso&quot;:&quot;0&quot;,&quot;shutter_speed&quot;:&quot;0&quot;,&quot;title&quot;:&quot;&quot;,&quot;orientation&quot;:&quot;1&quot;}\" data-image-title=\"Comme des Gar\u00e7ons desfila parceria com marca brasileira\" data-image-description=\"\" data-image-caption=\"&lt;p&gt;Comme des Gar\u00e7ons desfila parceria com marca brasileira&lt;\/p&gt;\n\" data-medium-file=\"https:\/\/i0.wp.com\/agrund.com\/wp-content\/uploads\/sites\/6\/2018\/01\/4-17.jpg?fit=300%2C246&amp;ssl=1\" data-large-file=\"https:\/\/i0.wp.com\/agrund.com\/wp-content\/uploads\/sites\/6\/2018\/01\/4-17.jpg?fit=600%2C491&amp;ssl=1\" decoding=\"async\" loading=\"lazy\" class=\"size-full wp-image-177591\" src=\"https:\/\/i0.wp.com\/www.agrund.com\/wp-content\/uploads\/sites\/6\/2018\/01\/4-17.jpg?resize=600%2C491\" alt=\"\" width=\"600\" height=\"491\" srcset=\"https:\/\/i0.wp.com\/agrund.com\/wp-content\/uploads\/sites\/6\/2018\/01\/4-17.jpg?w=600&amp;ssl=1 600w, https:\/\/i0.wp.com\/agrund.com\/wp-content\/uploads\/sites\/6\/2018\/01\/4-17.jpg?resize=300%2C246&amp;ssl=1 300w\" sizes=\"(max-width: 600px) 100vw, 600px\" data-recalc-dims=\"1\" \/><p id=\"caption-attachment-177591\" class=\"wp-caption-text\">Comme des Gar\u00e7ons desfila parceria com marca brasileira<\/p><\/div>\n<p>Fotos: Divulga\u00e7\u00e3o.<\/p>\n","protected":false},"excerpt":{"rendered":"<p>A Comme des Gar\u00e7ons desfilou hoje (19) a sua cole\u00e7\u00e3o outono\/inverno 2019 na passarela da Paris Fashion Week Homme. Al\u00e9m dos looks incr\u00edveis, um t\u00eanis nos p\u00e9s dos modelos chamou a nossa aten\u00e7\u00e3o. O modelo \u00e9 resultado da segunda parceria da marca francesa com a Melissa! Super moderno e com um design esportivo, ele tem [&hellip;]<\/p>\n","protected":false},"author":8,"featured_media":177587,"comment_status":"open","ping_status":"open","sticky":false,"template":"","format":"standard","meta":{"jetpack_post_was_ever_published":false,"_jetpack_newsletter_access":"","jetpack_publicize_message":"","jetpack_is_tweetstorm":false,"jetpack_publicize_feature_enabled":true,"jetpack_social_post_already_shared":true,"jetpack_social_options":{"image_generator_settings":{"template":"highway","enabled":false}}},"categories":[2],"tags":[],"jetpack_publicize_connections":[],"jetpack_featured_media_url":"https:\/\/i0.wp.com\/agrund.com\/wp-content\/uploads\/sites\/6\/2018\/01\/s-57.jpg?fit=960%2C300&ssl=1","jetpack_sharing_enabled":true,"jetpack_shortlink":"https:\/\/wp.me\/p3Hz0n-Kci","jetpack_likes_enabled":true,"_links":{"self":[{"href":"https:\/\/agrund.com\/index.php\/wp-json\/wp\/v2\/posts\/177586"}],"collection":[{"href":"https:\/\/agrund.com\/index.php\/wp-json\/wp\/v2\/posts"}],"about":[{"href":"https:\/\/agrund.com\/index.php\/wp-json\/wp\/v2\/types\/post"}],"author":[{"embeddable":true,"href":"https:\/\/agrund.com\/index.php\/wp-json\/wp\/v2\/users\/8"}],"replies":[{"embeddable":true,"href":"https:\/\/agrund.com\/index.php\/wp-json\/wp\/v2\/comments?post=177586"}],"version-history":[{"count":0,"href":"https:\/\/agrund.com\/index.php\/wp-json\/wp\/v2\/posts\/177586\/revisions"}],"wp:featuredmedia":[{"embeddable":true,"href":"https:\/\/agrund.com\/index.php\/wp-json\/wp\/v2\/media\/177587"}],"wp:attachment":[{"href":"https:\/\/agrund.com\/index.php\/wp-json\/wp\/v2\/media?parent=177586"}],"wp:term":[{"taxonomy":"category","embeddable":true,"href":"https:\/\/agrund.com\/index.php\/wp-json\/wp\/v2\/categories?post=177586"},{"taxonomy":"post_tag","embeddable":true,"href":"https:\/\/agrund.com\/index.php\/wp-json\/wp\/v2\/tags?post=177586"}],"curies":[{"name":"wp","href":"https:\/\/api.w.org\/{rel}","templated":true}]}}