{"id":177577,"date":"2018-01-19T15:00:26","date_gmt":"2018-01-19T17:00:26","guid":{"rendered":"http:\/\/www.agrund.com\/?p=177577"},"modified":"2018-01-19T14:13:50","modified_gmt":"2018-01-19T16:13:50","slug":"agenda-ronaldo-fraga-arma-festa-de-carnaval","status":"publish","type":"post","link":"https:\/\/agrund.com\/index.php\/agenda-ronaldo-fraga-arma-festa-de-carnaval\/","title":{"rendered":"Agenda :: Ronaldo Fraga arma festa de carnaval"},"content":{"rendered":"<p>\u00c9 isso mesmo! No dia 03 de fevereiro, Ronaldo Fraga far\u00e1 a segunda edi\u00e7\u00e3o do \u201cFabuloso Carnaval do Grande Hotel Ronaldo Fraga\u201d. Assim como no ano passado, o baile resgata o clima dos carnavais de antigamente,das d\u00e9cadas de 20, 30 40 e 50.<\/p>\n<p>Divers\u00e3o com direito a muitas marchinhas, confete e serpentina dentro do Grande Hotel. Dentre as atra\u00e7\u00f5es musicais est\u00e3o: a banda \u201cJ\u00e1 te digo\u201d, que tocar\u00e1 Pixinguinha em ritmo de carnaval, e o pr\u00f3prio Ronaldo Fraga que ser\u00e1 DJ com um set list j\u00e1 consagrado em suas festas.<\/p>\n<p>O primeiro lote de ingressos j\u00e1 est\u00e1 \u00e0 venda na internet por R$80.<\/p>\n<p><strong>Servi\u00e7o:<\/strong><br \/>\n&#8220;Fabuloso Carnaval do Grande Hotel Ronaldo Fraga&#8221;<br \/>\nGrande Hotel &#8211; Rua Cear\u00e1, 1205\u00a0\u2013\u00a0Funcion\u00e1rios, Belo Horizonte<br \/>\nDia 03 de fevereiro, das 12h \u00e0s 21h<br \/>\nTraje: fantasia<br \/>\nIngressos: <a href=\"https:\/\/www.sympla.com.br\/o-baile-do-fabuloso-carnaval-do-grande-hotel-ronaldo-fraga__234250\">AQUI<\/a><\/p>\n<div id=\"attachment_177579\" style=\"width: 610px\" class=\"wp-caption aligncenter\"><img aria-describedby=\"caption-attachment-177579\" data-attachment-id=\"177579\" data-permalink=\"https:\/\/agrund.com\/index.php\/agenda-ronaldo-fraga-arma-festa-de-carnaval\/img_9966\/\" data-orig-file=\"https:\/\/i0.wp.com\/agrund.com\/wp-content\/uploads\/sites\/6\/2018\/01\/IMG_9966.jpg?fit=600%2C849&amp;ssl=1\" data-orig-size=\"600,849\" data-comments-opened=\"1\" data-image-meta=\"{&quot;aperture&quot;:&quot;0&quot;,&quot;credit&quot;:&quot;&quot;,&quot;camera&quot;:&quot;&quot;,&quot;caption&quot;:&quot;&quot;,&quot;created_timestamp&quot;:&quot;0&quot;,&quot;copyright&quot;:&quot;&quot;,&quot;focal_length&quot;:&quot;0&quot;,&quot;iso&quot;:&quot;0&quot;,&quot;shutter_speed&quot;:&quot;0&quot;,&quot;title&quot;:&quot;&quot;,&quot;orientation&quot;:&quot;1&quot;}\" data-image-title=\"Agenda :: Ronaldo Fraga arma festa de carnaval\" data-image-description=\"\" data-image-caption=\"&lt;p&gt;Agenda :: Ronaldo Fraga arma festa de carnaval&lt;\/p&gt;\n\" data-medium-file=\"https:\/\/i0.wp.com\/agrund.com\/wp-content\/uploads\/sites\/6\/2018\/01\/IMG_9966.jpg?fit=212%2C300&amp;ssl=1\" data-large-file=\"https:\/\/i0.wp.com\/agrund.com\/wp-content\/uploads\/sites\/6\/2018\/01\/IMG_9966.jpg?fit=600%2C849&amp;ssl=1\" decoding=\"async\" loading=\"lazy\" class=\"size-full wp-image-177579\" src=\"https:\/\/i0.wp.com\/www.agrund.com\/wp-content\/uploads\/sites\/6\/2018\/01\/IMG_9966.jpg?resize=600%2C849\" alt=\"\" width=\"600\" height=\"849\" srcset=\"https:\/\/i0.wp.com\/agrund.com\/wp-content\/uploads\/sites\/6\/2018\/01\/IMG_9966.jpg?w=600&amp;ssl=1 600w, https:\/\/i0.wp.com\/agrund.com\/wp-content\/uploads\/sites\/6\/2018\/01\/IMG_9966.jpg?resize=212%2C300&amp;ssl=1 212w\" sizes=\"(max-width: 600px) 100vw, 600px\" data-recalc-dims=\"1\" \/><p id=\"caption-attachment-177579\" class=\"wp-caption-text\">Agenda :: Ronaldo Fraga arma festa de carnaval<\/p><\/div>\n<div id=\"attachment_177578\" style=\"width: 610px\" class=\"wp-caption aligncenter\"><img aria-describedby=\"caption-attachment-177578\" data-attachment-id=\"177578\" data-permalink=\"https:\/\/agrund.com\/index.php\/agenda-ronaldo-fraga-arma-festa-de-carnaval\/img_9965\/\" data-orig-file=\"https:\/\/i0.wp.com\/agrund.com\/wp-content\/uploads\/sites\/6\/2018\/01\/IMG_9965.jpg?fit=600%2C700&amp;ssl=1\" data-orig-size=\"600,700\" data-comments-opened=\"1\" data-image-meta=\"{&quot;aperture&quot;:&quot;0&quot;,&quot;credit&quot;:&quot;&quot;,&quot;camera&quot;:&quot;&quot;,&quot;caption&quot;:&quot;&quot;,&quot;created_timestamp&quot;:&quot;0&quot;,&quot;copyright&quot;:&quot;&quot;,&quot;focal_length&quot;:&quot;0&quot;,&quot;iso&quot;:&quot;0&quot;,&quot;shutter_speed&quot;:&quot;0&quot;,&quot;title&quot;:&quot;&quot;,&quot;orientation&quot;:&quot;1&quot;}\" data-image-title=\"Agenda :: Ronaldo Fraga arma festa de carnaval\" data-image-description=\"\" data-image-caption=\"&lt;p&gt;Agenda :: Ronaldo Fraga arma festa de carnaval&lt;\/p&gt;\n\" data-medium-file=\"https:\/\/i0.wp.com\/agrund.com\/wp-content\/uploads\/sites\/6\/2018\/01\/IMG_9965.jpg?fit=257%2C300&amp;ssl=1\" data-large-file=\"https:\/\/i0.wp.com\/agrund.com\/wp-content\/uploads\/sites\/6\/2018\/01\/IMG_9965.jpg?fit=600%2C700&amp;ssl=1\" decoding=\"async\" loading=\"lazy\" class=\"size-full wp-image-177578\" src=\"https:\/\/i0.wp.com\/www.agrund.com\/wp-content\/uploads\/sites\/6\/2018\/01\/IMG_9965.jpg?resize=600%2C700\" alt=\"\" width=\"600\" height=\"700\" srcset=\"https:\/\/i0.wp.com\/agrund.com\/wp-content\/uploads\/sites\/6\/2018\/01\/IMG_9965.jpg?w=600&amp;ssl=1 600w, https:\/\/i0.wp.com\/agrund.com\/wp-content\/uploads\/sites\/6\/2018\/01\/IMG_9965.jpg?resize=257%2C300&amp;ssl=1 257w\" sizes=\"(max-width: 600px) 100vw, 600px\" data-recalc-dims=\"1\" \/><p id=\"caption-attachment-177578\" class=\"wp-caption-text\">Agenda :: Ronaldo Fraga arma festa de carnaval<\/p><\/div>\n<div id=\"attachment_177581\" style=\"width: 610px\" class=\"wp-caption aligncenter\"><img aria-describedby=\"caption-attachment-177581\" data-attachment-id=\"177581\" data-permalink=\"https:\/\/agrund.com\/index.php\/agenda-ronaldo-fraga-arma-festa-de-carnaval\/img_9968\/\" data-orig-file=\"https:\/\/i0.wp.com\/agrund.com\/wp-content\/uploads\/sites\/6\/2018\/01\/IMG_9968.jpg?fit=600%2C737&amp;ssl=1\" data-orig-size=\"600,737\" data-comments-opened=\"1\" data-image-meta=\"{&quot;aperture&quot;:&quot;0&quot;,&quot;credit&quot;:&quot;&quot;,&quot;camera&quot;:&quot;&quot;,&quot;caption&quot;:&quot;&quot;,&quot;created_timestamp&quot;:&quot;0&quot;,&quot;copyright&quot;:&quot;&quot;,&quot;focal_length&quot;:&quot;0&quot;,&quot;iso&quot;:&quot;0&quot;,&quot;shutter_speed&quot;:&quot;0&quot;,&quot;title&quot;:&quot;&quot;,&quot;orientation&quot;:&quot;1&quot;}\" data-image-title=\"Agenda :: Ronaldo Fraga arma festa de carnaval\" data-image-description=\"\" data-image-caption=\"&lt;p&gt;Agenda :: Ronaldo Fraga arma festa de carnaval&lt;\/p&gt;\n\" data-medium-file=\"https:\/\/i0.wp.com\/agrund.com\/wp-content\/uploads\/sites\/6\/2018\/01\/IMG_9968.jpg?fit=244%2C300&amp;ssl=1\" data-large-file=\"https:\/\/i0.wp.com\/agrund.com\/wp-content\/uploads\/sites\/6\/2018\/01\/IMG_9968.jpg?fit=600%2C737&amp;ssl=1\" decoding=\"async\" loading=\"lazy\" class=\"size-full wp-image-177581\" src=\"https:\/\/i0.wp.com\/www.agrund.com\/wp-content\/uploads\/sites\/6\/2018\/01\/IMG_9968.jpg?resize=600%2C737\" alt=\"\" width=\"600\" height=\"737\" srcset=\"https:\/\/i0.wp.com\/agrund.com\/wp-content\/uploads\/sites\/6\/2018\/01\/IMG_9968.jpg?w=600&amp;ssl=1 600w, https:\/\/i0.wp.com\/agrund.com\/wp-content\/uploads\/sites\/6\/2018\/01\/IMG_9968.jpg?resize=244%2C300&amp;ssl=1 244w\" sizes=\"(max-width: 600px) 100vw, 600px\" data-recalc-dims=\"1\" \/><p id=\"caption-attachment-177581\" class=\"wp-caption-text\">Agenda :: Ronaldo Fraga arma festa de carnaval<\/p><\/div>\n<p>Fotos: Divulga\u00e7\u00e3o.<\/p>\n","protected":false},"excerpt":{"rendered":"<p>\u00c9 isso mesmo! No dia 03 de fevereiro, Ronaldo Fraga far\u00e1 a segunda edi\u00e7\u00e3o do \u201cFabuloso Carnaval do Grande Hotel Ronaldo Fraga\u201d. Assim como no ano passado, o baile resgata o clima dos carnavais de antigamente,das d\u00e9cadas de 20, 30 40 e 50. Divers\u00e3o com direito a muitas marchinhas, confete e serpentina dentro do Grande [&hellip;]<\/p>\n","protected":false},"author":8,"featured_media":177583,"comment_status":"open","ping_status":"open","sticky":false,"template":"","format":"standard","meta":{"jetpack_post_was_ever_published":false,"_jetpack_newsletter_access":"","jetpack_publicize_message":"","jetpack_is_tweetstorm":false,"jetpack_publicize_feature_enabled":true,"jetpack_social_post_already_shared":true,"jetpack_social_options":{"image_generator_settings":{"template":"highway","enabled":false}}},"categories":[2],"tags":[],"jetpack_publicize_connections":[],"jetpack_featured_media_url":"https:\/\/i0.wp.com\/agrund.com\/wp-content\/uploads\/sites\/6\/2018\/01\/s-56.jpg?fit=960%2C300&ssl=1","jetpack_sharing_enabled":true,"jetpack_shortlink":"https:\/\/wp.me\/p3Hz0n-Kc9","jetpack_likes_enabled":true,"_links":{"self":[{"href":"https:\/\/agrund.com\/index.php\/wp-json\/wp\/v2\/posts\/177577"}],"collection":[{"href":"https:\/\/agrund.com\/index.php\/wp-json\/wp\/v2\/posts"}],"about":[{"href":"https:\/\/agrund.com\/index.php\/wp-json\/wp\/v2\/types\/post"}],"author":[{"embeddable":true,"href":"https:\/\/agrund.com\/index.php\/wp-json\/wp\/v2\/users\/8"}],"replies":[{"embeddable":true,"href":"https:\/\/agrund.com\/index.php\/wp-json\/wp\/v2\/comments?post=177577"}],"version-history":[{"count":0,"href":"https:\/\/agrund.com\/index.php\/wp-json\/wp\/v2\/posts\/177577\/revisions"}],"wp:featuredmedia":[{"embeddable":true,"href":"https:\/\/agrund.com\/index.php\/wp-json\/wp\/v2\/media\/177583"}],"wp:attachment":[{"href":"https:\/\/agrund.com\/index.php\/wp-json\/wp\/v2\/media?parent=177577"}],"wp:term":[{"taxonomy":"category","embeddable":true,"href":"https:\/\/agrund.com\/index.php\/wp-json\/wp\/v2\/categories?post=177577"},{"taxonomy":"post_tag","embeddable":true,"href":"https:\/\/agrund.com\/index.php\/wp-json\/wp\/v2\/tags?post=177577"}],"curies":[{"name":"wp","href":"https:\/\/api.w.org\/{rel}","templated":true}]}}