{"id":177539,"date":"2018-01-19T12:00:36","date_gmt":"2018-01-19T14:00:36","guid":{"rendered":"http:\/\/www.agrund.com\/?p=177539"},"modified":"2018-01-19T09:55:13","modified_gmt":"2018-01-19T11:55:13","slug":"video-chanel-prepara-o-seu-verao","status":"publish","type":"post","link":"https:\/\/agrund.com\/index.php\/video-chanel-prepara-o-seu-verao\/","title":{"rendered":"V\u00eddeo :: Chanel prepara o seu ver\u00e3o"},"content":{"rendered":"<p>A Chanel acaba de divulgar sua campanha pre-collection primavera\/ver\u00e3o 2018. Em um est\u00fadio cinza com apenas uma cadeira, Camille Hurel posa vestindo uma cole\u00e7\u00e3o que mescla o luxo com o streetwear.<\/p>\n<p>Minissaias e casacos de tweed com sneakers de cano alto. Uma combina\u00e7\u00e3o que voc\u00ea nunca imaginou ver na Chanel? Pois \u00e9! Pe\u00e7as em couro, renda e bolsas tamb\u00e9m s\u00e3o destaque.<\/p>\n<p>Al\u00e9m dos cliques feitos por Karl Lagerfeld, a campanha tamb\u00e9m ganhou um v\u00eddeo.\u00a0 Aperte o play:<\/p>\n<span class=\"embed-youtube\" style=\"text-align:center; display: block;\"><iframe class=\"youtube-player\" width=\"560\" height=\"315\" src=\"https:\/\/www.youtube.com\/embed\/bdzs2es6Lu0?version=3&#038;rel=1&#038;showsearch=0&#038;showinfo=1&#038;iv_load_policy=1&#038;fs=1&#038;hl=pt-BR&#038;autohide=2&#038;wmode=transparent\" allowfullscreen=\"true\" style=\"border:0;\" sandbox=\"allow-scripts allow-same-origin allow-popups allow-presentation\"><\/iframe><\/span>\n<div id=\"attachment_177541\" style=\"width: 610px\" class=\"wp-caption aligncenter\"><img aria-describedby=\"caption-attachment-177541\" data-attachment-id=\"177541\" data-permalink=\"https:\/\/agrund.com\/index.php\/video-chanel-prepara-o-seu-verao\/2-1159\/\" data-orig-file=\"https:\/\/i0.wp.com\/agrund.com\/wp-content\/uploads\/sites\/6\/2018\/01\/2-23-e1516362548819.jpg?fit=600%2C416&amp;ssl=1\" data-orig-size=\"600,416\" data-comments-opened=\"1\" data-image-meta=\"{&quot;aperture&quot;:&quot;0&quot;,&quot;credit&quot;:&quot;&quot;,&quot;camera&quot;:&quot;&quot;,&quot;caption&quot;:&quot;&quot;,&quot;created_timestamp&quot;:&quot;0&quot;,&quot;copyright&quot;:&quot;&quot;,&quot;focal_length&quot;:&quot;0&quot;,&quot;iso&quot;:&quot;0&quot;,&quot;shutter_speed&quot;:&quot;0&quot;,&quot;title&quot;:&quot;&quot;,&quot;orientation&quot;:&quot;1&quot;}\" data-image-title=\"V\u00eddeo :: Chanel prepara o seu ver\u00e3o\" data-image-description=\"\" data-image-caption=\"&lt;p&gt;V\u00eddeo :: Chanel prepara o seu ver\u00e3o&lt;\/p&gt;\n\" data-medium-file=\"https:\/\/i0.wp.com\/agrund.com\/wp-content\/uploads\/sites\/6\/2018\/01\/2-23-e1516362548819.jpg?fit=300%2C208&amp;ssl=1\" data-large-file=\"https:\/\/i0.wp.com\/agrund.com\/wp-content\/uploads\/sites\/6\/2018\/01\/2-23-e1516362548819.jpg?fit=600%2C416&amp;ssl=1\" decoding=\"async\" loading=\"lazy\" class=\"size-full wp-image-177541\" src=\"https:\/\/i0.wp.com\/www.agrund.com\/wp-content\/uploads\/sites\/6\/2018\/01\/2-23-e1516362548819.jpg?resize=600%2C416\" alt=\"\" width=\"600\" height=\"416\" data-recalc-dims=\"1\" \/><p id=\"caption-attachment-177541\" class=\"wp-caption-text\">V\u00eddeo :: Chanel prepara o seu ver\u00e3o<\/p><\/div>\n<div id=\"attachment_177540\" style=\"width: 610px\" class=\"wp-caption aligncenter\"><img aria-describedby=\"caption-attachment-177540\" data-attachment-id=\"177540\" data-permalink=\"https:\/\/agrund.com\/index.php\/video-chanel-prepara-o-seu-verao\/1-1212\/\" data-orig-file=\"https:\/\/i0.wp.com\/agrund.com\/wp-content\/uploads\/sites\/6\/2018\/01\/1-22-e1516362561774.jpg?fit=600%2C404&amp;ssl=1\" data-orig-size=\"600,404\" data-comments-opened=\"1\" data-image-meta=\"{&quot;aperture&quot;:&quot;0&quot;,&quot;credit&quot;:&quot;&quot;,&quot;camera&quot;:&quot;&quot;,&quot;caption&quot;:&quot;&quot;,&quot;created_timestamp&quot;:&quot;0&quot;,&quot;copyright&quot;:&quot;&quot;,&quot;focal_length&quot;:&quot;0&quot;,&quot;iso&quot;:&quot;0&quot;,&quot;shutter_speed&quot;:&quot;0&quot;,&quot;title&quot;:&quot;&quot;,&quot;orientation&quot;:&quot;1&quot;}\" data-image-title=\"V\u00eddeo :: Chanel prepara o seu ver\u00e3o\" data-image-description=\"\" data-image-caption=\"&lt;p&gt;V\u00eddeo :: Chanel prepara o seu ver\u00e3o&lt;\/p&gt;\n\" data-medium-file=\"https:\/\/i0.wp.com\/agrund.com\/wp-content\/uploads\/sites\/6\/2018\/01\/1-22-e1516362561774.jpg?fit=300%2C202&amp;ssl=1\" data-large-file=\"https:\/\/i0.wp.com\/agrund.com\/wp-content\/uploads\/sites\/6\/2018\/01\/1-22-e1516362561774.jpg?fit=600%2C404&amp;ssl=1\" decoding=\"async\" loading=\"lazy\" class=\"size-full wp-image-177540\" src=\"https:\/\/i0.wp.com\/www.agrund.com\/wp-content\/uploads\/sites\/6\/2018\/01\/1-22-e1516362561774.jpg?resize=600%2C404\" alt=\"\" width=\"600\" height=\"404\" data-recalc-dims=\"1\" \/><p id=\"caption-attachment-177540\" class=\"wp-caption-text\">V\u00eddeo :: Chanel prepara o seu ver\u00e3o<\/p><\/div>\n<div id=\"attachment_177543\" style=\"width: 610px\" class=\"wp-caption aligncenter\"><img aria-describedby=\"caption-attachment-177543\" data-attachment-id=\"177543\" data-permalink=\"https:\/\/agrund.com\/index.php\/video-chanel-prepara-o-seu-verao\/4-1001\/\" data-orig-file=\"https:\/\/i0.wp.com\/agrund.com\/wp-content\/uploads\/sites\/6\/2018\/01\/4-15-e1516362575278.jpg?fit=600%2C412&amp;ssl=1\" data-orig-size=\"600,412\" data-comments-opened=\"1\" data-image-meta=\"{&quot;aperture&quot;:&quot;0&quot;,&quot;credit&quot;:&quot;&quot;,&quot;camera&quot;:&quot;&quot;,&quot;caption&quot;:&quot;&quot;,&quot;created_timestamp&quot;:&quot;0&quot;,&quot;copyright&quot;:&quot;&quot;,&quot;focal_length&quot;:&quot;0&quot;,&quot;iso&quot;:&quot;0&quot;,&quot;shutter_speed&quot;:&quot;0&quot;,&quot;title&quot;:&quot;&quot;,&quot;orientation&quot;:&quot;1&quot;}\" data-image-title=\"V\u00eddeo :: Chanel prepara o seu ver\u00e3o\" data-image-description=\"\" data-image-caption=\"&lt;p&gt;V\u00eddeo :: Chanel prepara o seu ver\u00e3o&lt;\/p&gt;\n\" data-medium-file=\"https:\/\/i0.wp.com\/agrund.com\/wp-content\/uploads\/sites\/6\/2018\/01\/4-15-e1516362575278.jpg?fit=300%2C206&amp;ssl=1\" data-large-file=\"https:\/\/i0.wp.com\/agrund.com\/wp-content\/uploads\/sites\/6\/2018\/01\/4-15-e1516362575278.jpg?fit=600%2C412&amp;ssl=1\" decoding=\"async\" loading=\"lazy\" class=\"size-full wp-image-177543\" src=\"https:\/\/i0.wp.com\/www.agrund.com\/wp-content\/uploads\/sites\/6\/2018\/01\/4-15-e1516362575278.jpg?resize=600%2C412\" alt=\"\" width=\"600\" height=\"412\" data-recalc-dims=\"1\" \/><p id=\"caption-attachment-177543\" class=\"wp-caption-text\">V\u00eddeo :: Chanel prepara o seu ver\u00e3o<\/p><\/div>\n<div id=\"attachment_177542\" style=\"width: 610px\" class=\"wp-caption aligncenter\"><img aria-describedby=\"caption-attachment-177542\" data-attachment-id=\"177542\" data-permalink=\"https:\/\/agrund.com\/index.php\/video-chanel-prepara-o-seu-verao\/3-1079\/\" data-orig-file=\"https:\/\/i0.wp.com\/agrund.com\/wp-content\/uploads\/sites\/6\/2018\/01\/3-19-e1516362585878.jpg?fit=600%2C396&amp;ssl=1\" data-orig-size=\"600,396\" data-comments-opened=\"1\" data-image-meta=\"{&quot;aperture&quot;:&quot;0&quot;,&quot;credit&quot;:&quot;&quot;,&quot;camera&quot;:&quot;&quot;,&quot;caption&quot;:&quot;&quot;,&quot;created_timestamp&quot;:&quot;0&quot;,&quot;copyright&quot;:&quot;&quot;,&quot;focal_length&quot;:&quot;0&quot;,&quot;iso&quot;:&quot;0&quot;,&quot;shutter_speed&quot;:&quot;0&quot;,&quot;title&quot;:&quot;&quot;,&quot;orientation&quot;:&quot;1&quot;}\" data-image-title=\"V\u00eddeo :: Chanel prepara o seu ver\u00e3o\" data-image-description=\"\" data-image-caption=\"&lt;p&gt;V\u00eddeo :: Chanel prepara o seu ver\u00e3o&lt;\/p&gt;\n\" data-medium-file=\"https:\/\/i0.wp.com\/agrund.com\/wp-content\/uploads\/sites\/6\/2018\/01\/3-19-e1516362585878.jpg?fit=300%2C198&amp;ssl=1\" data-large-file=\"https:\/\/i0.wp.com\/agrund.com\/wp-content\/uploads\/sites\/6\/2018\/01\/3-19-e1516362585878.jpg?fit=600%2C396&amp;ssl=1\" decoding=\"async\" loading=\"lazy\" class=\"size-full wp-image-177542\" src=\"https:\/\/i0.wp.com\/www.agrund.com\/wp-content\/uploads\/sites\/6\/2018\/01\/3-19-e1516362585878.jpg?resize=600%2C396\" alt=\"\" width=\"600\" height=\"396\" data-recalc-dims=\"1\" \/><p id=\"caption-attachment-177542\" class=\"wp-caption-text\">V\u00eddeo :: Chanel prepara o seu ver\u00e3o<\/p><\/div>\n<p>Fotos: Reprodu\u00e7\u00e3o.<\/p>\n","protected":false},"excerpt":{"rendered":"<p>A Chanel acaba de divulgar sua campanha pre-collection primavera\/ver\u00e3o 2018. Em um est\u00fadio cinza com apenas uma cadeira, Camille Hurel posa vestindo uma cole\u00e7\u00e3o que mescla o luxo com o streetwear. Minissaias e casacos de tweed com sneakers de cano alto. Uma combina\u00e7\u00e3o que voc\u00ea nunca imaginou ver na Chanel? Pois \u00e9! Pe\u00e7as em couro, [&hellip;]<\/p>\n","protected":false},"author":8,"featured_media":177544,"comment_status":"open","ping_status":"open","sticky":false,"template":"","format":"standard","meta":{"jetpack_post_was_ever_published":false,"_jetpack_newsletter_access":"","jetpack_publicize_message":"","jetpack_is_tweetstorm":false,"jetpack_publicize_feature_enabled":true,"jetpack_social_post_already_shared":true,"jetpack_social_options":{"image_generator_settings":{"template":"highway","enabled":false}}},"categories":[2],"tags":[],"jetpack_publicize_connections":[],"jetpack_featured_media_url":"https:\/\/i0.wp.com\/agrund.com\/wp-content\/uploads\/sites\/6\/2018\/01\/s-48.jpg?fit=960%2C300&ssl=1","jetpack_sharing_enabled":true,"jetpack_shortlink":"https:\/\/wp.me\/p3Hz0n-Kbx","jetpack_likes_enabled":true,"_links":{"self":[{"href":"https:\/\/agrund.com\/index.php\/wp-json\/wp\/v2\/posts\/177539"}],"collection":[{"href":"https:\/\/agrund.com\/index.php\/wp-json\/wp\/v2\/posts"}],"about":[{"href":"https:\/\/agrund.com\/index.php\/wp-json\/wp\/v2\/types\/post"}],"author":[{"embeddable":true,"href":"https:\/\/agrund.com\/index.php\/wp-json\/wp\/v2\/users\/8"}],"replies":[{"embeddable":true,"href":"https:\/\/agrund.com\/index.php\/wp-json\/wp\/v2\/comments?post=177539"}],"version-history":[{"count":0,"href":"https:\/\/agrund.com\/index.php\/wp-json\/wp\/v2\/posts\/177539\/revisions"}],"wp:featuredmedia":[{"embeddable":true,"href":"https:\/\/agrund.com\/index.php\/wp-json\/wp\/v2\/media\/177544"}],"wp:attachment":[{"href":"https:\/\/agrund.com\/index.php\/wp-json\/wp\/v2\/media?parent=177539"}],"wp:term":[{"taxonomy":"category","embeddable":true,"href":"https:\/\/agrund.com\/index.php\/wp-json\/wp\/v2\/categories?post=177539"},{"taxonomy":"post_tag","embeddable":true,"href":"https:\/\/agrund.com\/index.php\/wp-json\/wp\/v2\/tags?post=177539"}],"curies":[{"name":"wp","href":"https:\/\/api.w.org\/{rel}","templated":true}]}}