{"id":177433,"date":"2018-01-17T16:00:49","date_gmt":"2018-01-17T18:00:49","guid":{"rendered":"http:\/\/www.agrund.com\/?p=177433"},"modified":"2018-01-17T12:17:21","modified_gmt":"2018-01-17T14:17:21","slug":"para-recuperar-os-cabelos-danificados-pelo-verao","status":"publish","type":"post","link":"https:\/\/agrund.com\/index.php\/para-recuperar-os-cabelos-danificados-pelo-verao\/","title":{"rendered":"Para recuperar os cabelos danificados pelo ver\u00e3o"},"content":{"rendered":"<p>\u00c9 inevit\u00e1vel, por mais que a gente tente cuidar dos nossos cabelos no ver\u00e3o, eles acabam sendo danificados. O calor, o sol, cloro da piscina e o sal da \u00e1gua do mar s\u00e3o os grandes vil\u00f5es da sa\u00fade dos nossos fios. Mas calma, pois tudo tem solu\u00e7\u00e3o.<\/p>\n<p>Um lan\u00e7amento que promete te ajudar na esta\u00e7\u00e3o \u00e9 a linha \u2018Summer Must Have\u2019, do Laces. Com composi\u00e7\u00e3o natural, o shampoo, condicionador e m\u00e1scara de Mel foram desenvolvidos para restaurar e nutrir os fios, al\u00e9m de cuidar do couro cabeludo.<\/p>\n<p>Dentre os principais ingredientes de sua composi\u00e7\u00e3o natural, est\u00e3o o Panthenol, vitaminas e cinco \u00f3leos essenciais &#8211; Laranja, Ger\u00e2nio, Capim Lim\u00e3o, Lavanda e Ylang Ylang.<\/p>\n<p>A linha j\u00e1 est\u00e1 \u00e0 venda em todos as unidades do Laces.<\/p>\n<div id=\"attachment_177434\" style=\"width: 610px\" class=\"wp-caption aligncenter\"><img aria-describedby=\"caption-attachment-177434\" data-attachment-id=\"177434\" data-permalink=\"https:\/\/agrund.com\/index.php\/para-recuperar-os-cabelos-danificados-pelo-verao\/laces\/\" data-orig-file=\"https:\/\/i0.wp.com\/agrund.com\/wp-content\/uploads\/sites\/6\/2018\/01\/laces.jpg?fit=600%2C600&amp;ssl=1\" data-orig-size=\"600,600\" data-comments-opened=\"1\" data-image-meta=\"{&quot;aperture&quot;:&quot;0&quot;,&quot;credit&quot;:&quot;&quot;,&quot;camera&quot;:&quot;&quot;,&quot;caption&quot;:&quot;&quot;,&quot;created_timestamp&quot;:&quot;0&quot;,&quot;copyright&quot;:&quot;&quot;,&quot;focal_length&quot;:&quot;0&quot;,&quot;iso&quot;:&quot;0&quot;,&quot;shutter_speed&quot;:&quot;0&quot;,&quot;title&quot;:&quot;&quot;,&quot;orientation&quot;:&quot;1&quot;}\" data-image-title=\"Para recuperar os cabelos danificados pelo ver\u00e3o\" data-image-description=\"\" data-image-caption=\"&lt;p&gt;Para recuperar os cabelos danificados pelo ver\u00e3o &lt;\/p&gt;\n\" data-medium-file=\"https:\/\/i0.wp.com\/agrund.com\/wp-content\/uploads\/sites\/6\/2018\/01\/laces.jpg?fit=300%2C300&amp;ssl=1\" data-large-file=\"https:\/\/i0.wp.com\/agrund.com\/wp-content\/uploads\/sites\/6\/2018\/01\/laces.jpg?fit=600%2C600&amp;ssl=1\" decoding=\"async\" loading=\"lazy\" class=\"size-full wp-image-177434\" src=\"https:\/\/i0.wp.com\/www.agrund.com\/wp-content\/uploads\/sites\/6\/2018\/01\/laces.jpg?resize=600%2C600\" alt=\"\" width=\"600\" height=\"600\" srcset=\"https:\/\/i0.wp.com\/agrund.com\/wp-content\/uploads\/sites\/6\/2018\/01\/laces.jpg?w=600&amp;ssl=1 600w, https:\/\/i0.wp.com\/agrund.com\/wp-content\/uploads\/sites\/6\/2018\/01\/laces.jpg?resize=150%2C150&amp;ssl=1 150w, https:\/\/i0.wp.com\/agrund.com\/wp-content\/uploads\/sites\/6\/2018\/01\/laces.jpg?resize=300%2C300&amp;ssl=1 300w\" sizes=\"(max-width: 600px) 100vw, 600px\" data-recalc-dims=\"1\" \/><p id=\"caption-attachment-177434\" class=\"wp-caption-text\">Para recuperar os cabelos danificados pelo ver\u00e3o<\/p><\/div>\n<p>Foto: Divulga\u00e7\u00e3o.<\/p>\n","protected":false},"excerpt":{"rendered":"<p>\u00c9 inevit\u00e1vel, por mais que a gente tente cuidar dos nossos cabelos no ver\u00e3o, eles acabam sendo danificados. O calor, o sol, cloro da piscina e o sal da \u00e1gua do mar s\u00e3o os grandes vil\u00f5es da sa\u00fade dos nossos fios. Mas calma, pois tudo tem solu\u00e7\u00e3o. Um lan\u00e7amento que promete te ajudar na esta\u00e7\u00e3o [&hellip;]<\/p>\n","protected":false},"author":8,"featured_media":177435,"comment_status":"open","ping_status":"open","sticky":false,"template":"","format":"standard","meta":{"jetpack_post_was_ever_published":false,"_jetpack_newsletter_access":"","jetpack_publicize_message":"","jetpack_is_tweetstorm":false,"jetpack_publicize_feature_enabled":true,"jetpack_social_post_already_shared":true,"jetpack_social_options":{"image_generator_settings":{"template":"highway","enabled":false}}},"categories":[2],"tags":[],"jetpack_publicize_connections":[],"jetpack_featured_media_url":"https:\/\/i0.wp.com\/agrund.com\/wp-content\/uploads\/sites\/6\/2018\/01\/ss-6.jpg?fit=960%2C300&ssl=1","jetpack_sharing_enabled":true,"jetpack_shortlink":"https:\/\/wp.me\/p3Hz0n-K9P","jetpack_likes_enabled":true,"_links":{"self":[{"href":"https:\/\/agrund.com\/index.php\/wp-json\/wp\/v2\/posts\/177433"}],"collection":[{"href":"https:\/\/agrund.com\/index.php\/wp-json\/wp\/v2\/posts"}],"about":[{"href":"https:\/\/agrund.com\/index.php\/wp-json\/wp\/v2\/types\/post"}],"author":[{"embeddable":true,"href":"https:\/\/agrund.com\/index.php\/wp-json\/wp\/v2\/users\/8"}],"replies":[{"embeddable":true,"href":"https:\/\/agrund.com\/index.php\/wp-json\/wp\/v2\/comments?post=177433"}],"version-history":[{"count":0,"href":"https:\/\/agrund.com\/index.php\/wp-json\/wp\/v2\/posts\/177433\/revisions"}],"wp:featuredmedia":[{"embeddable":true,"href":"https:\/\/agrund.com\/index.php\/wp-json\/wp\/v2\/media\/177435"}],"wp:attachment":[{"href":"https:\/\/agrund.com\/index.php\/wp-json\/wp\/v2\/media?parent=177433"}],"wp:term":[{"taxonomy":"category","embeddable":true,"href":"https:\/\/agrund.com\/index.php\/wp-json\/wp\/v2\/categories?post=177433"},{"taxonomy":"post_tag","embeddable":true,"href":"https:\/\/agrund.com\/index.php\/wp-json\/wp\/v2\/tags?post=177433"}],"curies":[{"name":"wp","href":"https:\/\/api.w.org\/{rel}","templated":true}]}}