{"id":177427,"date":"2018-01-17T14:00:37","date_gmt":"2018-01-17T16:00:37","guid":{"rendered":"http:\/\/www.agrund.com\/?p=177427"},"modified":"2018-01-17T12:17:56","modified_gmt":"2018-01-17T14:17:56","slug":"a-nova-campanha-de-cara-delevingne","status":"publish","type":"post","link":"https:\/\/agrund.com\/index.php\/a-nova-campanha-de-cara-delevingne\/","title":{"rendered":"A nova campanha de Cara Delevingne"},"content":{"rendered":"<p>Cara Delevingne est\u00e1 de volta \u00e0 Puma. Desta vez a modelo estampa a campanha no novo t\u00eanis \u2018Muse En Pointe\u2019, que tem a cor do momento &#8211; Rosa Millennial.<\/p>\n<p>Os cliques mostram Cara lendo um script em um ambiente bem retr\u00f4, com direito a carpete e sof\u00e1 estampado, cortinas douradas e uma televis\u00e3o de tubo. Para combinar com os t\u00eanis, o look escolhido foi um conjunto de cal\u00e7a e jaqueta azul marinho e rosa.<\/p>\n<p>O t\u00eanis chega \u00e0s lojas internacionais amanh\u00e3 (18) e deve custar US$80. Confira a campanha na galeria abaixo:<\/p>\n<div id=\"attachment_177430\" style=\"width: 610px\" class=\"wp-caption aligncenter\"><img aria-describedby=\"caption-attachment-177430\" data-attachment-id=\"177430\" data-permalink=\"https:\/\/agrund.com\/index.php\/a-nova-campanha-de-cara-delevingne\/cara-4\/\" data-orig-file=\"https:\/\/i0.wp.com\/agrund.com\/wp-content\/uploads\/sites\/6\/2018\/01\/cara.jpg?fit=600%2C900&amp;ssl=1\" data-orig-size=\"600,900\" data-comments-opened=\"1\" data-image-meta=\"{&quot;aperture&quot;:&quot;0&quot;,&quot;credit&quot;:&quot;&quot;,&quot;camera&quot;:&quot;&quot;,&quot;caption&quot;:&quot;&quot;,&quot;created_timestamp&quot;:&quot;0&quot;,&quot;copyright&quot;:&quot;&quot;,&quot;focal_length&quot;:&quot;0&quot;,&quot;iso&quot;:&quot;0&quot;,&quot;shutter_speed&quot;:&quot;0&quot;,&quot;title&quot;:&quot;&quot;,&quot;orientation&quot;:&quot;1&quot;}\" data-image-title=\"A nova campanha de Cara Delevingne\" data-image-description=\"\" data-image-caption=\"&lt;p&gt;A nova campanha de Cara Delevingne &lt;\/p&gt;\n\" data-medium-file=\"https:\/\/i0.wp.com\/agrund.com\/wp-content\/uploads\/sites\/6\/2018\/01\/cara.jpg?fit=200%2C300&amp;ssl=1\" data-large-file=\"https:\/\/i0.wp.com\/agrund.com\/wp-content\/uploads\/sites\/6\/2018\/01\/cara.jpg?fit=600%2C900&amp;ssl=1\" decoding=\"async\" loading=\"lazy\" class=\"size-full wp-image-177430\" src=\"https:\/\/i0.wp.com\/www.agrund.com\/wp-content\/uploads\/sites\/6\/2018\/01\/cara.jpg?resize=600%2C900\" alt=\"\" width=\"600\" height=\"900\" srcset=\"https:\/\/i0.wp.com\/agrund.com\/wp-content\/uploads\/sites\/6\/2018\/01\/cara.jpg?w=600&amp;ssl=1 600w, https:\/\/i0.wp.com\/agrund.com\/wp-content\/uploads\/sites\/6\/2018\/01\/cara.jpg?resize=200%2C300&amp;ssl=1 200w\" sizes=\"(max-width: 600px) 100vw, 600px\" data-recalc-dims=\"1\" \/><p id=\"caption-attachment-177430\" class=\"wp-caption-text\">A nova campanha de Cara Delevingne<\/p><\/div>\n<div id=\"attachment_177429\" style=\"width: 610px\" class=\"wp-caption aligncenter\"><img aria-describedby=\"caption-attachment-177429\" data-attachment-id=\"177429\" data-permalink=\"https:\/\/agrund.com\/index.php\/a-nova-campanha-de-cara-delevingne\/cara-3\/\" data-orig-file=\"https:\/\/i0.wp.com\/agrund.com\/wp-content\/uploads\/sites\/6\/2018\/01\/cara-3.jpg?fit=600%2C400&amp;ssl=1\" data-orig-size=\"600,400\" data-comments-opened=\"1\" data-image-meta=\"{&quot;aperture&quot;:&quot;0&quot;,&quot;credit&quot;:&quot;&quot;,&quot;camera&quot;:&quot;&quot;,&quot;caption&quot;:&quot;&quot;,&quot;created_timestamp&quot;:&quot;0&quot;,&quot;copyright&quot;:&quot;&quot;,&quot;focal_length&quot;:&quot;0&quot;,&quot;iso&quot;:&quot;0&quot;,&quot;shutter_speed&quot;:&quot;0&quot;,&quot;title&quot;:&quot;&quot;,&quot;orientation&quot;:&quot;1&quot;}\" data-image-title=\"A nova campanha de Cara Delevingne\" data-image-description=\"\" data-image-caption=\"&lt;p&gt;A nova campanha de Cara Delevingne &lt;\/p&gt;\n\" data-medium-file=\"https:\/\/i0.wp.com\/agrund.com\/wp-content\/uploads\/sites\/6\/2018\/01\/cara-3.jpg?fit=300%2C200&amp;ssl=1\" data-large-file=\"https:\/\/i0.wp.com\/agrund.com\/wp-content\/uploads\/sites\/6\/2018\/01\/cara-3.jpg?fit=600%2C400&amp;ssl=1\" decoding=\"async\" loading=\"lazy\" class=\"size-full wp-image-177429\" src=\"https:\/\/i0.wp.com\/www.agrund.com\/wp-content\/uploads\/sites\/6\/2018\/01\/cara-3.jpg?resize=600%2C400\" alt=\"\" width=\"600\" height=\"400\" srcset=\"https:\/\/i0.wp.com\/agrund.com\/wp-content\/uploads\/sites\/6\/2018\/01\/cara-3.jpg?w=600&amp;ssl=1 600w, https:\/\/i0.wp.com\/agrund.com\/wp-content\/uploads\/sites\/6\/2018\/01\/cara-3.jpg?resize=300%2C200&amp;ssl=1 300w\" sizes=\"(max-width: 600px) 100vw, 600px\" data-recalc-dims=\"1\" \/><p id=\"caption-attachment-177429\" class=\"wp-caption-text\">A nova campanha de Cara Delevingne<\/p><\/div>\n<div id=\"attachment_177428\" style=\"width: 610px\" class=\"wp-caption aligncenter\"><img aria-describedby=\"caption-attachment-177428\" data-attachment-id=\"177428\" data-permalink=\"https:\/\/agrund.com\/index.php\/a-nova-campanha-de-cara-delevingne\/cara-2\/\" data-orig-file=\"https:\/\/i0.wp.com\/agrund.com\/wp-content\/uploads\/sites\/6\/2018\/01\/cara-2.jpg?fit=600%2C900&amp;ssl=1\" data-orig-size=\"600,900\" data-comments-opened=\"1\" data-image-meta=\"{&quot;aperture&quot;:&quot;0&quot;,&quot;credit&quot;:&quot;&quot;,&quot;camera&quot;:&quot;&quot;,&quot;caption&quot;:&quot;&quot;,&quot;created_timestamp&quot;:&quot;0&quot;,&quot;copyright&quot;:&quot;&quot;,&quot;focal_length&quot;:&quot;0&quot;,&quot;iso&quot;:&quot;0&quot;,&quot;shutter_speed&quot;:&quot;0&quot;,&quot;title&quot;:&quot;&quot;,&quot;orientation&quot;:&quot;1&quot;}\" data-image-title=\"A nova campanha de Cara Delevingne\" data-image-description=\"\" data-image-caption=\"&lt;p&gt;A nova campanha de Cara Delevingne &lt;\/p&gt;\n\" data-medium-file=\"https:\/\/i0.wp.com\/agrund.com\/wp-content\/uploads\/sites\/6\/2018\/01\/cara-2.jpg?fit=200%2C300&amp;ssl=1\" data-large-file=\"https:\/\/i0.wp.com\/agrund.com\/wp-content\/uploads\/sites\/6\/2018\/01\/cara-2.jpg?fit=600%2C900&amp;ssl=1\" decoding=\"async\" loading=\"lazy\" class=\"size-full wp-image-177428\" src=\"https:\/\/i0.wp.com\/www.agrund.com\/wp-content\/uploads\/sites\/6\/2018\/01\/cara-2.jpg?resize=600%2C900\" alt=\"\" width=\"600\" height=\"900\" srcset=\"https:\/\/i0.wp.com\/agrund.com\/wp-content\/uploads\/sites\/6\/2018\/01\/cara-2.jpg?w=600&amp;ssl=1 600w, https:\/\/i0.wp.com\/agrund.com\/wp-content\/uploads\/sites\/6\/2018\/01\/cara-2.jpg?resize=200%2C300&amp;ssl=1 200w\" sizes=\"(max-width: 600px) 100vw, 600px\" data-recalc-dims=\"1\" \/><p id=\"caption-attachment-177428\" class=\"wp-caption-text\">A nova campanha de Cara Delevingne<\/p><\/div>\n<p>Fotos: Reprodu\u00e7\u00e3o.<\/p>\n","protected":false},"excerpt":{"rendered":"<p>Cara Delevingne est\u00e1 de volta \u00e0 Puma. Desta vez a modelo estampa a campanha no novo t\u00eanis \u2018Muse En Pointe\u2019, que tem a cor do momento &#8211; Rosa Millennial. Os cliques mostram Cara lendo um script em um ambiente bem retr\u00f4, com direito a carpete e sof\u00e1 estampado, cortinas douradas e uma televis\u00e3o de tubo. [&hellip;]<\/p>\n","protected":false},"author":8,"featured_media":177431,"comment_status":"open","ping_status":"open","sticky":false,"template":"","format":"standard","meta":{"jetpack_post_was_ever_published":false,"_jetpack_newsletter_access":"","jetpack_publicize_message":"","jetpack_is_tweetstorm":false,"jetpack_publicize_feature_enabled":true,"jetpack_social_post_already_shared":true,"jetpack_social_options":{"image_generator_settings":{"template":"highway","enabled":false}}},"categories":[2],"tags":[],"jetpack_publicize_connections":[],"jetpack_featured_media_url":"https:\/\/i0.wp.com\/agrund.com\/wp-content\/uploads\/sites\/6\/2018\/01\/s-38.jpg?fit=960%2C300&ssl=1","jetpack_sharing_enabled":true,"jetpack_shortlink":"https:\/\/wp.me\/p3Hz0n-K9J","jetpack_likes_enabled":true,"_links":{"self":[{"href":"https:\/\/agrund.com\/index.php\/wp-json\/wp\/v2\/posts\/177427"}],"collection":[{"href":"https:\/\/agrund.com\/index.php\/wp-json\/wp\/v2\/posts"}],"about":[{"href":"https:\/\/agrund.com\/index.php\/wp-json\/wp\/v2\/types\/post"}],"author":[{"embeddable":true,"href":"https:\/\/agrund.com\/index.php\/wp-json\/wp\/v2\/users\/8"}],"replies":[{"embeddable":true,"href":"https:\/\/agrund.com\/index.php\/wp-json\/wp\/v2\/comments?post=177427"}],"version-history":[{"count":0,"href":"https:\/\/agrund.com\/index.php\/wp-json\/wp\/v2\/posts\/177427\/revisions"}],"wp:featuredmedia":[{"embeddable":true,"href":"https:\/\/agrund.com\/index.php\/wp-json\/wp\/v2\/media\/177431"}],"wp:attachment":[{"href":"https:\/\/agrund.com\/index.php\/wp-json\/wp\/v2\/media?parent=177427"}],"wp:term":[{"taxonomy":"category","embeddable":true,"href":"https:\/\/agrund.com\/index.php\/wp-json\/wp\/v2\/categories?post=177427"},{"taxonomy":"post_tag","embeddable":true,"href":"https:\/\/agrund.com\/index.php\/wp-json\/wp\/v2\/tags?post=177427"}],"curies":[{"name":"wp","href":"https:\/\/api.w.org\/{rel}","templated":true}]}}