{"id":177421,"date":"2018-01-17T13:00:51","date_gmt":"2018-01-17T15:00:51","guid":{"rendered":"http:\/\/www.agrund.com\/?p=177421"},"modified":"2018-01-17T09:56:20","modified_gmt":"2018-01-17T11:56:20","slug":"tres-vezes-victoria","status":"publish","type":"post","link":"https:\/\/agrund.com\/index.php\/tres-vezes-victoria\/","title":{"rendered":"Tr\u00eas vezes Victoria"},"content":{"rendered":"<p>Em fevereiro Victoria Beckham comemora os 10 anos de sua grife hom\u00f4nima. E al\u00e9m de desfilar pela primeira vez na semana de moda de Londres, a cidade natal dela, o m\u00eas acaba de ficar mais especial.<\/p>\n<p>A estilista estrela n\u00e3o uma, mas tr\u00eas capas da edi\u00e7\u00e3o fevereiro da \u2018Vogue\u2019 espanhola. Victoria est\u00e1 deslumbrante em cliques art\u00edsticos, como ela sentada em um banquinho e em cima de uma mesa.<\/p>\n<p>A fotografia \u00e9 de Boo George e voc\u00ea confere na galeria abaixo:<\/p>\n<div id=\"attachment_177424\" style=\"width: 610px\" class=\"wp-caption aligncenter\"><img aria-describedby=\"caption-attachment-177424\" data-attachment-id=\"177424\" data-permalink=\"https:\/\/agrund.com\/index.php\/tres-vezes-victoria\/3-1073\/\" data-orig-file=\"https:\/\/i0.wp.com\/agrund.com\/wp-content\/uploads\/sites\/6\/2018\/01\/3-13-e1516190123817.jpg?fit=600%2C748&amp;ssl=1\" data-orig-size=\"600,748\" data-comments-opened=\"1\" data-image-meta=\"{&quot;aperture&quot;:&quot;0&quot;,&quot;credit&quot;:&quot;&quot;,&quot;camera&quot;:&quot;&quot;,&quot;caption&quot;:&quot;&quot;,&quot;created_timestamp&quot;:&quot;0&quot;,&quot;copyright&quot;:&quot;&quot;,&quot;focal_length&quot;:&quot;0&quot;,&quot;iso&quot;:&quot;0&quot;,&quot;shutter_speed&quot;:&quot;0&quot;,&quot;title&quot;:&quot;&quot;,&quot;orientation&quot;:&quot;0&quot;}\" data-image-title=\"Tr\u00eas vezes Victoria\" data-image-description=\"\" data-image-caption=\"&lt;p&gt;Tr\u00eas vezes Victoria&lt;\/p&gt;\n\" data-medium-file=\"https:\/\/i0.wp.com\/agrund.com\/wp-content\/uploads\/sites\/6\/2018\/01\/3-13-e1516190123817.jpg?fit=241%2C300&amp;ssl=1\" data-large-file=\"https:\/\/i0.wp.com\/agrund.com\/wp-content\/uploads\/sites\/6\/2018\/01\/3-13-e1516190123817.jpg?fit=822%2C1024&amp;ssl=1\" decoding=\"async\" loading=\"lazy\" class=\"size-full wp-image-177424\" src=\"https:\/\/i0.wp.com\/www.agrund.com\/wp-content\/uploads\/sites\/6\/2018\/01\/3-13-e1516190123817.jpg?resize=600%2C748\" alt=\"\" width=\"600\" height=\"748\" data-recalc-dims=\"1\" \/><p id=\"caption-attachment-177424\" class=\"wp-caption-text\">Tr\u00eas vezes Victoria<\/p><\/div>\n<div id=\"attachment_177423\" style=\"width: 610px\" class=\"wp-caption aligncenter\"><img aria-describedby=\"caption-attachment-177423\" data-attachment-id=\"177423\" data-permalink=\"https:\/\/agrund.com\/index.php\/tres-vezes-victoria\/2-1153\/\" data-orig-file=\"https:\/\/i0.wp.com\/agrund.com\/wp-content\/uploads\/sites\/6\/2018\/01\/2-17-e1516190136146.jpg?fit=600%2C738&amp;ssl=1\" data-orig-size=\"600,738\" data-comments-opened=\"1\" data-image-meta=\"{&quot;aperture&quot;:&quot;0&quot;,&quot;credit&quot;:&quot;&quot;,&quot;camera&quot;:&quot;&quot;,&quot;caption&quot;:&quot;&quot;,&quot;created_timestamp&quot;:&quot;0&quot;,&quot;copyright&quot;:&quot;&quot;,&quot;focal_length&quot;:&quot;0&quot;,&quot;iso&quot;:&quot;0&quot;,&quot;shutter_speed&quot;:&quot;0&quot;,&quot;title&quot;:&quot;&quot;,&quot;orientation&quot;:&quot;0&quot;}\" data-image-title=\"Tr\u00eas vezes Victoria\" data-image-description=\"\" data-image-caption=\"&lt;p&gt;Tr\u00eas vezes Victoria&lt;\/p&gt;\n\" data-medium-file=\"https:\/\/i0.wp.com\/agrund.com\/wp-content\/uploads\/sites\/6\/2018\/01\/2-17-e1516190136146.jpg?fit=244%2C300&amp;ssl=1\" data-large-file=\"https:\/\/i0.wp.com\/agrund.com\/wp-content\/uploads\/sites\/6\/2018\/01\/2-17-e1516190136146.jpg?fit=832%2C1024&amp;ssl=1\" decoding=\"async\" loading=\"lazy\" class=\"size-full wp-image-177423\" src=\"https:\/\/i0.wp.com\/www.agrund.com\/wp-content\/uploads\/sites\/6\/2018\/01\/2-17-e1516190136146.jpg?resize=600%2C738\" alt=\"\" width=\"600\" height=\"738\" data-recalc-dims=\"1\" \/><p id=\"caption-attachment-177423\" class=\"wp-caption-text\">Tr\u00eas vezes Victoria<\/p><\/div>\n<div id=\"attachment_177422\" style=\"width: 610px\" class=\"wp-caption aligncenter\"><img aria-describedby=\"caption-attachment-177422\" data-attachment-id=\"177422\" data-permalink=\"https:\/\/agrund.com\/index.php\/tres-vezes-victoria\/1-1207\/\" data-orig-file=\"https:\/\/i0.wp.com\/agrund.com\/wp-content\/uploads\/sites\/6\/2018\/01\/1-16-e1516190158607.jpg?fit=600%2C746&amp;ssl=1\" data-orig-size=\"600,746\" data-comments-opened=\"1\" data-image-meta=\"{&quot;aperture&quot;:&quot;0&quot;,&quot;credit&quot;:&quot;&quot;,&quot;camera&quot;:&quot;&quot;,&quot;caption&quot;:&quot;&quot;,&quot;created_timestamp&quot;:&quot;0&quot;,&quot;copyright&quot;:&quot;&quot;,&quot;focal_length&quot;:&quot;0&quot;,&quot;iso&quot;:&quot;0&quot;,&quot;shutter_speed&quot;:&quot;0&quot;,&quot;title&quot;:&quot;&quot;,&quot;orientation&quot;:&quot;0&quot;}\" data-image-title=\"Tr\u00eas vezes Victoria\" data-image-description=\"\" data-image-caption=\"&lt;p&gt;Tr\u00eas vezes Victoria&lt;\/p&gt;\n\" data-medium-file=\"https:\/\/i0.wp.com\/agrund.com\/wp-content\/uploads\/sites\/6\/2018\/01\/1-16-e1516190158607.jpg?fit=241%2C300&amp;ssl=1\" data-large-file=\"https:\/\/i0.wp.com\/agrund.com\/wp-content\/uploads\/sites\/6\/2018\/01\/1-16-e1516190158607.jpg?fit=824%2C1024&amp;ssl=1\" decoding=\"async\" loading=\"lazy\" class=\"size-full wp-image-177422\" src=\"https:\/\/i0.wp.com\/www.agrund.com\/wp-content\/uploads\/sites\/6\/2018\/01\/1-16-e1516190158607.jpg?resize=600%2C746\" alt=\"\" width=\"600\" height=\"746\" data-recalc-dims=\"1\" \/><p id=\"caption-attachment-177422\" class=\"wp-caption-text\">Tr\u00eas vezes Victoria<\/p><\/div>\n<p>Fotos: Reprodu\u00e7\u00e3o.<\/p>\n","protected":false},"excerpt":{"rendered":"<p>Em fevereiro Victoria Beckham comemora os 10 anos de sua grife hom\u00f4nima. E al\u00e9m de desfilar pela primeira vez na semana de moda de Londres, a cidade natal dela, o m\u00eas acaba de ficar mais especial. A estilista estrela n\u00e3o uma, mas tr\u00eas capas da edi\u00e7\u00e3o fevereiro da \u2018Vogue\u2019 espanhola. Victoria est\u00e1 deslumbrante em cliques [&hellip;]<\/p>\n","protected":false},"author":8,"featured_media":177425,"comment_status":"open","ping_status":"open","sticky":false,"template":"","format":"standard","meta":{"jetpack_post_was_ever_published":false,"_jetpack_newsletter_access":"","jetpack_publicize_message":"","jetpack_is_tweetstorm":false,"jetpack_publicize_feature_enabled":true,"jetpack_social_post_already_shared":true,"jetpack_social_options":{"image_generator_settings":{"template":"highway","enabled":false}}},"categories":[2],"tags":[],"jetpack_publicize_connections":[],"jetpack_featured_media_url":"https:\/\/i0.wp.com\/agrund.com\/wp-content\/uploads\/sites\/6\/2018\/01\/s-37.jpg?fit=960%2C300&ssl=1","jetpack_sharing_enabled":true,"jetpack_shortlink":"https:\/\/wp.me\/p3Hz0n-K9D","jetpack_likes_enabled":true,"_links":{"self":[{"href":"https:\/\/agrund.com\/index.php\/wp-json\/wp\/v2\/posts\/177421"}],"collection":[{"href":"https:\/\/agrund.com\/index.php\/wp-json\/wp\/v2\/posts"}],"about":[{"href":"https:\/\/agrund.com\/index.php\/wp-json\/wp\/v2\/types\/post"}],"author":[{"embeddable":true,"href":"https:\/\/agrund.com\/index.php\/wp-json\/wp\/v2\/users\/8"}],"replies":[{"embeddable":true,"href":"https:\/\/agrund.com\/index.php\/wp-json\/wp\/v2\/comments?post=177421"}],"version-history":[{"count":0,"href":"https:\/\/agrund.com\/index.php\/wp-json\/wp\/v2\/posts\/177421\/revisions"}],"wp:featuredmedia":[{"embeddable":true,"href":"https:\/\/agrund.com\/index.php\/wp-json\/wp\/v2\/media\/177425"}],"wp:attachment":[{"href":"https:\/\/agrund.com\/index.php\/wp-json\/wp\/v2\/media?parent=177421"}],"wp:term":[{"taxonomy":"category","embeddable":true,"href":"https:\/\/agrund.com\/index.php\/wp-json\/wp\/v2\/categories?post=177421"},{"taxonomy":"post_tag","embeddable":true,"href":"https:\/\/agrund.com\/index.php\/wp-json\/wp\/v2\/tags?post=177421"}],"curies":[{"name":"wp","href":"https:\/\/api.w.org\/{rel}","templated":true}]}}