{"id":177409,"date":"2018-01-17T10:00:38","date_gmt":"2018-01-17T12:00:38","guid":{"rendered":"http:\/\/www.agrund.com\/?p=177409"},"modified":"2018-01-17T09:39:09","modified_gmt":"2018-01-17T11:39:09","slug":"kim-jones-anuncia-sua-saida-da-louis-vuitton","status":"publish","type":"post","link":"https:\/\/agrund.com\/index.php\/kim-jones-anuncia-sua-saida-da-louis-vuitton\/","title":{"rendered":"Kim Jones anuncia sua sa\u00edda da Louis Vuitton"},"content":{"rendered":"<p>Depois de sete anos \u00e0 frente das cole\u00e7\u00f5es masculinas da Louis Vuitton, Kim Jones acaba de anunciar sua sa\u00edda da marca. A \u00faltima cole\u00e7\u00e3o criada pelo estilista ser\u00e1 apresentada nesta quinta-feira durante a semana de moda de Paris.<\/p>\n<p>Suas cole\u00e7\u00f5es que unem o luxo com o streetwear de uma forma primorosa, s\u00e3o um marco da grife. J\u00e1 existem boatos de Jones ser\u00e1 o novo diretor criativo da Burberry. Desejamos boa sorte!<\/p>\n<div id=\"attachment_177410\" style=\"width: 610px\" class=\"wp-caption aligncenter\"><img aria-describedby=\"caption-attachment-177410\" data-attachment-id=\"177410\" data-permalink=\"https:\/\/agrund.com\/index.php\/kim-jones-anuncia-sua-saida-da-louis-vuitton\/1-1205\/\" data-orig-file=\"https:\/\/i0.wp.com\/agrund.com\/wp-content\/uploads\/sites\/6\/2018\/01\/1-15-e1516189041211.jpg?fit=600%2C400&amp;ssl=1\" data-orig-size=\"600,400\" data-comments-opened=\"1\" data-image-meta=\"{&quot;aperture&quot;:&quot;0&quot;,&quot;credit&quot;:&quot;&quot;,&quot;camera&quot;:&quot;&quot;,&quot;caption&quot;:&quot;&quot;,&quot;created_timestamp&quot;:&quot;0&quot;,&quot;copyright&quot;:&quot;&quot;,&quot;focal_length&quot;:&quot;0&quot;,&quot;iso&quot;:&quot;0&quot;,&quot;shutter_speed&quot;:&quot;0&quot;,&quot;title&quot;:&quot;&quot;,&quot;orientation&quot;:&quot;0&quot;}\" data-image-title=\"Kim Jones anuncia sua sa\u00edda da Louis Vuitton\" data-image-description=\"\" data-image-caption=\"&lt;p&gt;Kim Jones anuncia sua sa\u00edda da Louis Vuitton&lt;\/p&gt;\n\" data-medium-file=\"https:\/\/i0.wp.com\/agrund.com\/wp-content\/uploads\/sites\/6\/2018\/01\/1-15-e1516189041211.jpg?fit=300%2C200&amp;ssl=1\" data-large-file=\"https:\/\/i0.wp.com\/agrund.com\/wp-content\/uploads\/sites\/6\/2018\/01\/1-15-e1516189041211.jpg?fit=1024%2C683&amp;ssl=1\" decoding=\"async\" loading=\"lazy\" class=\"size-full wp-image-177410\" src=\"https:\/\/i0.wp.com\/www.agrund.com\/wp-content\/uploads\/sites\/6\/2018\/01\/1-15-e1516189041211.jpg?resize=600%2C400\" alt=\"\" width=\"600\" height=\"400\" data-recalc-dims=\"1\" \/><p id=\"caption-attachment-177410\" class=\"wp-caption-text\">Kim Jones anuncia sua sa\u00edda da Louis Vuitton<\/p><\/div>\n<p>Foto: Reprodu\u00e7\u00e3o.<\/p>\n","protected":false},"excerpt":{"rendered":"<p>Depois de sete anos \u00e0 frente das cole\u00e7\u00f5es masculinas da Louis Vuitton, Kim Jones acaba de anunciar sua sa\u00edda da marca. A \u00faltima cole\u00e7\u00e3o criada pelo estilista ser\u00e1 apresentada nesta quinta-feira durante a semana de moda de Paris. Suas cole\u00e7\u00f5es que unem o luxo com o streetwear de uma forma primorosa, s\u00e3o um marco da [&hellip;]<\/p>\n","protected":false},"author":8,"featured_media":177411,"comment_status":"open","ping_status":"open","sticky":false,"template":"","format":"standard","meta":{"jetpack_post_was_ever_published":false,"_jetpack_newsletter_access":"","jetpack_publicize_message":"","jetpack_is_tweetstorm":false,"jetpack_publicize_feature_enabled":true,"jetpack_social_post_already_shared":true,"jetpack_social_options":{"image_generator_settings":{"template":"highway","enabled":false}}},"categories":[2],"tags":[],"jetpack_publicize_connections":[],"jetpack_featured_media_url":"https:\/\/i0.wp.com\/agrund.com\/wp-content\/uploads\/sites\/6\/2018\/01\/s-35.jpg?fit=960%2C300&ssl=1","jetpack_sharing_enabled":true,"jetpack_shortlink":"https:\/\/wp.me\/p3Hz0n-K9r","jetpack_likes_enabled":true,"_links":{"self":[{"href":"https:\/\/agrund.com\/index.php\/wp-json\/wp\/v2\/posts\/177409"}],"collection":[{"href":"https:\/\/agrund.com\/index.php\/wp-json\/wp\/v2\/posts"}],"about":[{"href":"https:\/\/agrund.com\/index.php\/wp-json\/wp\/v2\/types\/post"}],"author":[{"embeddable":true,"href":"https:\/\/agrund.com\/index.php\/wp-json\/wp\/v2\/users\/8"}],"replies":[{"embeddable":true,"href":"https:\/\/agrund.com\/index.php\/wp-json\/wp\/v2\/comments?post=177409"}],"version-history":[{"count":0,"href":"https:\/\/agrund.com\/index.php\/wp-json\/wp\/v2\/posts\/177409\/revisions"}],"wp:featuredmedia":[{"embeddable":true,"href":"https:\/\/agrund.com\/index.php\/wp-json\/wp\/v2\/media\/177411"}],"wp:attachment":[{"href":"https:\/\/agrund.com\/index.php\/wp-json\/wp\/v2\/media?parent=177409"}],"wp:term":[{"taxonomy":"category","embeddable":true,"href":"https:\/\/agrund.com\/index.php\/wp-json\/wp\/v2\/categories?post=177409"},{"taxonomy":"post_tag","embeddable":true,"href":"https:\/\/agrund.com\/index.php\/wp-json\/wp\/v2\/tags?post=177409"}],"curies":[{"name":"wp","href":"https:\/\/api.w.org\/{rel}","templated":true}]}}