{"id":177396,"date":"2018-01-16T17:00:58","date_gmt":"2018-01-16T19:00:58","guid":{"rendered":"http:\/\/www.agrund.com\/?p=177396"},"modified":"2018-01-16T13:13:58","modified_gmt":"2018-01-16T15:13:58","slug":"kaia-gerber-estrela-nova-campanha-de-beleza","status":"publish","type":"post","link":"https:\/\/agrund.com\/index.php\/kaia-gerber-estrela-nova-campanha-de-beleza\/","title":{"rendered":"Kaia Gerber estrela nova campanha de beleza"},"content":{"rendered":"<p>A marca Jacobs Beauty acaba de divulgar a sua campanha primavera\/ver\u00e3o 2018 e pela segunda temporada consecutiva, Kaia Gerber \u00e9 a estrela. Nas duas primeiras imagens divulgadas, a modelo aparece com um delineador preto bem marcado enquanto aplica a nova m\u00e1scara para c\u00edlios, a Velvet Noir Major Volume.<\/p>\n<p>O look escolhido tem inspira\u00e7\u00f5es nos anos 60, com um vestido de paet\u00eas amarelo, al\u00e9m de um turbantes e luvas pretas.<\/p>\n<p>Com apenas 16 anos, vemos que a carreira de Kaia est\u00e1 em ascend\u00eancia, adicionando mais uma grande campanha ao seu curr\u00edculo. A fotografia \u00e9 de Liz Collins e voc\u00ea confere na na galeria abaixo:<\/p>\n<div id=\"attachment_177397\" style=\"width: 610px\" class=\"wp-caption aligncenter\"><img aria-describedby=\"caption-attachment-177397\" data-attachment-id=\"177397\" data-permalink=\"https:\/\/agrund.com\/index.php\/kaia-gerber-estrela-nova-campanha-de-beleza\/1-1203\/\" data-orig-file=\"https:\/\/i0.wp.com\/agrund.com\/wp-content\/uploads\/sites\/6\/2018\/01\/1-13-e1516115455457.jpg?fit=600%2C899&amp;ssl=1\" data-orig-size=\"600,899\" data-comments-opened=\"1\" data-image-meta=\"{&quot;aperture&quot;:&quot;0&quot;,&quot;credit&quot;:&quot;&quot;,&quot;camera&quot;:&quot;&quot;,&quot;caption&quot;:&quot;&quot;,&quot;created_timestamp&quot;:&quot;0&quot;,&quot;copyright&quot;:&quot;&quot;,&quot;focal_length&quot;:&quot;0&quot;,&quot;iso&quot;:&quot;0&quot;,&quot;shutter_speed&quot;:&quot;0&quot;,&quot;title&quot;:&quot;&quot;,&quot;orientation&quot;:&quot;1&quot;}\" data-image-title=\"Kaia Gerber estrela nova campanha de beleza\" data-image-description=\"\" data-image-caption=\"&lt;p&gt;Kaia Gerber estrela nova campanha de beleza&lt;\/p&gt;\n\" data-medium-file=\"https:\/\/i0.wp.com\/agrund.com\/wp-content\/uploads\/sites\/6\/2018\/01\/1-13-e1516115455457.jpg?fit=200%2C300&amp;ssl=1\" data-large-file=\"https:\/\/i0.wp.com\/agrund.com\/wp-content\/uploads\/sites\/6\/2018\/01\/1-13-e1516115455457.jpg?fit=683%2C1024&amp;ssl=1\" decoding=\"async\" loading=\"lazy\" class=\"size-full wp-image-177397\" src=\"https:\/\/i0.wp.com\/www.agrund.com\/wp-content\/uploads\/sites\/6\/2018\/01\/1-13-e1516115455457.jpg?resize=600%2C899\" alt=\"\" width=\"600\" height=\"899\" data-recalc-dims=\"1\" \/><p id=\"caption-attachment-177397\" class=\"wp-caption-text\">Kaia Gerber estrela nova campanha de beleza<\/p><\/div>\n<div id=\"attachment_177398\" style=\"width: 610px\" class=\"wp-caption aligncenter\"><img aria-describedby=\"caption-attachment-177398\" data-attachment-id=\"177398\" data-permalink=\"https:\/\/agrund.com\/index.php\/kaia-gerber-estrela-nova-campanha-de-beleza\/2-1150\/\" data-orig-file=\"https:\/\/i0.wp.com\/agrund.com\/wp-content\/uploads\/sites\/6\/2018\/01\/2-14-e1516115470983.jpg?fit=600%2C899&amp;ssl=1\" data-orig-size=\"600,899\" data-comments-opened=\"1\" data-image-meta=\"{&quot;aperture&quot;:&quot;0&quot;,&quot;credit&quot;:&quot;&quot;,&quot;camera&quot;:&quot;&quot;,&quot;caption&quot;:&quot;&quot;,&quot;created_timestamp&quot;:&quot;0&quot;,&quot;copyright&quot;:&quot;&quot;,&quot;focal_length&quot;:&quot;0&quot;,&quot;iso&quot;:&quot;0&quot;,&quot;shutter_speed&quot;:&quot;0&quot;,&quot;title&quot;:&quot;&quot;,&quot;orientation&quot;:&quot;1&quot;}\" data-image-title=\"Kaia Gerber estrela nova campanha de beleza\" data-image-description=\"\" data-image-caption=\"&lt;p&gt;Kaia Gerber estrela nova campanha de beleza&lt;\/p&gt;\n\" data-medium-file=\"https:\/\/i0.wp.com\/agrund.com\/wp-content\/uploads\/sites\/6\/2018\/01\/2-14-e1516115470983.jpg?fit=200%2C300&amp;ssl=1\" data-large-file=\"https:\/\/i0.wp.com\/agrund.com\/wp-content\/uploads\/sites\/6\/2018\/01\/2-14-e1516115470983.jpg?fit=683%2C1024&amp;ssl=1\" decoding=\"async\" loading=\"lazy\" class=\"size-full wp-image-177398\" src=\"https:\/\/i0.wp.com\/www.agrund.com\/wp-content\/uploads\/sites\/6\/2018\/01\/2-14-e1516115470983.jpg?resize=600%2C899\" alt=\"\" width=\"600\" height=\"899\" data-recalc-dims=\"1\" \/><p id=\"caption-attachment-177398\" class=\"wp-caption-text\">Kaia Gerber estrela nova campanha de beleza<\/p><\/div>\n<p>Fotos: Reprodu\u00e7\u00e3o.<\/p>\n","protected":false},"excerpt":{"rendered":"<p>A marca Jacobs Beauty acaba de divulgar a sua campanha primavera\/ver\u00e3o 2018 e pela segunda temporada consecutiva, Kaia Gerber \u00e9 a estrela. Nas duas primeiras imagens divulgadas, a modelo aparece com um delineador preto bem marcado enquanto aplica a nova m\u00e1scara para c\u00edlios, a Velvet Noir Major Volume. O look escolhido tem inspira\u00e7\u00f5es nos anos [&hellip;]<\/p>\n","protected":false},"author":8,"featured_media":177399,"comment_status":"open","ping_status":"open","sticky":false,"template":"","format":"standard","meta":{"jetpack_post_was_ever_published":false,"_jetpack_newsletter_access":"","jetpack_publicize_message":"","jetpack_is_tweetstorm":false,"jetpack_publicize_feature_enabled":true,"jetpack_social_post_already_shared":true,"jetpack_social_options":{"image_generator_settings":{"template":"highway","enabled":false}}},"categories":[2],"tags":[],"jetpack_publicize_connections":[],"jetpack_featured_media_url":"https:\/\/i0.wp.com\/agrund.com\/wp-content\/uploads\/sites\/6\/2018\/01\/s-33.jpg?fit=960%2C300&ssl=1","jetpack_sharing_enabled":true,"jetpack_shortlink":"https:\/\/wp.me\/p3Hz0n-K9e","jetpack_likes_enabled":true,"_links":{"self":[{"href":"https:\/\/agrund.com\/index.php\/wp-json\/wp\/v2\/posts\/177396"}],"collection":[{"href":"https:\/\/agrund.com\/index.php\/wp-json\/wp\/v2\/posts"}],"about":[{"href":"https:\/\/agrund.com\/index.php\/wp-json\/wp\/v2\/types\/post"}],"author":[{"embeddable":true,"href":"https:\/\/agrund.com\/index.php\/wp-json\/wp\/v2\/users\/8"}],"replies":[{"embeddable":true,"href":"https:\/\/agrund.com\/index.php\/wp-json\/wp\/v2\/comments?post=177396"}],"version-history":[{"count":0,"href":"https:\/\/agrund.com\/index.php\/wp-json\/wp\/v2\/posts\/177396\/revisions"}],"wp:featuredmedia":[{"embeddable":true,"href":"https:\/\/agrund.com\/index.php\/wp-json\/wp\/v2\/media\/177399"}],"wp:attachment":[{"href":"https:\/\/agrund.com\/index.php\/wp-json\/wp\/v2\/media?parent=177396"}],"wp:term":[{"taxonomy":"category","embeddable":true,"href":"https:\/\/agrund.com\/index.php\/wp-json\/wp\/v2\/categories?post=177396"},{"taxonomy":"post_tag","embeddable":true,"href":"https:\/\/agrund.com\/index.php\/wp-json\/wp\/v2\/tags?post=177396"}],"curies":[{"name":"wp","href":"https:\/\/api.w.org\/{rel}","templated":true}]}}