{"id":177378,"date":"2018-01-16T13:00:38","date_gmt":"2018-01-16T15:00:38","guid":{"rendered":"http:\/\/www.agrund.com\/?p=177378"},"modified":"2018-01-16T10:26:35","modified_gmt":"2018-01-16T12:26:35","slug":"kendall-jenner-e-o-novo-rosto-da-tods","status":"publish","type":"post","link":"https:\/\/agrund.com\/index.php\/kendall-jenner-e-o-novo-rosto-da-tods\/","title":{"rendered":"Kendall Jenner \u00e9 o novo rosto da Tod\u2019s"},"content":{"rendered":"<p>Como voc\u00ea j\u00e1 deve ter visto aqui no Agrund.com, o ver\u00e3o j\u00e1 est\u00e1 aparecendo nas campanhas do hemisf\u00e9rio norte. Agora foi a vez da Tod\u2019s viajar a Malibu para fotografar sua cole\u00e7\u00e3o primavera\/ ver\u00e3o 2018.<\/p>\n<p>Os cliques s\u00e3o estrelados por Kendall Jenner, que posou bem descontra\u00edda ao ar livre. Mas ela n\u00e3o est\u00e1 sozinha, a modelo est\u00e1 acompanhada de um ador\u00e1vel filhote de cachorro.<\/p>\n<p>A fotografia \u00e9 de Mikael Jansson e voc\u00ea confere na galeria abaixo:<\/p>\n<span class=\"embed-youtube\" style=\"text-align:center; display: block;\"><iframe class=\"youtube-player\" width=\"560\" height=\"315\" src=\"https:\/\/www.youtube.com\/embed\/PCqZq82O2Eo?version=3&#038;rel=1&#038;showsearch=0&#038;showinfo=1&#038;iv_load_policy=1&#038;fs=1&#038;hl=pt-BR&#038;autohide=2&#038;wmode=transparent\" allowfullscreen=\"true\" style=\"border:0;\" sandbox=\"allow-scripts allow-same-origin allow-popups allow-presentation\"><\/iframe><\/span>\n<div id=\"attachment_177381\" style=\"width: 570px\" class=\"wp-caption aligncenter\"><img aria-describedby=\"caption-attachment-177381\" data-attachment-id=\"177381\" data-permalink=\"https:\/\/agrund.com\/index.php\/kendall-jenner-e-o-novo-rosto-da-tods\/3-1071\/\" data-orig-file=\"https:\/\/i0.wp.com\/agrund.com\/wp-content\/uploads\/sites\/6\/2018\/01\/3-11-e1516105518347.jpg?fit=560%2C839&amp;ssl=1\" data-orig-size=\"560,839\" data-comments-opened=\"1\" data-image-meta=\"{&quot;aperture&quot;:&quot;0&quot;,&quot;credit&quot;:&quot;&quot;,&quot;camera&quot;:&quot;&quot;,&quot;caption&quot;:&quot;&quot;,&quot;created_timestamp&quot;:&quot;0&quot;,&quot;copyright&quot;:&quot;&quot;,&quot;focal_length&quot;:&quot;0&quot;,&quot;iso&quot;:&quot;0&quot;,&quot;shutter_speed&quot;:&quot;0&quot;,&quot;title&quot;:&quot;&quot;,&quot;orientation&quot;:&quot;1&quot;}\" data-image-title=\"Kendall Jenner \u00e9 o novo rosto da Tod\u2019s\" data-image-description=\"\" data-image-caption=\"&lt;p&gt;Kendall Jenner \u00e9 o novo rosto da Tod\u2019s&lt;\/p&gt;\n\" data-medium-file=\"https:\/\/i0.wp.com\/agrund.com\/wp-content\/uploads\/sites\/6\/2018\/01\/3-11-e1516105518347.jpg?fit=200%2C300&amp;ssl=1\" data-large-file=\"https:\/\/i0.wp.com\/agrund.com\/wp-content\/uploads\/sites\/6\/2018\/01\/3-11-e1516105518347.jpg?fit=683%2C1024&amp;ssl=1\" decoding=\"async\" loading=\"lazy\" class=\"size-full wp-image-177381\" src=\"https:\/\/i0.wp.com\/www.agrund.com\/wp-content\/uploads\/sites\/6\/2018\/01\/3-11-e1516105518347.jpg?resize=560%2C839\" alt=\"\" width=\"560\" height=\"839\" data-recalc-dims=\"1\" \/><p id=\"caption-attachment-177381\" class=\"wp-caption-text\">Kendall Jenner \u00e9 o novo rosto da Tod\u2019s<\/p><\/div>\n<div id=\"attachment_177382\" style=\"width: 570px\" class=\"wp-caption aligncenter\"><img aria-describedby=\"caption-attachment-177382\" data-attachment-id=\"177382\" data-permalink=\"https:\/\/agrund.com\/index.php\/kendall-jenner-e-o-novo-rosto-da-tods\/4-994\/\" data-orig-file=\"https:\/\/i0.wp.com\/agrund.com\/wp-content\/uploads\/sites\/6\/2018\/01\/4-8-e1516105531351.jpg?fit=560%2C337&amp;ssl=1\" data-orig-size=\"560,337\" data-comments-opened=\"1\" data-image-meta=\"{&quot;aperture&quot;:&quot;0&quot;,&quot;credit&quot;:&quot;&quot;,&quot;camera&quot;:&quot;&quot;,&quot;caption&quot;:&quot;&quot;,&quot;created_timestamp&quot;:&quot;0&quot;,&quot;copyright&quot;:&quot;&quot;,&quot;focal_length&quot;:&quot;0&quot;,&quot;iso&quot;:&quot;0&quot;,&quot;shutter_speed&quot;:&quot;0&quot;,&quot;title&quot;:&quot;&quot;,&quot;orientation&quot;:&quot;1&quot;}\" data-image-title=\"Kendall Jenner \u00e9 o novo rosto da Tod\u2019s\" data-image-description=\"\" data-image-caption=\"&lt;p&gt;Kendall Jenner \u00e9 o novo rosto da Tod\u2019s&lt;\/p&gt;\n\" data-medium-file=\"https:\/\/i0.wp.com\/agrund.com\/wp-content\/uploads\/sites\/6\/2018\/01\/4-8-e1516105531351.jpg?fit=300%2C180&amp;ssl=1\" data-large-file=\"https:\/\/i0.wp.com\/agrund.com\/wp-content\/uploads\/sites\/6\/2018\/01\/4-8-e1516105531351.jpg?fit=560%2C337&amp;ssl=1\" decoding=\"async\" loading=\"lazy\" class=\"size-full wp-image-177382\" src=\"https:\/\/i0.wp.com\/www.agrund.com\/wp-content\/uploads\/sites\/6\/2018\/01\/4-8-e1516105531351.jpg?resize=560%2C337\" alt=\"\" width=\"560\" height=\"337\" data-recalc-dims=\"1\" \/><p id=\"caption-attachment-177382\" class=\"wp-caption-text\">Kendall Jenner \u00e9 o novo rosto da Tod\u2019s<\/p><\/div>\n<div id=\"attachment_177379\" style=\"width: 570px\" class=\"wp-caption aligncenter\"><img aria-describedby=\"caption-attachment-177379\" data-attachment-id=\"177379\" data-permalink=\"https:\/\/agrund.com\/index.php\/kendall-jenner-e-o-novo-rosto-da-tods\/1-1202\/\" data-orig-file=\"https:\/\/i0.wp.com\/agrund.com\/wp-content\/uploads\/sites\/6\/2018\/01\/1-12-e1516105547327.jpg?fit=560%2C368&amp;ssl=1\" data-orig-size=\"560,368\" data-comments-opened=\"1\" data-image-meta=\"{&quot;aperture&quot;:&quot;0&quot;,&quot;credit&quot;:&quot;&quot;,&quot;camera&quot;:&quot;&quot;,&quot;caption&quot;:&quot;&quot;,&quot;created_timestamp&quot;:&quot;0&quot;,&quot;copyright&quot;:&quot;&quot;,&quot;focal_length&quot;:&quot;0&quot;,&quot;iso&quot;:&quot;0&quot;,&quot;shutter_speed&quot;:&quot;0&quot;,&quot;title&quot;:&quot;&quot;,&quot;orientation&quot;:&quot;1&quot;}\" data-image-title=\"Kendall Jenner \u00e9 o novo rosto da Tod\u2019s\" data-image-description=\"\" data-image-caption=\"&lt;p&gt;Kendall Jenner \u00e9 o novo rosto da Tod\u2019s&lt;\/p&gt;\n\" data-medium-file=\"https:\/\/i0.wp.com\/agrund.com\/wp-content\/uploads\/sites\/6\/2018\/01\/1-12-e1516105547327.jpg?fit=300%2C197&amp;ssl=1\" data-large-file=\"https:\/\/i0.wp.com\/agrund.com\/wp-content\/uploads\/sites\/6\/2018\/01\/1-12-e1516105547327.jpg?fit=560%2C368&amp;ssl=1\" decoding=\"async\" loading=\"lazy\" class=\"size-full wp-image-177379\" src=\"https:\/\/i0.wp.com\/www.agrund.com\/wp-content\/uploads\/sites\/6\/2018\/01\/1-12-e1516105547327.jpg?resize=560%2C368\" alt=\"\" width=\"560\" height=\"368\" data-recalc-dims=\"1\" \/><p id=\"caption-attachment-177379\" class=\"wp-caption-text\">Kendall Jenner \u00e9 o novo rosto da Tod\u2019s<\/p><\/div>\n<div id=\"attachment_177383\" style=\"width: 570px\" class=\"wp-caption aligncenter\"><img aria-describedby=\"caption-attachment-177383\" data-attachment-id=\"177383\" data-permalink=\"https:\/\/agrund.com\/index.php\/kendall-jenner-e-o-novo-rosto-da-tods\/5-907\/\" data-orig-file=\"https:\/\/i0.wp.com\/agrund.com\/wp-content\/uploads\/sites\/6\/2018\/01\/5-4-e1516105558147.jpg?fit=560%2C337&amp;ssl=1\" data-orig-size=\"560,337\" data-comments-opened=\"1\" data-image-meta=\"{&quot;aperture&quot;:&quot;0&quot;,&quot;credit&quot;:&quot;&quot;,&quot;camera&quot;:&quot;&quot;,&quot;caption&quot;:&quot;&quot;,&quot;created_timestamp&quot;:&quot;0&quot;,&quot;copyright&quot;:&quot;&quot;,&quot;focal_length&quot;:&quot;0&quot;,&quot;iso&quot;:&quot;0&quot;,&quot;shutter_speed&quot;:&quot;0&quot;,&quot;title&quot;:&quot;&quot;,&quot;orientation&quot;:&quot;1&quot;}\" data-image-title=\"Kendall Jenner \u00e9 o novo rosto da Tod\u2019s\" data-image-description=\"\" data-image-caption=\"&lt;p&gt;Kendall Jenner \u00e9 o novo rosto da Tod\u2019s&lt;\/p&gt;\n\" data-medium-file=\"https:\/\/i0.wp.com\/agrund.com\/wp-content\/uploads\/sites\/6\/2018\/01\/5-4-e1516105558147.jpg?fit=300%2C180&amp;ssl=1\" data-large-file=\"https:\/\/i0.wp.com\/agrund.com\/wp-content\/uploads\/sites\/6\/2018\/01\/5-4-e1516105558147.jpg?fit=560%2C337&amp;ssl=1\" decoding=\"async\" loading=\"lazy\" class=\"size-full wp-image-177383\" src=\"https:\/\/i0.wp.com\/www.agrund.com\/wp-content\/uploads\/sites\/6\/2018\/01\/5-4-e1516105558147.jpg?resize=560%2C337\" alt=\"\" width=\"560\" height=\"337\" data-recalc-dims=\"1\" \/><p id=\"caption-attachment-177383\" class=\"wp-caption-text\">Kendall Jenner \u00e9 o novo rosto da Tod\u2019s<\/p><\/div>\n<div id=\"attachment_177380\" style=\"width: 570px\" class=\"wp-caption aligncenter\"><img aria-describedby=\"caption-attachment-177380\" data-attachment-id=\"177380\" data-permalink=\"https:\/\/agrund.com\/index.php\/kendall-jenner-e-o-novo-rosto-da-tods\/2-1149\/\" data-orig-file=\"https:\/\/i0.wp.com\/agrund.com\/wp-content\/uploads\/sites\/6\/2018\/01\/2-13-e1516105577350.jpg?fit=560%2C368&amp;ssl=1\" data-orig-size=\"560,368\" data-comments-opened=\"1\" data-image-meta=\"{&quot;aperture&quot;:&quot;0&quot;,&quot;credit&quot;:&quot;&quot;,&quot;camera&quot;:&quot;&quot;,&quot;caption&quot;:&quot;&quot;,&quot;created_timestamp&quot;:&quot;0&quot;,&quot;copyright&quot;:&quot;&quot;,&quot;focal_length&quot;:&quot;0&quot;,&quot;iso&quot;:&quot;0&quot;,&quot;shutter_speed&quot;:&quot;0&quot;,&quot;title&quot;:&quot;&quot;,&quot;orientation&quot;:&quot;1&quot;}\" data-image-title=\"Kendall Jenner \u00e9 o novo rosto da Tod\u2019s\" data-image-description=\"\" data-image-caption=\"&lt;p&gt;Kendall Jenner \u00e9 o novo rosto da Tod\u2019s&lt;\/p&gt;\n\" data-medium-file=\"https:\/\/i0.wp.com\/agrund.com\/wp-content\/uploads\/sites\/6\/2018\/01\/2-13-e1516105577350.jpg?fit=300%2C197&amp;ssl=1\" data-large-file=\"https:\/\/i0.wp.com\/agrund.com\/wp-content\/uploads\/sites\/6\/2018\/01\/2-13-e1516105577350.jpg?fit=560%2C368&amp;ssl=1\" decoding=\"async\" loading=\"lazy\" class=\"size-full wp-image-177380\" src=\"https:\/\/i0.wp.com\/www.agrund.com\/wp-content\/uploads\/sites\/6\/2018\/01\/2-13-e1516105577350.jpg?resize=560%2C368\" alt=\"\" width=\"560\" height=\"368\" data-recalc-dims=\"1\" \/><p id=\"caption-attachment-177380\" class=\"wp-caption-text\">Kendall Jenner \u00e9 o novo rosto da Tod\u2019s<\/p><\/div>\n<p>Fotos: Reprodu\u00e7\u00e3o.<\/p>\n","protected":false},"excerpt":{"rendered":"<p>Como voc\u00ea j\u00e1 deve ter visto aqui no Agrund.com, o ver\u00e3o j\u00e1 est\u00e1 aparecendo nas campanhas do hemisf\u00e9rio norte. Agora foi a vez da Tod\u2019s viajar a Malibu para fotografar sua cole\u00e7\u00e3o primavera\/ ver\u00e3o 2018. Os cliques s\u00e3o estrelados por Kendall Jenner, que posou bem descontra\u00edda ao ar livre. Mas ela n\u00e3o est\u00e1 sozinha, a [&hellip;]<\/p>\n","protected":false},"author":8,"featured_media":177384,"comment_status":"open","ping_status":"open","sticky":false,"template":"","format":"standard","meta":{"jetpack_post_was_ever_published":false,"_jetpack_newsletter_access":"","jetpack_publicize_message":"","jetpack_is_tweetstorm":false,"jetpack_publicize_feature_enabled":true,"jetpack_social_post_already_shared":true,"jetpack_social_options":{"image_generator_settings":{"template":"highway","enabled":false}}},"categories":[2],"tags":[],"jetpack_publicize_connections":[],"jetpack_featured_media_url":"https:\/\/i0.wp.com\/agrund.com\/wp-content\/uploads\/sites\/6\/2018\/01\/s-31.jpg?fit=960%2C300&ssl=1","jetpack_sharing_enabled":true,"jetpack_shortlink":"https:\/\/wp.me\/p3Hz0n-K8W","jetpack_likes_enabled":true,"_links":{"self":[{"href":"https:\/\/agrund.com\/index.php\/wp-json\/wp\/v2\/posts\/177378"}],"collection":[{"href":"https:\/\/agrund.com\/index.php\/wp-json\/wp\/v2\/posts"}],"about":[{"href":"https:\/\/agrund.com\/index.php\/wp-json\/wp\/v2\/types\/post"}],"author":[{"embeddable":true,"href":"https:\/\/agrund.com\/index.php\/wp-json\/wp\/v2\/users\/8"}],"replies":[{"embeddable":true,"href":"https:\/\/agrund.com\/index.php\/wp-json\/wp\/v2\/comments?post=177378"}],"version-history":[{"count":0,"href":"https:\/\/agrund.com\/index.php\/wp-json\/wp\/v2\/posts\/177378\/revisions"}],"wp:featuredmedia":[{"embeddable":true,"href":"https:\/\/agrund.com\/index.php\/wp-json\/wp\/v2\/media\/177384"}],"wp:attachment":[{"href":"https:\/\/agrund.com\/index.php\/wp-json\/wp\/v2\/media?parent=177378"}],"wp:term":[{"taxonomy":"category","embeddable":true,"href":"https:\/\/agrund.com\/index.php\/wp-json\/wp\/v2\/categories?post=177378"},{"taxonomy":"post_tag","embeddable":true,"href":"https:\/\/agrund.com\/index.php\/wp-json\/wp\/v2\/tags?post=177378"}],"curies":[{"name":"wp","href":"https:\/\/api.w.org\/{rel}","templated":true}]}}