{"id":177371,"date":"2018-01-16T11:00:19","date_gmt":"2018-01-16T13:00:19","guid":{"rendered":"http:\/\/www.agrund.com\/?p=177371"},"modified":"2018-01-16T10:19:28","modified_gmt":"2018-01-16T12:19:28","slug":"versace-lanca-tenis-em-parceria-com-2-chainz","status":"publish","type":"post","link":"https:\/\/agrund.com\/index.php\/versace-lanca-tenis-em-parceria-com-2-chainz\/","title":{"rendered":"Versace lan\u00e7a t\u00eanis em parceria com 2 Chainz"},"content":{"rendered":"<p>Durante seu desfile na semana de moda de Mil\u00e3o no \u00faltimo s\u00e1bado (13), a Versace apresentou um t\u00eanis que est\u00e1 dividindo opini\u00f5es.<\/p>\n<p>O modelo, resultado da parceria da marca com o rapper 2 Chainz, \u00e9 estampado, colorido e tem um solado em formato de corrente. A marca fugiu dos t\u00eanis minimalistas e apostou nesse modelo como o desejo da pr\u00f3xima esta\u00e7\u00e3o.<\/p>\n<p>E a\u00ed, voc\u00ea usaria?<\/p>\n<div id=\"attachment_177372\" style=\"width: 574px\" class=\"wp-caption aligncenter\"><img aria-describedby=\"caption-attachment-177372\" data-attachment-id=\"177372\" data-permalink=\"https:\/\/agrund.com\/index.php\/versace-lanca-tenis-em-parceria-com-2-chainz\/1-1201\/\" data-orig-file=\"https:\/\/i0.wp.com\/agrund.com\/wp-content\/uploads\/sites\/6\/2018\/01\/1-11.jpg?fit=564%2C565&amp;ssl=1\" data-orig-size=\"564,565\" data-comments-opened=\"1\" data-image-meta=\"{&quot;aperture&quot;:&quot;0&quot;,&quot;credit&quot;:&quot;&quot;,&quot;camera&quot;:&quot;&quot;,&quot;caption&quot;:&quot;&quot;,&quot;created_timestamp&quot;:&quot;0&quot;,&quot;copyright&quot;:&quot;&quot;,&quot;focal_length&quot;:&quot;0&quot;,&quot;iso&quot;:&quot;0&quot;,&quot;shutter_speed&quot;:&quot;0&quot;,&quot;title&quot;:&quot;&quot;,&quot;orientation&quot;:&quot;1&quot;}\" data-image-title=\"Versace lan\u00e7a t\u00eanis em parceria com 2 Chainz\" data-image-description=\"\" data-image-caption=\"&lt;p&gt;Versace lan\u00e7a t\u00eanis em parceria com 2 Chainz&lt;\/p&gt;\n\" data-medium-file=\"https:\/\/i0.wp.com\/agrund.com\/wp-content\/uploads\/sites\/6\/2018\/01\/1-11.jpg?fit=300%2C300&amp;ssl=1\" data-large-file=\"https:\/\/i0.wp.com\/agrund.com\/wp-content\/uploads\/sites\/6\/2018\/01\/1-11.jpg?fit=564%2C565&amp;ssl=1\" decoding=\"async\" loading=\"lazy\" class=\"size-full wp-image-177372\" src=\"https:\/\/i0.wp.com\/www.agrund.com\/wp-content\/uploads\/sites\/6\/2018\/01\/1-11.jpg?resize=564%2C565\" alt=\"\" width=\"564\" height=\"565\" srcset=\"https:\/\/i0.wp.com\/agrund.com\/wp-content\/uploads\/sites\/6\/2018\/01\/1-11.jpg?w=564&amp;ssl=1 564w, https:\/\/i0.wp.com\/agrund.com\/wp-content\/uploads\/sites\/6\/2018\/01\/1-11.jpg?resize=150%2C150&amp;ssl=1 150w, https:\/\/i0.wp.com\/agrund.com\/wp-content\/uploads\/sites\/6\/2018\/01\/1-11.jpg?resize=300%2C300&amp;ssl=1 300w\" sizes=\"(max-width: 564px) 100vw, 564px\" data-recalc-dims=\"1\" \/><p id=\"caption-attachment-177372\" class=\"wp-caption-text\">Versace lan\u00e7a t\u00eanis em parceria com 2 Chainz<\/p><\/div>\n<div id=\"attachment_177374\" style=\"width: 574px\" class=\"wp-caption aligncenter\"><img aria-describedby=\"caption-attachment-177374\" data-attachment-id=\"177374\" data-permalink=\"https:\/\/agrund.com\/index.php\/versace-lanca-tenis-em-parceria-com-2-chainz\/3-1070\/\" data-orig-file=\"https:\/\/i0.wp.com\/agrund.com\/wp-content\/uploads\/sites\/6\/2018\/01\/3-10.jpg?fit=564%2C563&amp;ssl=1\" data-orig-size=\"564,563\" data-comments-opened=\"1\" data-image-meta=\"{&quot;aperture&quot;:&quot;0&quot;,&quot;credit&quot;:&quot;&quot;,&quot;camera&quot;:&quot;&quot;,&quot;caption&quot;:&quot;&quot;,&quot;created_timestamp&quot;:&quot;0&quot;,&quot;copyright&quot;:&quot;&quot;,&quot;focal_length&quot;:&quot;0&quot;,&quot;iso&quot;:&quot;0&quot;,&quot;shutter_speed&quot;:&quot;0&quot;,&quot;title&quot;:&quot;&quot;,&quot;orientation&quot;:&quot;1&quot;}\" data-image-title=\"Versace lan\u00e7a t\u00eanis em parceria com 2 Chainz\" data-image-description=\"\" data-image-caption=\"&lt;p&gt;Versace lan\u00e7a t\u00eanis em parceria com 2 Chainz&lt;\/p&gt;\n\" data-medium-file=\"https:\/\/i0.wp.com\/agrund.com\/wp-content\/uploads\/sites\/6\/2018\/01\/3-10.jpg?fit=300%2C300&amp;ssl=1\" data-large-file=\"https:\/\/i0.wp.com\/agrund.com\/wp-content\/uploads\/sites\/6\/2018\/01\/3-10.jpg?fit=564%2C563&amp;ssl=1\" decoding=\"async\" loading=\"lazy\" class=\"size-full wp-image-177374\" src=\"https:\/\/i0.wp.com\/www.agrund.com\/wp-content\/uploads\/sites\/6\/2018\/01\/3-10.jpg?resize=564%2C563\" alt=\"\" width=\"564\" height=\"563\" srcset=\"https:\/\/i0.wp.com\/agrund.com\/wp-content\/uploads\/sites\/6\/2018\/01\/3-10.jpg?w=564&amp;ssl=1 564w, https:\/\/i0.wp.com\/agrund.com\/wp-content\/uploads\/sites\/6\/2018\/01\/3-10.jpg?resize=150%2C150&amp;ssl=1 150w, https:\/\/i0.wp.com\/agrund.com\/wp-content\/uploads\/sites\/6\/2018\/01\/3-10.jpg?resize=300%2C300&amp;ssl=1 300w\" sizes=\"(max-width: 564px) 100vw, 564px\" data-recalc-dims=\"1\" \/><p id=\"caption-attachment-177374\" class=\"wp-caption-text\">Versace lan\u00e7a t\u00eanis em parceria com 2 Chainz<\/p><\/div>\n<div id=\"attachment_177373\" style=\"width: 574px\" class=\"wp-caption aligncenter\"><img aria-describedby=\"caption-attachment-177373\" data-attachment-id=\"177373\" data-permalink=\"https:\/\/agrund.com\/index.php\/versace-lanca-tenis-em-parceria-com-2-chainz\/2-1148\/\" data-orig-file=\"https:\/\/i0.wp.com\/agrund.com\/wp-content\/uploads\/sites\/6\/2018\/01\/2-12.jpg?fit=564%2C563&amp;ssl=1\" data-orig-size=\"564,563\" data-comments-opened=\"1\" data-image-meta=\"{&quot;aperture&quot;:&quot;0&quot;,&quot;credit&quot;:&quot;&quot;,&quot;camera&quot;:&quot;&quot;,&quot;caption&quot;:&quot;&quot;,&quot;created_timestamp&quot;:&quot;0&quot;,&quot;copyright&quot;:&quot;&quot;,&quot;focal_length&quot;:&quot;0&quot;,&quot;iso&quot;:&quot;0&quot;,&quot;shutter_speed&quot;:&quot;0&quot;,&quot;title&quot;:&quot;&quot;,&quot;orientation&quot;:&quot;1&quot;}\" data-image-title=\"Versace lan\u00e7a t\u00eanis em parceria com 2 Chainz\" data-image-description=\"\" data-image-caption=\"&lt;p&gt;Versace lan\u00e7a t\u00eanis em parceria com 2 Chainz&lt;\/p&gt;\n\" data-medium-file=\"https:\/\/i0.wp.com\/agrund.com\/wp-content\/uploads\/sites\/6\/2018\/01\/2-12.jpg?fit=300%2C300&amp;ssl=1\" data-large-file=\"https:\/\/i0.wp.com\/agrund.com\/wp-content\/uploads\/sites\/6\/2018\/01\/2-12.jpg?fit=564%2C563&amp;ssl=1\" decoding=\"async\" loading=\"lazy\" class=\"size-full wp-image-177373\" src=\"https:\/\/i0.wp.com\/www.agrund.com\/wp-content\/uploads\/sites\/6\/2018\/01\/2-12.jpg?resize=564%2C563\" alt=\"\" width=\"564\" height=\"563\" srcset=\"https:\/\/i0.wp.com\/agrund.com\/wp-content\/uploads\/sites\/6\/2018\/01\/2-12.jpg?w=564&amp;ssl=1 564w, https:\/\/i0.wp.com\/agrund.com\/wp-content\/uploads\/sites\/6\/2018\/01\/2-12.jpg?resize=150%2C150&amp;ssl=1 150w, https:\/\/i0.wp.com\/agrund.com\/wp-content\/uploads\/sites\/6\/2018\/01\/2-12.jpg?resize=300%2C300&amp;ssl=1 300w\" sizes=\"(max-width: 564px) 100vw, 564px\" data-recalc-dims=\"1\" \/><p id=\"caption-attachment-177373\" class=\"wp-caption-text\">Versace lan\u00e7a t\u00eanis em parceria com 2 Chainz<\/p><\/div>\n<p>Fotos: Reprodu\u00e7\u00e3o.<\/p>\n","protected":false},"excerpt":{"rendered":"<p>Durante seu desfile na semana de moda de Mil\u00e3o no \u00faltimo s\u00e1bado (13), a Versace apresentou um t\u00eanis que est\u00e1 dividindo opini\u00f5es. O modelo, resultado da parceria da marca com o rapper 2 Chainz, \u00e9 estampado, colorido e tem um solado em formato de corrente. A marca fugiu dos t\u00eanis minimalistas e apostou nesse modelo [&hellip;]<\/p>\n","protected":false},"author":8,"featured_media":177376,"comment_status":"open","ping_status":"open","sticky":false,"template":"","format":"standard","meta":{"jetpack_post_was_ever_published":false,"_jetpack_newsletter_access":"","jetpack_publicize_message":"","jetpack_is_tweetstorm":false,"jetpack_publicize_feature_enabled":true,"jetpack_social_post_already_shared":true,"jetpack_social_options":{"image_generator_settings":{"template":"highway","enabled":false}}},"categories":[2],"tags":[],"jetpack_publicize_connections":[],"jetpack_featured_media_url":"https:\/\/i0.wp.com\/agrund.com\/wp-content\/uploads\/sites\/6\/2018\/01\/s-30.jpg?fit=960%2C300&ssl=1","jetpack_sharing_enabled":true,"jetpack_shortlink":"https:\/\/wp.me\/p3Hz0n-K8P","jetpack_likes_enabled":true,"_links":{"self":[{"href":"https:\/\/agrund.com\/index.php\/wp-json\/wp\/v2\/posts\/177371"}],"collection":[{"href":"https:\/\/agrund.com\/index.php\/wp-json\/wp\/v2\/posts"}],"about":[{"href":"https:\/\/agrund.com\/index.php\/wp-json\/wp\/v2\/types\/post"}],"author":[{"embeddable":true,"href":"https:\/\/agrund.com\/index.php\/wp-json\/wp\/v2\/users\/8"}],"replies":[{"embeddable":true,"href":"https:\/\/agrund.com\/index.php\/wp-json\/wp\/v2\/comments?post=177371"}],"version-history":[{"count":0,"href":"https:\/\/agrund.com\/index.php\/wp-json\/wp\/v2\/posts\/177371\/revisions"}],"wp:featuredmedia":[{"embeddable":true,"href":"https:\/\/agrund.com\/index.php\/wp-json\/wp\/v2\/media\/177376"}],"wp:attachment":[{"href":"https:\/\/agrund.com\/index.php\/wp-json\/wp\/v2\/media?parent=177371"}],"wp:term":[{"taxonomy":"category","embeddable":true,"href":"https:\/\/agrund.com\/index.php\/wp-json\/wp\/v2\/categories?post=177371"},{"taxonomy":"post_tag","embeddable":true,"href":"https:\/\/agrund.com\/index.php\/wp-json\/wp\/v2\/tags?post=177371"}],"curies":[{"name":"wp","href":"https:\/\/api.w.org\/{rel}","templated":true}]}}