{"id":177328,"date":"2018-01-15T15:00:24","date_gmt":"2018-01-15T17:00:24","guid":{"rendered":"http:\/\/www.agrund.com\/?p=177328"},"modified":"2018-01-15T13:34:10","modified_gmt":"2018-01-15T15:34:10","slug":"vera-wang-e-laduree-lancam-parceria-gastronomica","status":"publish","type":"post","link":"https:\/\/agrund.com\/index.php\/vera-wang-e-laduree-lancam-parceria-gastronomica\/","title":{"rendered":"Vera Wang e Ladur\u00e9e lan\u00e7am parceria gastron\u00f4mica"},"content":{"rendered":"<p>\u00c9 isso mesmo que voc\u00ea leu no t\u00edtulo. Vera Wang decidiu criar n\u00e3o s\u00f3 vestidos de noiva, mas tamb\u00e9m parte da gastronomia do casamento. A estilista acaba de apresentar uma linha de bolos e macarons em parceria com a Ladur\u00e9e.<\/p>\n<p>O bolo \u00e9 de coco com recheio de manga, e os macarons de chantilly de coco. E voc\u00ea ainda pode encomendar uma vers\u00e3o que combina os dois, que \u00e9 o bolo de macarons.<\/p>\n<p>\u201cA \u00fanica diferen\u00e7a entre a decora\u00e7\u00e3o dos doces e de um vestido \u00e9 que est\u00e1vamos lidando com sabores e texturas no lugar de tecidos e acabamentos\u201c, explicou a estilista, que levou seu ic\u00f4nico la\u00e7o preto tamb\u00e9m para o bolo.<\/p>\n<p>Que tal? A partir do dia 26 de janeiro, essas del\u00edcias estar\u00e3o dispon\u00edveis para provar e encomendar nas lojas Ladur\u00e9e de Nova York.<\/p>\n<div id=\"attachment_177332\" style=\"width: 610px\" class=\"wp-caption aligncenter\"><img aria-describedby=\"caption-attachment-177332\" data-attachment-id=\"177332\" data-permalink=\"https:\/\/agrund.com\/index.php\/vera-wang-e-laduree-lancam-parceria-gastronomica\/4-992\/\" data-orig-file=\"https:\/\/i0.wp.com\/agrund.com\/wp-content\/uploads\/sites\/6\/2018\/01\/4-6.jpg?fit=600%2C599&amp;ssl=1\" data-orig-size=\"600,599\" data-comments-opened=\"1\" data-image-meta=\"{&quot;aperture&quot;:&quot;0&quot;,&quot;credit&quot;:&quot;&quot;,&quot;camera&quot;:&quot;&quot;,&quot;caption&quot;:&quot;&quot;,&quot;created_timestamp&quot;:&quot;0&quot;,&quot;copyright&quot;:&quot;&quot;,&quot;focal_length&quot;:&quot;0&quot;,&quot;iso&quot;:&quot;0&quot;,&quot;shutter_speed&quot;:&quot;0&quot;,&quot;title&quot;:&quot;&quot;,&quot;orientation&quot;:&quot;1&quot;}\" data-image-title=\"Vera Wang e Ladur\u00e9e lan\u00e7am parceria gastron\u00f4mica\" data-image-description=\"\" data-image-caption=\"&lt;p&gt;Vera Wang e Ladur\u00e9e lan\u00e7am parceria gastron\u00f4mica&lt;\/p&gt;\n\" data-medium-file=\"https:\/\/i0.wp.com\/agrund.com\/wp-content\/uploads\/sites\/6\/2018\/01\/4-6.jpg?fit=300%2C300&amp;ssl=1\" data-large-file=\"https:\/\/i0.wp.com\/agrund.com\/wp-content\/uploads\/sites\/6\/2018\/01\/4-6.jpg?fit=600%2C599&amp;ssl=1\" decoding=\"async\" loading=\"lazy\" class=\"size-full wp-image-177332\" src=\"https:\/\/i0.wp.com\/www.agrund.com\/wp-content\/uploads\/sites\/6\/2018\/01\/4-6.jpg?resize=600%2C599\" alt=\"\" width=\"600\" height=\"599\" srcset=\"https:\/\/i0.wp.com\/agrund.com\/wp-content\/uploads\/sites\/6\/2018\/01\/4-6.jpg?w=600&amp;ssl=1 600w, https:\/\/i0.wp.com\/agrund.com\/wp-content\/uploads\/sites\/6\/2018\/01\/4-6.jpg?resize=150%2C150&amp;ssl=1 150w, https:\/\/i0.wp.com\/agrund.com\/wp-content\/uploads\/sites\/6\/2018\/01\/4-6.jpg?resize=300%2C300&amp;ssl=1 300w\" sizes=\"(max-width: 600px) 100vw, 600px\" data-recalc-dims=\"1\" \/><p id=\"caption-attachment-177332\" class=\"wp-caption-text\">Vera Wang e Ladur\u00e9e lan\u00e7am parceria gastron\u00f4mica<\/p><\/div>\n<div id=\"attachment_177333\" style=\"width: 610px\" class=\"wp-caption aligncenter\"><img aria-describedby=\"caption-attachment-177333\" data-attachment-id=\"177333\" data-permalink=\"https:\/\/agrund.com\/index.php\/vera-wang-e-laduree-lancam-parceria-gastronomica\/5-906\/\" data-orig-file=\"https:\/\/i0.wp.com\/agrund.com\/wp-content\/uploads\/sites\/6\/2018\/01\/5-3.jpg?fit=600%2C601&amp;ssl=1\" data-orig-size=\"600,601\" data-comments-opened=\"1\" data-image-meta=\"{&quot;aperture&quot;:&quot;0&quot;,&quot;credit&quot;:&quot;&quot;,&quot;camera&quot;:&quot;&quot;,&quot;caption&quot;:&quot;&quot;,&quot;created_timestamp&quot;:&quot;0&quot;,&quot;copyright&quot;:&quot;&quot;,&quot;focal_length&quot;:&quot;0&quot;,&quot;iso&quot;:&quot;0&quot;,&quot;shutter_speed&quot;:&quot;0&quot;,&quot;title&quot;:&quot;&quot;,&quot;orientation&quot;:&quot;1&quot;}\" data-image-title=\"Vera Wang e Ladur\u00e9e lan\u00e7am parceria gastron\u00f4mica\" data-image-description=\"\" data-image-caption=\"&lt;p&gt;Vera Wang e Ladur\u00e9e lan\u00e7am parceria gastron\u00f4mica&lt;\/p&gt;\n\" data-medium-file=\"https:\/\/i0.wp.com\/agrund.com\/wp-content\/uploads\/sites\/6\/2018\/01\/5-3.jpg?fit=300%2C300&amp;ssl=1\" data-large-file=\"https:\/\/i0.wp.com\/agrund.com\/wp-content\/uploads\/sites\/6\/2018\/01\/5-3.jpg?fit=600%2C601&amp;ssl=1\" decoding=\"async\" loading=\"lazy\" class=\"size-full wp-image-177333\" src=\"https:\/\/i0.wp.com\/www.agrund.com\/wp-content\/uploads\/sites\/6\/2018\/01\/5-3.jpg?resize=600%2C601\" alt=\"\" width=\"600\" height=\"601\" srcset=\"https:\/\/i0.wp.com\/agrund.com\/wp-content\/uploads\/sites\/6\/2018\/01\/5-3.jpg?w=600&amp;ssl=1 600w, https:\/\/i0.wp.com\/agrund.com\/wp-content\/uploads\/sites\/6\/2018\/01\/5-3.jpg?resize=150%2C150&amp;ssl=1 150w, https:\/\/i0.wp.com\/agrund.com\/wp-content\/uploads\/sites\/6\/2018\/01\/5-3.jpg?resize=300%2C300&amp;ssl=1 300w\" sizes=\"(max-width: 600px) 100vw, 600px\" data-recalc-dims=\"1\" \/><p id=\"caption-attachment-177333\" class=\"wp-caption-text\">Vera Wang e Ladur\u00e9e lan\u00e7am parceria gastron\u00f4mica<\/p><\/div>\n<div id=\"attachment_177330\" style=\"width: 610px\" class=\"wp-caption aligncenter\"><img aria-describedby=\"caption-attachment-177330\" data-attachment-id=\"177330\" data-permalink=\"https:\/\/agrund.com\/index.php\/vera-wang-e-laduree-lancam-parceria-gastronomica\/2-1145\/\" data-orig-file=\"https:\/\/i0.wp.com\/agrund.com\/wp-content\/uploads\/sites\/6\/2018\/01\/2-9.jpg?fit=600%2C396&amp;ssl=1\" data-orig-size=\"600,396\" data-comments-opened=\"1\" data-image-meta=\"{&quot;aperture&quot;:&quot;0&quot;,&quot;credit&quot;:&quot;&quot;,&quot;camera&quot;:&quot;&quot;,&quot;caption&quot;:&quot;&quot;,&quot;created_timestamp&quot;:&quot;0&quot;,&quot;copyright&quot;:&quot;&quot;,&quot;focal_length&quot;:&quot;0&quot;,&quot;iso&quot;:&quot;0&quot;,&quot;shutter_speed&quot;:&quot;0&quot;,&quot;title&quot;:&quot;&quot;,&quot;orientation&quot;:&quot;1&quot;}\" data-image-title=\"Vera Wang e Ladur\u00e9e lan\u00e7am parceria gastron\u00f4mica\" data-image-description=\"\" data-image-caption=\"&lt;p&gt;Vera Wang e Ladur\u00e9e lan\u00e7am parceria gastron\u00f4mica&lt;\/p&gt;\n\" data-medium-file=\"https:\/\/i0.wp.com\/agrund.com\/wp-content\/uploads\/sites\/6\/2018\/01\/2-9.jpg?fit=300%2C198&amp;ssl=1\" data-large-file=\"https:\/\/i0.wp.com\/agrund.com\/wp-content\/uploads\/sites\/6\/2018\/01\/2-9.jpg?fit=600%2C396&amp;ssl=1\" decoding=\"async\" loading=\"lazy\" class=\"size-full wp-image-177330\" src=\"https:\/\/i0.wp.com\/www.agrund.com\/wp-content\/uploads\/sites\/6\/2018\/01\/2-9.jpg?resize=600%2C396\" alt=\"\" width=\"600\" height=\"396\" srcset=\"https:\/\/i0.wp.com\/agrund.com\/wp-content\/uploads\/sites\/6\/2018\/01\/2-9.jpg?w=600&amp;ssl=1 600w, https:\/\/i0.wp.com\/agrund.com\/wp-content\/uploads\/sites\/6\/2018\/01\/2-9.jpg?resize=300%2C198&amp;ssl=1 300w\" sizes=\"(max-width: 600px) 100vw, 600px\" data-recalc-dims=\"1\" \/><p id=\"caption-attachment-177330\" class=\"wp-caption-text\">Vera Wang e Ladur\u00e9e lan\u00e7am parceria gastron\u00f4mica<\/p><\/div>\n<div id=\"attachment_177329\" style=\"width: 610px\" class=\"wp-caption aligncenter\"><img aria-describedby=\"caption-attachment-177329\" data-attachment-id=\"177329\" data-permalink=\"https:\/\/agrund.com\/index.php\/vera-wang-e-laduree-lancam-parceria-gastronomica\/1-1199\/\" data-orig-file=\"https:\/\/i0.wp.com\/agrund.com\/wp-content\/uploads\/sites\/6\/2018\/01\/1-9.jpg?fit=600%2C399&amp;ssl=1\" data-orig-size=\"600,399\" data-comments-opened=\"1\" data-image-meta=\"{&quot;aperture&quot;:&quot;0&quot;,&quot;credit&quot;:&quot;&quot;,&quot;camera&quot;:&quot;&quot;,&quot;caption&quot;:&quot;&quot;,&quot;created_timestamp&quot;:&quot;0&quot;,&quot;copyright&quot;:&quot;&quot;,&quot;focal_length&quot;:&quot;0&quot;,&quot;iso&quot;:&quot;0&quot;,&quot;shutter_speed&quot;:&quot;0&quot;,&quot;title&quot;:&quot;&quot;,&quot;orientation&quot;:&quot;1&quot;}\" data-image-title=\"Vera Wang e Ladur\u00e9e lan\u00e7am parceria gastron\u00f4mica\" data-image-description=\"\" data-image-caption=\"&lt;p&gt;Vera Wang e Ladur\u00e9e lan\u00e7am parceria gastron\u00f4mica&lt;\/p&gt;\n\" data-medium-file=\"https:\/\/i0.wp.com\/agrund.com\/wp-content\/uploads\/sites\/6\/2018\/01\/1-9.jpg?fit=300%2C200&amp;ssl=1\" data-large-file=\"https:\/\/i0.wp.com\/agrund.com\/wp-content\/uploads\/sites\/6\/2018\/01\/1-9.jpg?fit=600%2C399&amp;ssl=1\" decoding=\"async\" loading=\"lazy\" class=\"size-full wp-image-177329\" src=\"https:\/\/i0.wp.com\/www.agrund.com\/wp-content\/uploads\/sites\/6\/2018\/01\/1-9.jpg?resize=600%2C399\" alt=\"\" width=\"600\" height=\"399\" srcset=\"https:\/\/i0.wp.com\/agrund.com\/wp-content\/uploads\/sites\/6\/2018\/01\/1-9.jpg?w=600&amp;ssl=1 600w, https:\/\/i0.wp.com\/agrund.com\/wp-content\/uploads\/sites\/6\/2018\/01\/1-9.jpg?resize=300%2C200&amp;ssl=1 300w\" sizes=\"(max-width: 600px) 100vw, 600px\" data-recalc-dims=\"1\" \/><p id=\"caption-attachment-177329\" class=\"wp-caption-text\">Vera Wang e Ladur\u00e9e lan\u00e7am parceria gastron\u00f4mica<\/p><\/div>\n<div id=\"attachment_177331\" style=\"width: 610px\" class=\"wp-caption aligncenter\"><img aria-describedby=\"caption-attachment-177331\" data-attachment-id=\"177331\" data-permalink=\"https:\/\/agrund.com\/index.php\/vera-wang-e-laduree-lancam-parceria-gastronomica\/3-1068\/\" data-orig-file=\"https:\/\/i0.wp.com\/agrund.com\/wp-content\/uploads\/sites\/6\/2018\/01\/3-8.jpg?fit=600%2C398&amp;ssl=1\" data-orig-size=\"600,398\" data-comments-opened=\"1\" data-image-meta=\"{&quot;aperture&quot;:&quot;0&quot;,&quot;credit&quot;:&quot;&quot;,&quot;camera&quot;:&quot;&quot;,&quot;caption&quot;:&quot;&quot;,&quot;created_timestamp&quot;:&quot;0&quot;,&quot;copyright&quot;:&quot;&quot;,&quot;focal_length&quot;:&quot;0&quot;,&quot;iso&quot;:&quot;0&quot;,&quot;shutter_speed&quot;:&quot;0&quot;,&quot;title&quot;:&quot;&quot;,&quot;orientation&quot;:&quot;1&quot;}\" data-image-title=\"Vera Wang e Ladur\u00e9e lan\u00e7am parceria gastron\u00f4mica\" data-image-description=\"\" data-image-caption=\"&lt;p&gt;Vera Wang e Ladur\u00e9e lan\u00e7am parceria gastron\u00f4mica&lt;\/p&gt;\n\" data-medium-file=\"https:\/\/i0.wp.com\/agrund.com\/wp-content\/uploads\/sites\/6\/2018\/01\/3-8.jpg?fit=300%2C199&amp;ssl=1\" data-large-file=\"https:\/\/i0.wp.com\/agrund.com\/wp-content\/uploads\/sites\/6\/2018\/01\/3-8.jpg?fit=600%2C398&amp;ssl=1\" decoding=\"async\" loading=\"lazy\" class=\"size-full wp-image-177331\" src=\"https:\/\/i0.wp.com\/www.agrund.com\/wp-content\/uploads\/sites\/6\/2018\/01\/3-8.jpg?resize=600%2C398\" alt=\"\" width=\"600\" height=\"398\" srcset=\"https:\/\/i0.wp.com\/agrund.com\/wp-content\/uploads\/sites\/6\/2018\/01\/3-8.jpg?w=600&amp;ssl=1 600w, https:\/\/i0.wp.com\/agrund.com\/wp-content\/uploads\/sites\/6\/2018\/01\/3-8.jpg?resize=300%2C199&amp;ssl=1 300w\" sizes=\"(max-width: 600px) 100vw, 600px\" data-recalc-dims=\"1\" \/><p id=\"caption-attachment-177331\" class=\"wp-caption-text\">Vera Wang e Ladur\u00e9e lan\u00e7am parceria gastron\u00f4mica<\/p><\/div>\n<p>Fotos: Reprodu\u00e7\u00e3o.<\/p>\n","protected":false},"excerpt":{"rendered":"<p>\u00c9 isso mesmo que voc\u00ea leu no t\u00edtulo. Vera Wang decidiu criar n\u00e3o s\u00f3 vestidos de noiva, mas tamb\u00e9m parte da gastronomia do casamento. A estilista acaba de apresentar uma linha de bolos e macarons em parceria com a Ladur\u00e9e. O bolo \u00e9 de coco com recheio de manga, e os macarons de chantilly de [&hellip;]<\/p>\n","protected":false},"author":8,"featured_media":177334,"comment_status":"open","ping_status":"open","sticky":false,"template":"","format":"standard","meta":{"jetpack_post_was_ever_published":false,"_jetpack_newsletter_access":"","jetpack_publicize_message":"","jetpack_is_tweetstorm":false,"jetpack_publicize_feature_enabled":true,"jetpack_social_post_already_shared":true,"jetpack_social_options":{"image_generator_settings":{"template":"highway","enabled":false}}},"categories":[2],"tags":[],"jetpack_publicize_connections":[],"jetpack_featured_media_url":"https:\/\/i0.wp.com\/agrund.com\/wp-content\/uploads\/sites\/6\/2018\/01\/s-26.jpg?fit=960%2C300&ssl=1","jetpack_sharing_enabled":true,"jetpack_shortlink":"https:\/\/wp.me\/p3Hz0n-K88","jetpack_likes_enabled":true,"_links":{"self":[{"href":"https:\/\/agrund.com\/index.php\/wp-json\/wp\/v2\/posts\/177328"}],"collection":[{"href":"https:\/\/agrund.com\/index.php\/wp-json\/wp\/v2\/posts"}],"about":[{"href":"https:\/\/agrund.com\/index.php\/wp-json\/wp\/v2\/types\/post"}],"author":[{"embeddable":true,"href":"https:\/\/agrund.com\/index.php\/wp-json\/wp\/v2\/users\/8"}],"replies":[{"embeddable":true,"href":"https:\/\/agrund.com\/index.php\/wp-json\/wp\/v2\/comments?post=177328"}],"version-history":[{"count":0,"href":"https:\/\/agrund.com\/index.php\/wp-json\/wp\/v2\/posts\/177328\/revisions"}],"wp:featuredmedia":[{"embeddable":true,"href":"https:\/\/agrund.com\/index.php\/wp-json\/wp\/v2\/media\/177334"}],"wp:attachment":[{"href":"https:\/\/agrund.com\/index.php\/wp-json\/wp\/v2\/media?parent=177328"}],"wp:term":[{"taxonomy":"category","embeddable":true,"href":"https:\/\/agrund.com\/index.php\/wp-json\/wp\/v2\/categories?post=177328"},{"taxonomy":"post_tag","embeddable":true,"href":"https:\/\/agrund.com\/index.php\/wp-json\/wp\/v2\/tags?post=177328"}],"curies":[{"name":"wp","href":"https:\/\/api.w.org\/{rel}","templated":true}]}}