{"id":177285,"date":"2018-01-12T17:00:13","date_gmt":"2018-01-12T19:00:13","guid":{"rendered":"http:\/\/www.agrund.com\/?p=177285"},"modified":"2018-01-12T12:00:23","modified_gmt":"2018-01-12T14:00:23","slug":"cores-na-maquiagem-da-estacao","status":"publish","type":"post","link":"https:\/\/agrund.com\/index.php\/cores-na-maquiagem-da-estacao\/","title":{"rendered":"Cores na maquiagem da esta\u00e7\u00e3o!"},"content":{"rendered":"<p>Por <a href=\"https:\/\/www.instagram.com\/annaleemua\/\">Anna Lee<\/a>, de Los Angeles<\/p>\n<p>A cor do ano de 2018 pode at\u00e9 ser ultra violet, mas como usar isso no dia a dia? Complicado, n\u00e9? Eu usaria qualquer roxo ou lil\u00e1s no batom! Ou iluminador&#8230;<\/p>\n<p>Mas se \u00e9 pra pensar nos olhos e bochechas, nada melhor que os pr\u00f3ximos lan\u00e7amentos da MAC, em parceria com Jeremy Scott, ou NARS! O que acham?<\/p>\n<div id=\"attachment_177291\" style=\"width: 610px\" class=\"wp-caption aligncenter\"><img aria-describedby=\"caption-attachment-177291\" data-attachment-id=\"177291\" data-permalink=\"https:\/\/agrund.com\/index.php\/cores-na-maquiagem-da-estacao\/unnamed-139\/\" data-orig-file=\"https:\/\/i0.wp.com\/agrund.com\/wp-content\/uploads\/sites\/6\/2018\/01\/unnamed.jpg?fit=600%2C647&amp;ssl=1\" data-orig-size=\"600,647\" data-comments-opened=\"1\" data-image-meta=\"{&quot;aperture&quot;:&quot;0&quot;,&quot;credit&quot;:&quot;&quot;,&quot;camera&quot;:&quot;&quot;,&quot;caption&quot;:&quot;&quot;,&quot;created_timestamp&quot;:&quot;0&quot;,&quot;copyright&quot;:&quot;&quot;,&quot;focal_length&quot;:&quot;0&quot;,&quot;iso&quot;:&quot;0&quot;,&quot;shutter_speed&quot;:&quot;0&quot;,&quot;title&quot;:&quot;&quot;,&quot;orientation&quot;:&quot;1&quot;}\" data-image-title=\"Cores na maquiagem da esta\u00e7\u00e3o!\" data-image-description=\"\" data-image-caption=\"&lt;p&gt;Cores na maquiagem da esta\u00e7\u00e3o!&lt;\/p&gt;\n\" data-medium-file=\"https:\/\/i0.wp.com\/agrund.com\/wp-content\/uploads\/sites\/6\/2018\/01\/unnamed.jpg?fit=278%2C300&amp;ssl=1\" data-large-file=\"https:\/\/i0.wp.com\/agrund.com\/wp-content\/uploads\/sites\/6\/2018\/01\/unnamed.jpg?fit=600%2C647&amp;ssl=1\" decoding=\"async\" loading=\"lazy\" class=\"size-full wp-image-177291\" src=\"https:\/\/i0.wp.com\/www.agrund.com\/wp-content\/uploads\/sites\/6\/2018\/01\/unnamed.jpg?resize=600%2C647\" alt=\"\" width=\"600\" height=\"647\" srcset=\"https:\/\/i0.wp.com\/agrund.com\/wp-content\/uploads\/sites\/6\/2018\/01\/unnamed.jpg?w=600&amp;ssl=1 600w, https:\/\/i0.wp.com\/agrund.com\/wp-content\/uploads\/sites\/6\/2018\/01\/unnamed.jpg?resize=278%2C300&amp;ssl=1 278w\" sizes=\"(max-width: 600px) 100vw, 600px\" data-recalc-dims=\"1\" \/><p id=\"caption-attachment-177291\" class=\"wp-caption-text\">Cores na maquiagem da esta\u00e7\u00e3o!<\/p><\/div>\n<div id=\"attachment_177289\" style=\"width: 610px\" class=\"wp-caption aligncenter\"><img aria-describedby=\"caption-attachment-177289\" data-attachment-id=\"177289\" data-permalink=\"https:\/\/agrund.com\/index.php\/cores-na-maquiagem-da-estacao\/unnamed-3-33\/\" data-orig-file=\"https:\/\/i0.wp.com\/agrund.com\/wp-content\/uploads\/sites\/6\/2018\/01\/unnamed-3.jpg?fit=600%2C598&amp;ssl=1\" data-orig-size=\"600,598\" data-comments-opened=\"1\" data-image-meta=\"{&quot;aperture&quot;:&quot;0&quot;,&quot;credit&quot;:&quot;&quot;,&quot;camera&quot;:&quot;&quot;,&quot;caption&quot;:&quot;&quot;,&quot;created_timestamp&quot;:&quot;0&quot;,&quot;copyright&quot;:&quot;&quot;,&quot;focal_length&quot;:&quot;0&quot;,&quot;iso&quot;:&quot;0&quot;,&quot;shutter_speed&quot;:&quot;0&quot;,&quot;title&quot;:&quot;&quot;,&quot;orientation&quot;:&quot;1&quot;}\" data-image-title=\"Cores na maquiagem da esta\u00e7\u00e3o!\" data-image-description=\"\" data-image-caption=\"&lt;p&gt;Cores na maquiagem da esta\u00e7\u00e3o!&lt;\/p&gt;\n\" data-medium-file=\"https:\/\/i0.wp.com\/agrund.com\/wp-content\/uploads\/sites\/6\/2018\/01\/unnamed-3.jpg?fit=300%2C300&amp;ssl=1\" data-large-file=\"https:\/\/i0.wp.com\/agrund.com\/wp-content\/uploads\/sites\/6\/2018\/01\/unnamed-3.jpg?fit=600%2C598&amp;ssl=1\" decoding=\"async\" loading=\"lazy\" class=\"size-full wp-image-177289\" src=\"https:\/\/i0.wp.com\/www.agrund.com\/wp-content\/uploads\/sites\/6\/2018\/01\/unnamed-3.jpg?resize=600%2C598\" alt=\"\" width=\"600\" height=\"598\" srcset=\"https:\/\/i0.wp.com\/agrund.com\/wp-content\/uploads\/sites\/6\/2018\/01\/unnamed-3.jpg?w=600&amp;ssl=1 600w, https:\/\/i0.wp.com\/agrund.com\/wp-content\/uploads\/sites\/6\/2018\/01\/unnamed-3.jpg?resize=150%2C150&amp;ssl=1 150w, https:\/\/i0.wp.com\/agrund.com\/wp-content\/uploads\/sites\/6\/2018\/01\/unnamed-3.jpg?resize=300%2C300&amp;ssl=1 300w\" sizes=\"(max-width: 600px) 100vw, 600px\" data-recalc-dims=\"1\" \/><p id=\"caption-attachment-177289\" class=\"wp-caption-text\">Cores na maquiagem da esta\u00e7\u00e3o!<\/p><\/div>\n<div id=\"attachment_177288\" style=\"width: 610px\" class=\"wp-caption aligncenter\"><img aria-describedby=\"caption-attachment-177288\" data-attachment-id=\"177288\" data-permalink=\"https:\/\/agrund.com\/index.php\/cores-na-maquiagem-da-estacao\/unnamed-2-45\/\" data-orig-file=\"https:\/\/i0.wp.com\/agrund.com\/wp-content\/uploads\/sites\/6\/2018\/01\/unnamed-2.jpg?fit=600%2C601&amp;ssl=1\" data-orig-size=\"600,601\" data-comments-opened=\"1\" data-image-meta=\"{&quot;aperture&quot;:&quot;0&quot;,&quot;credit&quot;:&quot;&quot;,&quot;camera&quot;:&quot;&quot;,&quot;caption&quot;:&quot;&quot;,&quot;created_timestamp&quot;:&quot;0&quot;,&quot;copyright&quot;:&quot;&quot;,&quot;focal_length&quot;:&quot;0&quot;,&quot;iso&quot;:&quot;0&quot;,&quot;shutter_speed&quot;:&quot;0&quot;,&quot;title&quot;:&quot;&quot;,&quot;orientation&quot;:&quot;1&quot;}\" data-image-title=\"Cores na maquiagem da esta\u00e7\u00e3o!\" data-image-description=\"\" data-image-caption=\"&lt;p&gt;Cores na maquiagem da esta\u00e7\u00e3o!&lt;\/p&gt;\n\" data-medium-file=\"https:\/\/i0.wp.com\/agrund.com\/wp-content\/uploads\/sites\/6\/2018\/01\/unnamed-2.jpg?fit=300%2C300&amp;ssl=1\" data-large-file=\"https:\/\/i0.wp.com\/agrund.com\/wp-content\/uploads\/sites\/6\/2018\/01\/unnamed-2.jpg?fit=600%2C601&amp;ssl=1\" decoding=\"async\" loading=\"lazy\" class=\"size-full wp-image-177288\" src=\"https:\/\/i0.wp.com\/www.agrund.com\/wp-content\/uploads\/sites\/6\/2018\/01\/unnamed-2.jpg?resize=600%2C601\" alt=\"\" width=\"600\" height=\"601\" srcset=\"https:\/\/i0.wp.com\/agrund.com\/wp-content\/uploads\/sites\/6\/2018\/01\/unnamed-2.jpg?w=600&amp;ssl=1 600w, https:\/\/i0.wp.com\/agrund.com\/wp-content\/uploads\/sites\/6\/2018\/01\/unnamed-2.jpg?resize=150%2C150&amp;ssl=1 150w, https:\/\/i0.wp.com\/agrund.com\/wp-content\/uploads\/sites\/6\/2018\/01\/unnamed-2.jpg?resize=300%2C300&amp;ssl=1 300w\" sizes=\"(max-width: 600px) 100vw, 600px\" data-recalc-dims=\"1\" \/><p id=\"caption-attachment-177288\" class=\"wp-caption-text\">Cores na maquiagem da esta\u00e7\u00e3o!<\/p><\/div>\n<div id=\"attachment_177290\" style=\"width: 610px\" class=\"wp-caption aligncenter\"><img aria-describedby=\"caption-attachment-177290\" data-attachment-id=\"177290\" data-permalink=\"https:\/\/agrund.com\/index.php\/cores-na-maquiagem-da-estacao\/unnamed-4-18\/\" data-orig-file=\"https:\/\/i0.wp.com\/agrund.com\/wp-content\/uploads\/sites\/6\/2018\/01\/unnamed-4.jpg?fit=600%2C596&amp;ssl=1\" data-orig-size=\"600,596\" data-comments-opened=\"1\" data-image-meta=\"{&quot;aperture&quot;:&quot;0&quot;,&quot;credit&quot;:&quot;&quot;,&quot;camera&quot;:&quot;&quot;,&quot;caption&quot;:&quot;&quot;,&quot;created_timestamp&quot;:&quot;0&quot;,&quot;copyright&quot;:&quot;&quot;,&quot;focal_length&quot;:&quot;0&quot;,&quot;iso&quot;:&quot;0&quot;,&quot;shutter_speed&quot;:&quot;0&quot;,&quot;title&quot;:&quot;&quot;,&quot;orientation&quot;:&quot;1&quot;}\" data-image-title=\"Cores na maquiagem da esta\u00e7\u00e3o!\" data-image-description=\"\" data-image-caption=\"&lt;p&gt;Cores na maquiagem da esta\u00e7\u00e3o!&lt;\/p&gt;\n\" data-medium-file=\"https:\/\/i0.wp.com\/agrund.com\/wp-content\/uploads\/sites\/6\/2018\/01\/unnamed-4.jpg?fit=300%2C298&amp;ssl=1\" data-large-file=\"https:\/\/i0.wp.com\/agrund.com\/wp-content\/uploads\/sites\/6\/2018\/01\/unnamed-4.jpg?fit=600%2C596&amp;ssl=1\" decoding=\"async\" loading=\"lazy\" class=\"size-full wp-image-177290\" src=\"https:\/\/i0.wp.com\/www.agrund.com\/wp-content\/uploads\/sites\/6\/2018\/01\/unnamed-4.jpg?resize=600%2C596\" alt=\"\" width=\"600\" height=\"596\" srcset=\"https:\/\/i0.wp.com\/agrund.com\/wp-content\/uploads\/sites\/6\/2018\/01\/unnamed-4.jpg?w=600&amp;ssl=1 600w, https:\/\/i0.wp.com\/agrund.com\/wp-content\/uploads\/sites\/6\/2018\/01\/unnamed-4.jpg?resize=150%2C150&amp;ssl=1 150w, https:\/\/i0.wp.com\/agrund.com\/wp-content\/uploads\/sites\/6\/2018\/01\/unnamed-4.jpg?resize=300%2C298&amp;ssl=1 300w\" sizes=\"(max-width: 600px) 100vw, 600px\" data-recalc-dims=\"1\" \/><p id=\"caption-attachment-177290\" class=\"wp-caption-text\">Cores na maquiagem da esta\u00e7\u00e3o!<\/p><\/div>\n<p>Fotos: Reprodu\u00e7\u00e3o.<\/p>\n","protected":false},"excerpt":{"rendered":"<p>Por Anna Lee, de Los Angeles A cor do ano de 2018 pode at\u00e9 ser ultra violet, mas como usar isso no dia a dia? Complicado, n\u00e9? Eu usaria qualquer roxo ou lil\u00e1s no batom! Ou iluminador&#8230; Mas se \u00e9 pra pensar nos olhos e bochechas, nada melhor que os pr\u00f3ximos lan\u00e7amentos da MAC, em [&hellip;]<\/p>\n","protected":false},"author":8,"featured_media":177286,"comment_status":"open","ping_status":"open","sticky":false,"template":"","format":"standard","meta":{"jetpack_post_was_ever_published":false,"_jetpack_newsletter_access":"","jetpack_publicize_message":"","jetpack_is_tweetstorm":false,"jetpack_publicize_feature_enabled":true,"jetpack_social_post_already_shared":true,"jetpack_social_options":{"image_generator_settings":{"template":"highway","enabled":false}}},"categories":[2],"tags":[],"jetpack_publicize_connections":[],"jetpack_featured_media_url":"https:\/\/i0.wp.com\/agrund.com\/wp-content\/uploads\/sites\/6\/2018\/01\/S.jpg?fit=960%2C300&ssl=1","jetpack_sharing_enabled":true,"jetpack_shortlink":"https:\/\/wp.me\/p3Hz0n-K7r","jetpack_likes_enabled":true,"_links":{"self":[{"href":"https:\/\/agrund.com\/index.php\/wp-json\/wp\/v2\/posts\/177285"}],"collection":[{"href":"https:\/\/agrund.com\/index.php\/wp-json\/wp\/v2\/posts"}],"about":[{"href":"https:\/\/agrund.com\/index.php\/wp-json\/wp\/v2\/types\/post"}],"author":[{"embeddable":true,"href":"https:\/\/agrund.com\/index.php\/wp-json\/wp\/v2\/users\/8"}],"replies":[{"embeddable":true,"href":"https:\/\/agrund.com\/index.php\/wp-json\/wp\/v2\/comments?post=177285"}],"version-history":[{"count":0,"href":"https:\/\/agrund.com\/index.php\/wp-json\/wp\/v2\/posts\/177285\/revisions"}],"wp:featuredmedia":[{"embeddable":true,"href":"https:\/\/agrund.com\/index.php\/wp-json\/wp\/v2\/media\/177286"}],"wp:attachment":[{"href":"https:\/\/agrund.com\/index.php\/wp-json\/wp\/v2\/media?parent=177285"}],"wp:term":[{"taxonomy":"category","embeddable":true,"href":"https:\/\/agrund.com\/index.php\/wp-json\/wp\/v2\/categories?post=177285"},{"taxonomy":"post_tag","embeddable":true,"href":"https:\/\/agrund.com\/index.php\/wp-json\/wp\/v2\/tags?post=177285"}],"curies":[{"name":"wp","href":"https:\/\/api.w.org\/{rel}","templated":true}]}}