{"id":177278,"date":"2018-01-12T15:00:39","date_gmt":"2018-01-12T17:00:39","guid":{"rendered":"http:\/\/www.agrund.com\/?p=177278"},"modified":"2018-01-12T11:33:32","modified_gmt":"2018-01-12T13:33:32","slug":"video-rita-ora-estrela-campanha-de-beleza","status":"publish","type":"post","link":"https:\/\/agrund.com\/index.php\/video-rita-ora-estrela-campanha-de-beleza\/","title":{"rendered":"V\u00eddeo :: Rita Ora estrela campanha de beleza"},"content":{"rendered":"<p>A Rimmel London convocou Rita Ora para estrelar mais uma de suas campanhas. Desta vez, a cantora apresenta os batons \u2018Stay Matte Liquid Lipstick\u2019 e o r\u00edmel \u2018WonderFully Real Mascara\u2019.<\/p>\n<p>Nos cliques, Rita aparece glamurosa com makes dram\u00e1ticas. Al\u00e9m da campanha impressa, ela tamb\u00e9m estrela um v\u00eddeo, onde aparece se produzindo para um show. Aperte o play:<\/p>\n<span class=\"embed-youtube\" style=\"text-align:center; display: block;\"><iframe class=\"youtube-player\" width=\"560\" height=\"315\" src=\"https:\/\/www.youtube.com\/embed\/07rLUZZWJQc?version=3&#038;rel=1&#038;showsearch=0&#038;showinfo=1&#038;iv_load_policy=1&#038;fs=1&#038;hl=pt-BR&#038;autohide=2&#038;wmode=transparent\" allowfullscreen=\"true\" style=\"border:0;\" sandbox=\"allow-scripts allow-same-origin allow-popups allow-presentation\"><\/iframe><\/span>\n<div id=\"attachment_177279\" style=\"width: 610px\" class=\"wp-caption aligncenter\"><img aria-describedby=\"caption-attachment-177279\" data-attachment-id=\"177279\" data-permalink=\"https:\/\/agrund.com\/index.php\/video-rita-ora-estrela-campanha-de-beleza\/rita-ora-rimmel-matte-liquid-lipstick-campaign01\/\" data-orig-file=\"https:\/\/i0.wp.com\/agrund.com\/wp-content\/uploads\/sites\/6\/2018\/01\/Rita-Ora-Rimmel-Matte-Liquid-Lipstick-Campaign01-e1515763858492.jpg?fit=600%2C770&amp;ssl=1\" data-orig-size=\"600,770\" data-comments-opened=\"1\" data-image-meta=\"{&quot;aperture&quot;:&quot;0&quot;,&quot;credit&quot;:&quot;&quot;,&quot;camera&quot;:&quot;&quot;,&quot;caption&quot;:&quot;&quot;,&quot;created_timestamp&quot;:&quot;0&quot;,&quot;copyright&quot;:&quot;&quot;,&quot;focal_length&quot;:&quot;0&quot;,&quot;iso&quot;:&quot;0&quot;,&quot;shutter_speed&quot;:&quot;0&quot;,&quot;title&quot;:&quot;&quot;,&quot;orientation&quot;:&quot;1&quot;}\" data-image-title=\"V\u00eddeo :: Rita Ora estrela campanha de beleza\" data-image-description=\"\" data-image-caption=\"&lt;p&gt;V\u00eddeo :: Rita Ora estrela campanha de beleza&lt;\/p&gt;\n\" data-medium-file=\"https:\/\/i0.wp.com\/agrund.com\/wp-content\/uploads\/sites\/6\/2018\/01\/Rita-Ora-Rimmel-Matte-Liquid-Lipstick-Campaign01-e1515763858492.jpg?fit=234%2C300&amp;ssl=1\" data-large-file=\"https:\/\/i0.wp.com\/agrund.com\/wp-content\/uploads\/sites\/6\/2018\/01\/Rita-Ora-Rimmel-Matte-Liquid-Lipstick-Campaign01-e1515763858492.jpg?fit=798%2C1024&amp;ssl=1\" decoding=\"async\" loading=\"lazy\" class=\"size-full wp-image-177279\" src=\"https:\/\/i0.wp.com\/www.agrund.com\/wp-content\/uploads\/sites\/6\/2018\/01\/Rita-Ora-Rimmel-Matte-Liquid-Lipstick-Campaign01-e1515763858492.jpg?resize=600%2C770\" alt=\"\" width=\"600\" height=\"770\" data-recalc-dims=\"1\" \/><p id=\"caption-attachment-177279\" class=\"wp-caption-text\">V\u00eddeo :: Rita Ora estrela campanha de beleza<\/p><\/div>\n<div id=\"attachment_177280\" style=\"width: 610px\" class=\"wp-caption aligncenter\"><img aria-describedby=\"caption-attachment-177280\" data-attachment-id=\"177280\" data-permalink=\"https:\/\/agrund.com\/index.php\/video-rita-ora-estrela-campanha-de-beleza\/rita-ora-rimmel-matte-liquid-lipstick-campaign02\/\" data-orig-file=\"https:\/\/i0.wp.com\/agrund.com\/wp-content\/uploads\/sites\/6\/2018\/01\/Rita-Ora-Rimmel-Matte-Liquid-Lipstick-Campaign02-e1515763871912.jpg?fit=600%2C845&amp;ssl=1\" data-orig-size=\"600,845\" data-comments-opened=\"1\" data-image-meta=\"{&quot;aperture&quot;:&quot;0&quot;,&quot;credit&quot;:&quot;&quot;,&quot;camera&quot;:&quot;&quot;,&quot;caption&quot;:&quot;&quot;,&quot;created_timestamp&quot;:&quot;0&quot;,&quot;copyright&quot;:&quot;&quot;,&quot;focal_length&quot;:&quot;0&quot;,&quot;iso&quot;:&quot;0&quot;,&quot;shutter_speed&quot;:&quot;0&quot;,&quot;title&quot;:&quot;&quot;,&quot;orientation&quot;:&quot;1&quot;}\" data-image-title=\"V\u00eddeo :: Rita Ora estrela campanha de beleza\" data-image-description=\"\" data-image-caption=\"&lt;p&gt;V\u00eddeo :: Rita Ora estrela campanha de beleza&lt;\/p&gt;\n\" data-medium-file=\"https:\/\/i0.wp.com\/agrund.com\/wp-content\/uploads\/sites\/6\/2018\/01\/Rita-Ora-Rimmel-Matte-Liquid-Lipstick-Campaign02-e1515763871912.jpg?fit=213%2C300&amp;ssl=1\" data-large-file=\"https:\/\/i0.wp.com\/agrund.com\/wp-content\/uploads\/sites\/6\/2018\/01\/Rita-Ora-Rimmel-Matte-Liquid-Lipstick-Campaign02-e1515763871912.jpg?fit=727%2C1024&amp;ssl=1\" decoding=\"async\" loading=\"lazy\" class=\"size-full wp-image-177280\" src=\"https:\/\/i0.wp.com\/www.agrund.com\/wp-content\/uploads\/sites\/6\/2018\/01\/Rita-Ora-Rimmel-Matte-Liquid-Lipstick-Campaign02-e1515763871912.jpg?resize=600%2C845\" alt=\"\" width=\"600\" height=\"845\" data-recalc-dims=\"1\" \/><p id=\"caption-attachment-177280\" class=\"wp-caption-text\">V\u00eddeo :: Rita Ora estrela campanha de beleza<\/p><\/div>\n<div id=\"attachment_177281\" style=\"width: 610px\" class=\"wp-caption aligncenter\"><img aria-describedby=\"caption-attachment-177281\" data-attachment-id=\"177281\" data-permalink=\"https:\/\/agrund.com\/index.php\/video-rita-ora-estrela-campanha-de-beleza\/rita-ora-rimmel-matte-liquid-lipstick-campaign04\/\" data-orig-file=\"https:\/\/i0.wp.com\/agrund.com\/wp-content\/uploads\/sites\/6\/2018\/01\/Rita-Ora-Rimmel-Matte-Liquid-Lipstick-Campaign04-e1515763898213.jpg?fit=600%2C296&amp;ssl=1\" data-orig-size=\"600,296\" data-comments-opened=\"1\" data-image-meta=\"{&quot;aperture&quot;:&quot;0&quot;,&quot;credit&quot;:&quot;&quot;,&quot;camera&quot;:&quot;&quot;,&quot;caption&quot;:&quot;&quot;,&quot;created_timestamp&quot;:&quot;0&quot;,&quot;copyright&quot;:&quot;&quot;,&quot;focal_length&quot;:&quot;0&quot;,&quot;iso&quot;:&quot;0&quot;,&quot;shutter_speed&quot;:&quot;0&quot;,&quot;title&quot;:&quot;&quot;,&quot;orientation&quot;:&quot;1&quot;}\" data-image-title=\"V\u00eddeo :: Rita Ora estrela campanha de beleza\" data-image-description=\"\" data-image-caption=\"&lt;p&gt;V\u00eddeo :: Rita Ora estrela campanha de beleza&lt;\/p&gt;\n\" data-medium-file=\"https:\/\/i0.wp.com\/agrund.com\/wp-content\/uploads\/sites\/6\/2018\/01\/Rita-Ora-Rimmel-Matte-Liquid-Lipstick-Campaign04-e1515763898213.jpg?fit=300%2C148&amp;ssl=1\" data-large-file=\"https:\/\/i0.wp.com\/agrund.com\/wp-content\/uploads\/sites\/6\/2018\/01\/Rita-Ora-Rimmel-Matte-Liquid-Lipstick-Campaign04-e1515763898213.jpg?fit=600%2C296&amp;ssl=1\" decoding=\"async\" loading=\"lazy\" class=\"size-full wp-image-177281\" src=\"https:\/\/i0.wp.com\/www.agrund.com\/wp-content\/uploads\/sites\/6\/2018\/01\/Rita-Ora-Rimmel-Matte-Liquid-Lipstick-Campaign04-e1515763898213.jpg?resize=600%2C296\" alt=\"\" width=\"600\" height=\"296\" data-recalc-dims=\"1\" \/><p id=\"caption-attachment-177281\" class=\"wp-caption-text\">V\u00eddeo :: Rita Ora estrela campanha de beleza<\/p><\/div>\n<p>V\u00eddeo e Fotos: Reprodu\u00e7\u00e3o.<\/p>\n","protected":false},"excerpt":{"rendered":"<p>A Rimmel London convocou Rita Ora para estrelar mais uma de suas campanhas. Desta vez, a cantora apresenta os batons \u2018Stay Matte Liquid Lipstick\u2019 e o r\u00edmel \u2018WonderFully Real Mascara\u2019. Nos cliques, Rita aparece glamurosa com makes dram\u00e1ticas. Al\u00e9m da campanha impressa, ela tamb\u00e9m estrela um v\u00eddeo, onde aparece se produzindo para um show. Aperte [&hellip;]<\/p>\n","protected":false},"author":8,"featured_media":177282,"comment_status":"open","ping_status":"open","sticky":false,"template":"","format":"standard","meta":{"jetpack_post_was_ever_published":false,"_jetpack_newsletter_access":"","jetpack_publicize_message":"","jetpack_is_tweetstorm":false,"jetpack_publicize_feature_enabled":true,"jetpack_social_post_already_shared":true,"jetpack_social_options":{"image_generator_settings":{"template":"highway","enabled":false}}},"categories":[2],"tags":[],"jetpack_publicize_connections":[],"jetpack_featured_media_url":"https:\/\/i0.wp.com\/agrund.com\/wp-content\/uploads\/sites\/6\/2018\/01\/s-22.jpg?fit=960%2C300&ssl=1","jetpack_sharing_enabled":true,"jetpack_shortlink":"https:\/\/wp.me\/p3Hz0n-K7k","jetpack_likes_enabled":true,"_links":{"self":[{"href":"https:\/\/agrund.com\/index.php\/wp-json\/wp\/v2\/posts\/177278"}],"collection":[{"href":"https:\/\/agrund.com\/index.php\/wp-json\/wp\/v2\/posts"}],"about":[{"href":"https:\/\/agrund.com\/index.php\/wp-json\/wp\/v2\/types\/post"}],"author":[{"embeddable":true,"href":"https:\/\/agrund.com\/index.php\/wp-json\/wp\/v2\/users\/8"}],"replies":[{"embeddable":true,"href":"https:\/\/agrund.com\/index.php\/wp-json\/wp\/v2\/comments?post=177278"}],"version-history":[{"count":0,"href":"https:\/\/agrund.com\/index.php\/wp-json\/wp\/v2\/posts\/177278\/revisions"}],"wp:featuredmedia":[{"embeddable":true,"href":"https:\/\/agrund.com\/index.php\/wp-json\/wp\/v2\/media\/177282"}],"wp:attachment":[{"href":"https:\/\/agrund.com\/index.php\/wp-json\/wp\/v2\/media?parent=177278"}],"wp:term":[{"taxonomy":"category","embeddable":true,"href":"https:\/\/agrund.com\/index.php\/wp-json\/wp\/v2\/categories?post=177278"},{"taxonomy":"post_tag","embeddable":true,"href":"https:\/\/agrund.com\/index.php\/wp-json\/wp\/v2\/tags?post=177278"}],"curies":[{"name":"wp","href":"https:\/\/api.w.org\/{rel}","templated":true}]}}