{"id":177272,"date":"2018-01-12T12:00:22","date_gmt":"2018-01-12T14:00:22","guid":{"rendered":"http:\/\/www.agrund.com\/?p=177272"},"modified":"2018-01-12T11:22:45","modified_gmt":"2018-01-12T13:22:45","slug":"proxima-edicao-da-spfw-ja-tem-data","status":"publish","type":"post","link":"https:\/\/agrund.com\/index.php\/proxima-edicao-da-spfw-ja-tem-data\/","title":{"rendered":"Pr\u00f3xima edi\u00e7\u00e3o da SPFW j\u00e1 tem data"},"content":{"rendered":"<p>\u00c9 isso mesmo! A edi\u00e7\u00e3o N45 da SP Fashion Week acaba de ter a data divulgada. O evento ir\u00e1 acontecer entre os dias 18 e 23 de mar\u00e7o.<\/p>\n<p>O primeiro dia ser\u00e1 marcado por desfiles externos na cidade de S\u00e3o Pauli, enquanto os outros dias acontecer\u00e3o na Funda\u00e7\u00e3o Bienal, no Parque do Ibirapuera.<\/p>\n<p>A equipe do Agrund.com j\u00e1 estava com saudade do evento, e voc\u00ea? A cobertura completa voc\u00ea vai poder acompanhar aqui no site.<\/p>\n<div id=\"attachment_177273\" style=\"width: 610px\" class=\"wp-caption aligncenter\"><img aria-describedby=\"caption-attachment-177273\" data-attachment-id=\"177273\" data-permalink=\"https:\/\/agrund.com\/index.php\/proxima-edicao-da-spfw-ja-tem-data\/osklen-10\/\" data-orig-file=\"https:\/\/i0.wp.com\/agrund.com\/wp-content\/uploads\/sites\/6\/2018\/01\/a-5-e1515763348122.jpg?fit=600%2C400&amp;ssl=1\" data-orig-size=\"600,400\" data-comments-opened=\"1\" data-image-meta=\"{&quot;aperture&quot;:&quot;8&quot;,&quot;credit&quot;:&quot;Marcelo Soubhia \\\/ FOTOSITE&quot;,&quot;camera&quot;:&quot;NIKON Df&quot;,&quot;caption&quot;:&quot;Osklen\\n\\nSPFW - N43\\n\\nMar\\u00e7o \\\/ 2017\\n\\nfoto: Marcelo Soubhia \\\/ FOTOSITE&quot;,&quot;created_timestamp&quot;:&quot;1489443896&quot;,&quot;copyright&quot;:&quot;AGENCIA FOTOSITE&quot;,&quot;focal_length&quot;:&quot;24&quot;,&quot;iso&quot;:&quot;3200&quot;,&quot;shutter_speed&quot;:&quot;0.004&quot;,&quot;title&quot;:&quot;Osklen&quot;,&quot;orientation&quot;:&quot;0&quot;}\" data-image-title=\"Pr\u00f3xima edi\u00e7\u00e3o da SPFW j\u00e1 tem data\" data-image-description=\"\" data-image-caption=\"&lt;p&gt;Pr\u00f3xima edi\u00e7\u00e3o da SPFW j\u00e1 tem data&lt;\/p&gt;\n\" data-medium-file=\"https:\/\/i0.wp.com\/agrund.com\/wp-content\/uploads\/sites\/6\/2018\/01\/a-5-e1515763348122.jpg?fit=300%2C200&amp;ssl=1\" data-large-file=\"https:\/\/i0.wp.com\/agrund.com\/wp-content\/uploads\/sites\/6\/2018\/01\/a-5-e1515763348122.jpg?fit=1024%2C682&amp;ssl=1\" decoding=\"async\" loading=\"lazy\" class=\"size-full wp-image-177273\" src=\"https:\/\/i0.wp.com\/www.agrund.com\/wp-content\/uploads\/sites\/6\/2018\/01\/a-5-e1515763348122.jpg?resize=600%2C400\" alt=\"\" width=\"600\" height=\"400\" data-recalc-dims=\"1\" \/><p id=\"caption-attachment-177273\" class=\"wp-caption-text\">Pr\u00f3xima edi\u00e7\u00e3o da SPFW j\u00e1 tem data<\/p><\/div>\n<p>Foto: Reprodu\u00e7\u00e3o.<\/p>\n","protected":false},"excerpt":{"rendered":"<p>\u00c9 isso mesmo! A edi\u00e7\u00e3o N45 da SP Fashion Week acaba de ter a data divulgada. O evento ir\u00e1 acontecer entre os dias 18 e 23 de mar\u00e7o. O primeiro dia ser\u00e1 marcado por desfiles externos na cidade de S\u00e3o Pauli, enquanto os outros dias acontecer\u00e3o na Funda\u00e7\u00e3o Bienal, no Parque do Ibirapuera. A equipe [&hellip;]<\/p>\n","protected":false},"author":8,"featured_media":177274,"comment_status":"open","ping_status":"open","sticky":false,"template":"","format":"standard","meta":{"jetpack_post_was_ever_published":false,"_jetpack_newsletter_access":"","jetpack_publicize_message":"","jetpack_is_tweetstorm":false,"jetpack_publicize_feature_enabled":true,"jetpack_social_post_already_shared":true,"jetpack_social_options":{"image_generator_settings":{"template":"highway","enabled":false}}},"categories":[2],"tags":[],"jetpack_publicize_connections":[],"jetpack_featured_media_url":"https:\/\/i0.wp.com\/agrund.com\/wp-content\/uploads\/sites\/6\/2018\/01\/ss-4.jpg?fit=960%2C300&ssl=1","jetpack_sharing_enabled":true,"jetpack_shortlink":"https:\/\/wp.me\/p3Hz0n-K7e","jetpack_likes_enabled":true,"_links":{"self":[{"href":"https:\/\/agrund.com\/index.php\/wp-json\/wp\/v2\/posts\/177272"}],"collection":[{"href":"https:\/\/agrund.com\/index.php\/wp-json\/wp\/v2\/posts"}],"about":[{"href":"https:\/\/agrund.com\/index.php\/wp-json\/wp\/v2\/types\/post"}],"author":[{"embeddable":true,"href":"https:\/\/agrund.com\/index.php\/wp-json\/wp\/v2\/users\/8"}],"replies":[{"embeddable":true,"href":"https:\/\/agrund.com\/index.php\/wp-json\/wp\/v2\/comments?post=177272"}],"version-history":[{"count":0,"href":"https:\/\/agrund.com\/index.php\/wp-json\/wp\/v2\/posts\/177272\/revisions"}],"wp:featuredmedia":[{"embeddable":true,"href":"https:\/\/agrund.com\/index.php\/wp-json\/wp\/v2\/media\/177274"}],"wp:attachment":[{"href":"https:\/\/agrund.com\/index.php\/wp-json\/wp\/v2\/media?parent=177272"}],"wp:term":[{"taxonomy":"category","embeddable":true,"href":"https:\/\/agrund.com\/index.php\/wp-json\/wp\/v2\/categories?post=177272"},{"taxonomy":"post_tag","embeddable":true,"href":"https:\/\/agrund.com\/index.php\/wp-json\/wp\/v2\/tags?post=177272"}],"curies":[{"name":"wp","href":"https:\/\/api.w.org\/{rel}","templated":true}]}}