{"id":177256,"date":"2018-01-12T14:00:20","date_gmt":"2018-01-12T16:00:20","guid":{"rendered":"http:\/\/www.agrund.com\/?p=177256"},"modified":"2018-01-12T10:38:49","modified_gmt":"2018-01-12T12:38:49","slug":"as-tres-capas-de-kendall-jenner-para-a-harpers-bazaar-us","status":"publish","type":"post","link":"https:\/\/agrund.com\/index.php\/as-tres-capas-de-kendall-jenner-para-a-harpers-bazaar-us\/","title":{"rendered":"As tr\u00eas capas de Kendall Jenner para a \u2018Harper\u2019s Bazaar\u2019 US"},"content":{"rendered":"<p>O m\u00eas de fevereiro ainda est\u00e1 longe, mas a \u2018Harper\u2019s Bazaar\u2019 americana acaba de divulgar sua capa. Ou melhor, suas capas do m\u00eas j\u00e1 que Kendall Jenner estrela tr\u00eas delas.<\/p>\n<p>Na primeira, a modelo aparece em close vestindo Calvin Klein, enquanto a segunda est\u00e1 em um look Saint Laurent. Para finalizar, a terceira capa traz Kendall na chuva com um trench coat da Prada.<\/p>\n<p>O editorial fotografado por S\u00f8lve Sundsb\u00f8 traz a modelo arrasando em looks das cole\u00e7\u00f5es primeira\/ver\u00e3o de grandes marcas como Prada, Ralph Lauren e Burberry. Mas n\u00e3o pense em cliques comuns, pois nas p\u00e1ginas internas Kendall tamb\u00e9m aparece na chuva, toda produzida.<\/p>\n<p>Veja o resultado na galeria abaixo:<\/p>\n<div id=\"attachment_177263\" style=\"width: 610px\" class=\"wp-caption aligncenter\"><img aria-describedby=\"caption-attachment-177263\" data-attachment-id=\"177263\" data-permalink=\"https:\/\/agrund.com\/index.php\/as-tres-capas-de-kendall-jenner-para-a-harpers-bazaar-us\/1-1195\/\" data-orig-file=\"https:\/\/i0.wp.com\/agrund.com\/wp-content\/uploads\/sites\/6\/2018\/01\/1-5.jpg?fit=800%2C980&amp;ssl=1\" data-orig-size=\"800,980\" data-comments-opened=\"1\" data-image-meta=\"{&quot;aperture&quot;:&quot;0&quot;,&quot;credit&quot;:&quot;&quot;,&quot;camera&quot;:&quot;&quot;,&quot;caption&quot;:&quot;&quot;,&quot;created_timestamp&quot;:&quot;0&quot;,&quot;copyright&quot;:&quot;&quot;,&quot;focal_length&quot;:&quot;0&quot;,&quot;iso&quot;:&quot;0&quot;,&quot;shutter_speed&quot;:&quot;0&quot;,&quot;title&quot;:&quot;&quot;,&quot;orientation&quot;:&quot;1&quot;}\" data-image-title=\"As tr\u00eas capas de Kendall Jenner para a \u2018Harper\u2019s Bazaar\u2019 US\" data-image-description=\"\" data-image-caption=\"&lt;p&gt;As tr\u00eas capas de Kendall Jenner para a \u2018Harper\u2019s Bazaar\u2019 US&lt;\/p&gt;\n\" data-medium-file=\"https:\/\/i0.wp.com\/agrund.com\/wp-content\/uploads\/sites\/6\/2018\/01\/1-5.jpg?fit=245%2C300&amp;ssl=1\" data-large-file=\"https:\/\/i0.wp.com\/agrund.com\/wp-content\/uploads\/sites\/6\/2018\/01\/1-5.jpg?fit=800%2C980&amp;ssl=1\" decoding=\"async\" loading=\"lazy\" class=\"wp-image-177263\" src=\"https:\/\/i0.wp.com\/www.agrund.com\/wp-content\/uploads\/sites\/6\/2018\/01\/1-5.jpg?resize=600%2C735\" alt=\"\" width=\"600\" height=\"735\" srcset=\"https:\/\/i0.wp.com\/agrund.com\/wp-content\/uploads\/sites\/6\/2018\/01\/1-5.jpg?w=800&amp;ssl=1 800w, https:\/\/i0.wp.com\/agrund.com\/wp-content\/uploads\/sites\/6\/2018\/01\/1-5.jpg?resize=245%2C300&amp;ssl=1 245w\" sizes=\"(max-width: 600px) 100vw, 600px\" data-recalc-dims=\"1\" \/><p id=\"caption-attachment-177263\" class=\"wp-caption-text\">As tr\u00eas capas de Kendall Jenner para a \u2018Harper\u2019s Bazaar\u2019 US<\/p><\/div>\n<div id=\"attachment_177264\" style=\"width: 610px\" class=\"wp-caption aligncenter\"><img aria-describedby=\"caption-attachment-177264\" data-attachment-id=\"177264\" data-permalink=\"https:\/\/agrund.com\/index.php\/as-tres-capas-de-kendall-jenner-para-a-harpers-bazaar-us\/2-1141\/\" data-orig-file=\"https:\/\/i0.wp.com\/agrund.com\/wp-content\/uploads\/sites\/6\/2018\/01\/2-5-e1515760556517.jpg?fit=600%2C735&amp;ssl=1\" data-orig-size=\"600,735\" data-comments-opened=\"1\" data-image-meta=\"{&quot;aperture&quot;:&quot;0&quot;,&quot;credit&quot;:&quot;&quot;,&quot;camera&quot;:&quot;&quot;,&quot;caption&quot;:&quot;&quot;,&quot;created_timestamp&quot;:&quot;0&quot;,&quot;copyright&quot;:&quot;&quot;,&quot;focal_length&quot;:&quot;0&quot;,&quot;iso&quot;:&quot;0&quot;,&quot;shutter_speed&quot;:&quot;0&quot;,&quot;title&quot;:&quot;&quot;,&quot;orientation&quot;:&quot;1&quot;}\" data-image-title=\"As tr\u00eas capas de Kendall Jenner para a \u2018Harper\u2019s Bazaar\u2019 US\" data-image-description=\"\" data-image-caption=\"&lt;p&gt;As tr\u00eas capas de Kendall Jenner para a \u2018Harper\u2019s Bazaar\u2019 US&lt;\/p&gt;\n\" data-medium-file=\"https:\/\/i0.wp.com\/agrund.com\/wp-content\/uploads\/sites\/6\/2018\/01\/2-5-e1515760556517.jpg?fit=245%2C300&amp;ssl=1\" data-large-file=\"https:\/\/i0.wp.com\/agrund.com\/wp-content\/uploads\/sites\/6\/2018\/01\/2-5-e1515760556517.jpg?fit=600%2C735&amp;ssl=1\" decoding=\"async\" loading=\"lazy\" class=\"size-full wp-image-177264\" src=\"https:\/\/i0.wp.com\/www.agrund.com\/wp-content\/uploads\/sites\/6\/2018\/01\/2-5-e1515760556517.jpg?resize=600%2C735\" alt=\"\" width=\"600\" height=\"735\" data-recalc-dims=\"1\" \/><p id=\"caption-attachment-177264\" class=\"wp-caption-text\">As tr\u00eas capas de Kendall Jenner para a \u2018Harper\u2019s Bazaar\u2019 US<\/p><\/div>\n<div id=\"attachment_177265\" style=\"width: 610px\" class=\"wp-caption aligncenter\"><img aria-describedby=\"caption-attachment-177265\" data-attachment-id=\"177265\" data-permalink=\"https:\/\/agrund.com\/index.php\/as-tres-capas-de-kendall-jenner-para-a-harpers-bazaar-us\/3-1065\/\" data-orig-file=\"https:\/\/i0.wp.com\/agrund.com\/wp-content\/uploads\/sites\/6\/2018\/01\/3-5-e1515760569801.jpg?fit=600%2C735&amp;ssl=1\" data-orig-size=\"600,735\" data-comments-opened=\"1\" data-image-meta=\"{&quot;aperture&quot;:&quot;0&quot;,&quot;credit&quot;:&quot;&quot;,&quot;camera&quot;:&quot;&quot;,&quot;caption&quot;:&quot;&quot;,&quot;created_timestamp&quot;:&quot;0&quot;,&quot;copyright&quot;:&quot;&quot;,&quot;focal_length&quot;:&quot;0&quot;,&quot;iso&quot;:&quot;0&quot;,&quot;shutter_speed&quot;:&quot;0&quot;,&quot;title&quot;:&quot;&quot;,&quot;orientation&quot;:&quot;1&quot;}\" data-image-title=\"As tr\u00eas capas de Kendall Jenner para a \u2018Harper\u2019s Bazaar\u2019 US\" data-image-description=\"\" data-image-caption=\"&lt;p&gt;As tr\u00eas capas de Kendall Jenner para a \u2018Harper\u2019s Bazaar\u2019 US&lt;\/p&gt;\n\" data-medium-file=\"https:\/\/i0.wp.com\/agrund.com\/wp-content\/uploads\/sites\/6\/2018\/01\/3-5-e1515760569801.jpg?fit=245%2C300&amp;ssl=1\" data-large-file=\"https:\/\/i0.wp.com\/agrund.com\/wp-content\/uploads\/sites\/6\/2018\/01\/3-5-e1515760569801.jpg?fit=600%2C735&amp;ssl=1\" decoding=\"async\" loading=\"lazy\" class=\"size-full wp-image-177265\" src=\"https:\/\/i0.wp.com\/www.agrund.com\/wp-content\/uploads\/sites\/6\/2018\/01\/3-5-e1515760569801.jpg?resize=600%2C735\" alt=\"\" width=\"600\" height=\"735\" data-recalc-dims=\"1\" \/><p id=\"caption-attachment-177265\" class=\"wp-caption-text\">As tr\u00eas capas de Kendall Jenner para a \u2018Harper\u2019s Bazaar\u2019 US<\/p><\/div>\n<div id=\"attachment_177266\" style=\"width: 610px\" class=\"wp-caption aligncenter\"><img aria-describedby=\"caption-attachment-177266\" data-attachment-id=\"177266\" data-permalink=\"https:\/\/agrund.com\/index.php\/as-tres-capas-de-kendall-jenner-para-a-harpers-bazaar-us\/4-989\/\" data-orig-file=\"https:\/\/i0.wp.com\/agrund.com\/wp-content\/uploads\/sites\/6\/2018\/01\/4-3-e1515760581340.jpg?fit=600%2C722&amp;ssl=1\" data-orig-size=\"600,722\" data-comments-opened=\"1\" data-image-meta=\"{&quot;aperture&quot;:&quot;0&quot;,&quot;credit&quot;:&quot;&quot;,&quot;camera&quot;:&quot;&quot;,&quot;caption&quot;:&quot;&quot;,&quot;created_timestamp&quot;:&quot;0&quot;,&quot;copyright&quot;:&quot;&quot;,&quot;focal_length&quot;:&quot;0&quot;,&quot;iso&quot;:&quot;0&quot;,&quot;shutter_speed&quot;:&quot;0&quot;,&quot;title&quot;:&quot;&quot;,&quot;orientation&quot;:&quot;1&quot;}\" data-image-title=\"As tr\u00eas capas de Kendall Jenner para a \u2018Harper\u2019s Bazaar\u2019 US\" data-image-description=\"\" data-image-caption=\"&lt;p&gt;As tr\u00eas capas de Kendall Jenner para a \u2018Harper\u2019s Bazaar\u2019 US&lt;\/p&gt;\n\" data-medium-file=\"https:\/\/i0.wp.com\/agrund.com\/wp-content\/uploads\/sites\/6\/2018\/01\/4-3-e1515760581340.jpg?fit=249%2C300&amp;ssl=1\" data-large-file=\"https:\/\/i0.wp.com\/agrund.com\/wp-content\/uploads\/sites\/6\/2018\/01\/4-3-e1515760581340.jpg?fit=600%2C722&amp;ssl=1\" decoding=\"async\" loading=\"lazy\" class=\"size-full wp-image-177266\" src=\"https:\/\/i0.wp.com\/www.agrund.com\/wp-content\/uploads\/sites\/6\/2018\/01\/4-3-e1515760581340.jpg?resize=600%2C722\" alt=\"\" width=\"600\" height=\"722\" data-recalc-dims=\"1\" \/><p id=\"caption-attachment-177266\" class=\"wp-caption-text\">As tr\u00eas capas de Kendall Jenner para a \u2018Harper\u2019s Bazaar\u2019 US<\/p><\/div>\n<div id=\"attachment_177267\" style=\"width: 610px\" class=\"wp-caption aligncenter\"><img aria-describedby=\"caption-attachment-177267\" data-attachment-id=\"177267\" data-permalink=\"https:\/\/agrund.com\/index.php\/as-tres-capas-de-kendall-jenner-para-a-harpers-bazaar-us\/5-905\/\" data-orig-file=\"https:\/\/i0.wp.com\/agrund.com\/wp-content\/uploads\/sites\/6\/2018\/01\/5-2-e1515760593664.jpg?fit=600%2C723&amp;ssl=1\" data-orig-size=\"600,723\" data-comments-opened=\"1\" data-image-meta=\"{&quot;aperture&quot;:&quot;0&quot;,&quot;credit&quot;:&quot;&quot;,&quot;camera&quot;:&quot;&quot;,&quot;caption&quot;:&quot;&quot;,&quot;created_timestamp&quot;:&quot;0&quot;,&quot;copyright&quot;:&quot;&quot;,&quot;focal_length&quot;:&quot;0&quot;,&quot;iso&quot;:&quot;0&quot;,&quot;shutter_speed&quot;:&quot;0&quot;,&quot;title&quot;:&quot;&quot;,&quot;orientation&quot;:&quot;1&quot;}\" data-image-title=\"As tr\u00eas capas de Kendall Jenner para a \u2018Harper\u2019s Bazaar\u2019 US\" data-image-description=\"\" data-image-caption=\"&lt;p&gt;As tr\u00eas capas de Kendall Jenner para a \u2018Harper\u2019s Bazaar\u2019 US&lt;\/p&gt;\n\" data-medium-file=\"https:\/\/i0.wp.com\/agrund.com\/wp-content\/uploads\/sites\/6\/2018\/01\/5-2-e1515760593664.jpg?fit=249%2C300&amp;ssl=1\" data-large-file=\"https:\/\/i0.wp.com\/agrund.com\/wp-content\/uploads\/sites\/6\/2018\/01\/5-2-e1515760593664.jpg?fit=600%2C723&amp;ssl=1\" decoding=\"async\" loading=\"lazy\" class=\"size-full wp-image-177267\" src=\"https:\/\/i0.wp.com\/www.agrund.com\/wp-content\/uploads\/sites\/6\/2018\/01\/5-2-e1515760593664.jpg?resize=600%2C723\" alt=\"\" width=\"600\" height=\"723\" data-recalc-dims=\"1\" \/><p id=\"caption-attachment-177267\" class=\"wp-caption-text\">As tr\u00eas capas de Kendall Jenner para a \u2018Harper\u2019s Bazaar\u2019 US<\/p><\/div>\n<div id=\"attachment_177268\" style=\"width: 610px\" class=\"wp-caption aligncenter\"><img aria-describedby=\"caption-attachment-177268\" data-attachment-id=\"177268\" data-permalink=\"https:\/\/agrund.com\/index.php\/as-tres-capas-de-kendall-jenner-para-a-harpers-bazaar-us\/6-861\/\" data-orig-file=\"https:\/\/i0.wp.com\/agrund.com\/wp-content\/uploads\/sites\/6\/2018\/01\/6-e1515760604210.jpg?fit=600%2C722&amp;ssl=1\" data-orig-size=\"600,722\" data-comments-opened=\"1\" data-image-meta=\"{&quot;aperture&quot;:&quot;0&quot;,&quot;credit&quot;:&quot;&quot;,&quot;camera&quot;:&quot;&quot;,&quot;caption&quot;:&quot;&quot;,&quot;created_timestamp&quot;:&quot;0&quot;,&quot;copyright&quot;:&quot;&quot;,&quot;focal_length&quot;:&quot;0&quot;,&quot;iso&quot;:&quot;0&quot;,&quot;shutter_speed&quot;:&quot;0&quot;,&quot;title&quot;:&quot;&quot;,&quot;orientation&quot;:&quot;1&quot;}\" data-image-title=\"As tr\u00eas capas de Kendall Jenner para a \u2018Harper\u2019s Bazaar\u2019 US\" data-image-description=\"\" data-image-caption=\"&lt;p&gt;As tr\u00eas capas de Kendall Jenner para a \u2018Harper\u2019s Bazaar\u2019 US&lt;\/p&gt;\n\" data-medium-file=\"https:\/\/i0.wp.com\/agrund.com\/wp-content\/uploads\/sites\/6\/2018\/01\/6-e1515760604210.jpg?fit=249%2C300&amp;ssl=1\" data-large-file=\"https:\/\/i0.wp.com\/agrund.com\/wp-content\/uploads\/sites\/6\/2018\/01\/6-e1515760604210.jpg?fit=600%2C722&amp;ssl=1\" decoding=\"async\" loading=\"lazy\" class=\"size-full wp-image-177268\" src=\"https:\/\/i0.wp.com\/www.agrund.com\/wp-content\/uploads\/sites\/6\/2018\/01\/6-e1515760604210.jpg?resize=600%2C722\" alt=\"\" width=\"600\" height=\"722\" data-recalc-dims=\"1\" \/><p id=\"caption-attachment-177268\" class=\"wp-caption-text\">As tr\u00eas capas de Kendall Jenner para a \u2018Harper\u2019s Bazaar\u2019 US<\/p><\/div>\n<div id=\"attachment_177269\" style=\"width: 610px\" class=\"wp-caption aligncenter\"><img aria-describedby=\"caption-attachment-177269\" data-attachment-id=\"177269\" data-permalink=\"https:\/\/agrund.com\/index.php\/as-tres-capas-de-kendall-jenner-para-a-harpers-bazaar-us\/7-768\/\" data-orig-file=\"https:\/\/i0.wp.com\/agrund.com\/wp-content\/uploads\/sites\/6\/2018\/01\/7-e1515760614491.jpg?fit=600%2C733&amp;ssl=1\" data-orig-size=\"600,733\" data-comments-opened=\"1\" data-image-meta=\"{&quot;aperture&quot;:&quot;0&quot;,&quot;credit&quot;:&quot;&quot;,&quot;camera&quot;:&quot;&quot;,&quot;caption&quot;:&quot;&quot;,&quot;created_timestamp&quot;:&quot;0&quot;,&quot;copyright&quot;:&quot;&quot;,&quot;focal_length&quot;:&quot;0&quot;,&quot;iso&quot;:&quot;0&quot;,&quot;shutter_speed&quot;:&quot;0&quot;,&quot;title&quot;:&quot;&quot;,&quot;orientation&quot;:&quot;1&quot;}\" data-image-title=\"As tr\u00eas capas de Kendall Jenner para a \u2018Harper\u2019s Bazaar\u2019 US\" data-image-description=\"\" data-image-caption=\"&lt;p&gt;As tr\u00eas capas de Kendall Jenner para a \u2018Harper\u2019s Bazaar\u2019 US&lt;\/p&gt;\n\" data-medium-file=\"https:\/\/i0.wp.com\/agrund.com\/wp-content\/uploads\/sites\/6\/2018\/01\/7-e1515760614491.jpg?fit=246%2C300&amp;ssl=1\" data-large-file=\"https:\/\/i0.wp.com\/agrund.com\/wp-content\/uploads\/sites\/6\/2018\/01\/7-e1515760614491.jpg?fit=600%2C733&amp;ssl=1\" decoding=\"async\" loading=\"lazy\" class=\"size-full wp-image-177269\" src=\"https:\/\/i0.wp.com\/www.agrund.com\/wp-content\/uploads\/sites\/6\/2018\/01\/7-e1515760614491.jpg?resize=600%2C733\" alt=\"\" width=\"600\" height=\"733\" data-recalc-dims=\"1\" \/><p id=\"caption-attachment-177269\" class=\"wp-caption-text\">As tr\u00eas capas de Kendall Jenner para a \u2018Harper\u2019s Bazaar\u2019 US<\/p><\/div>\n<p>Fotos: Reprodu\u00e7\u00e3o.<\/p>\n","protected":false},"excerpt":{"rendered":"<p>O m\u00eas de fevereiro ainda est\u00e1 longe, mas a \u2018Harper\u2019s Bazaar\u2019 americana acaba de divulgar sua capa. Ou melhor, suas capas do m\u00eas j\u00e1 que Kendall Jenner estrela tr\u00eas delas. Na primeira, a modelo aparece em close vestindo Calvin Klein, enquanto a segunda est\u00e1 em um look Saint Laurent. Para finalizar, a terceira capa traz [&hellip;]<\/p>\n","protected":false},"author":8,"featured_media":177270,"comment_status":"open","ping_status":"open","sticky":false,"template":"","format":"standard","meta":{"jetpack_post_was_ever_published":false,"_jetpack_newsletter_access":"","jetpack_publicize_message":"","jetpack_is_tweetstorm":false,"jetpack_publicize_feature_enabled":true,"jetpack_social_post_already_shared":true,"jetpack_social_options":{"image_generator_settings":{"template":"highway","enabled":false}}},"categories":[2],"tags":[],"jetpack_publicize_connections":[],"jetpack_featured_media_url":"https:\/\/i0.wp.com\/agrund.com\/wp-content\/uploads\/sites\/6\/2018\/01\/s-21.jpg?fit=960%2C300&ssl=1","jetpack_sharing_enabled":true,"jetpack_shortlink":"https:\/\/wp.me\/p3Hz0n-K6Y","jetpack_likes_enabled":true,"_links":{"self":[{"href":"https:\/\/agrund.com\/index.php\/wp-json\/wp\/v2\/posts\/177256"}],"collection":[{"href":"https:\/\/agrund.com\/index.php\/wp-json\/wp\/v2\/posts"}],"about":[{"href":"https:\/\/agrund.com\/index.php\/wp-json\/wp\/v2\/types\/post"}],"author":[{"embeddable":true,"href":"https:\/\/agrund.com\/index.php\/wp-json\/wp\/v2\/users\/8"}],"replies":[{"embeddable":true,"href":"https:\/\/agrund.com\/index.php\/wp-json\/wp\/v2\/comments?post=177256"}],"version-history":[{"count":0,"href":"https:\/\/agrund.com\/index.php\/wp-json\/wp\/v2\/posts\/177256\/revisions"}],"wp:featuredmedia":[{"embeddable":true,"href":"https:\/\/agrund.com\/index.php\/wp-json\/wp\/v2\/media\/177270"}],"wp:attachment":[{"href":"https:\/\/agrund.com\/index.php\/wp-json\/wp\/v2\/media?parent=177256"}],"wp:term":[{"taxonomy":"category","embeddable":true,"href":"https:\/\/agrund.com\/index.php\/wp-json\/wp\/v2\/categories?post=177256"},{"taxonomy":"post_tag","embeddable":true,"href":"https:\/\/agrund.com\/index.php\/wp-json\/wp\/v2\/tags?post=177256"}],"curies":[{"name":"wp","href":"https:\/\/api.w.org\/{rel}","templated":true}]}}