{"id":177205,"date":"2018-01-11T13:00:25","date_gmt":"2018-01-11T15:00:25","guid":{"rendered":"http:\/\/www.agrund.com\/?p=177205"},"modified":"2018-01-11T10:54:51","modified_gmt":"2018-01-11T12:54:51","slug":"serena-williams-posa-com-sua-filha-para-a-vogue-us","status":"publish","type":"post","link":"https:\/\/agrund.com\/index.php\/serena-williams-posa-com-sua-filha-para-a-vogue-us\/","title":{"rendered":"Serena Williams posa com sua filha para a \u2018Vogue\u2019 US"},"content":{"rendered":"<p>A \u2018Vogue\u2019 americana convocou Serena Williams para estrelar a capa de sua edi\u00e7\u00e3o fevereiro 2018. Mas ela n\u00e3o est\u00e1 sozinha! A tenista posou com sua filha de quatro meses, Alexis Ohanian Jr.<\/p>\n<p>No clique principal, Serena aparece em um vestido vermelho da Versace. O editorial ainda conta com fotos dela acompanhada de sua m\u00e3e, irm\u00e3s e marido. Tudo em fam\u00edlia!<\/p>\n<p>A fotografia \u00e9 de Mario Testino e voc\u00ea confere aqui:<\/p>\n<div id=\"attachment_177206\" style=\"width: 610px\" class=\"wp-caption aligncenter\"><img aria-describedby=\"caption-attachment-177206\" data-attachment-id=\"177206\" data-permalink=\"https:\/\/agrund.com\/index.php\/serena-williams-posa-com-sua-filha-para-a-vogue-us\/serena-williams-vogue-photoshoot01\/\" data-orig-file=\"https:\/\/i0.wp.com\/agrund.com\/wp-content\/uploads\/sites\/6\/2018\/01\/Serena-Williams-Vogue-Photoshoot01-e1515675219252.jpg?fit=600%2C842&amp;ssl=1\" data-orig-size=\"600,842\" data-comments-opened=\"1\" data-image-meta=\"{&quot;aperture&quot;:&quot;0&quot;,&quot;credit&quot;:&quot;&quot;,&quot;camera&quot;:&quot;&quot;,&quot;caption&quot;:&quot;&quot;,&quot;created_timestamp&quot;:&quot;0&quot;,&quot;copyright&quot;:&quot;&quot;,&quot;focal_length&quot;:&quot;0&quot;,&quot;iso&quot;:&quot;0&quot;,&quot;shutter_speed&quot;:&quot;0&quot;,&quot;title&quot;:&quot;&quot;,&quot;orientation&quot;:&quot;1&quot;}\" data-image-title=\"Serena Williams posa com sua filha para a \u2018Vogue\u2019 US\" data-image-description=\"\" data-image-caption=\"&lt;p&gt;Serena Williams posa com sua filha para a \u2018Vogue\u2019 US&lt;\/p&gt;\n\" data-medium-file=\"https:\/\/i0.wp.com\/agrund.com\/wp-content\/uploads\/sites\/6\/2018\/01\/Serena-Williams-Vogue-Photoshoot01-e1515675219252.jpg?fit=214%2C300&amp;ssl=1\" data-large-file=\"https:\/\/i0.wp.com\/agrund.com\/wp-content\/uploads\/sites\/6\/2018\/01\/Serena-Williams-Vogue-Photoshoot01-e1515675219252.jpg?fit=730%2C1024&amp;ssl=1\" decoding=\"async\" loading=\"lazy\" class=\"size-full wp-image-177206\" src=\"https:\/\/i0.wp.com\/www.agrund.com\/wp-content\/uploads\/sites\/6\/2018\/01\/Serena-Williams-Vogue-Photoshoot01-e1515675219252.jpg?resize=600%2C842\" alt=\"\" width=\"600\" height=\"842\" data-recalc-dims=\"1\" \/><p id=\"caption-attachment-177206\" class=\"wp-caption-text\">Serena Williams posa com sua filha para a \u2018Vogue\u2019 US<\/p><\/div>\n<div id=\"attachment_177207\" style=\"width: 610px\" class=\"wp-caption aligncenter\"><img aria-describedby=\"caption-attachment-177207\" data-attachment-id=\"177207\" data-permalink=\"https:\/\/agrund.com\/index.php\/serena-williams-posa-com-sua-filha-para-a-vogue-us\/serena-williams-vogue-photoshoot02\/\" data-orig-file=\"https:\/\/i0.wp.com\/agrund.com\/wp-content\/uploads\/sites\/6\/2018\/01\/Serena-Williams-Vogue-Photoshoot02-e1515675230633.jpg?fit=600%2C407&amp;ssl=1\" data-orig-size=\"600,407\" data-comments-opened=\"1\" data-image-meta=\"{&quot;aperture&quot;:&quot;0&quot;,&quot;credit&quot;:&quot;&quot;,&quot;camera&quot;:&quot;&quot;,&quot;caption&quot;:&quot;&quot;,&quot;created_timestamp&quot;:&quot;0&quot;,&quot;copyright&quot;:&quot;&quot;,&quot;focal_length&quot;:&quot;0&quot;,&quot;iso&quot;:&quot;0&quot;,&quot;shutter_speed&quot;:&quot;0&quot;,&quot;title&quot;:&quot;&quot;,&quot;orientation&quot;:&quot;1&quot;}\" data-image-title=\"Serena Williams posa com sua filha para a \u2018Vogue\u2019 US\" data-image-description=\"\" data-image-caption=\"&lt;p&gt;Serena Williams posa com sua filha para a \u2018Vogue\u2019 US&lt;\/p&gt;\n\" data-medium-file=\"https:\/\/i0.wp.com\/agrund.com\/wp-content\/uploads\/sites\/6\/2018\/01\/Serena-Williams-Vogue-Photoshoot02-e1515675230633.jpg?fit=300%2C204&amp;ssl=1\" data-large-file=\"https:\/\/i0.wp.com\/agrund.com\/wp-content\/uploads\/sites\/6\/2018\/01\/Serena-Williams-Vogue-Photoshoot02-e1515675230633.jpg?fit=600%2C407&amp;ssl=1\" decoding=\"async\" loading=\"lazy\" class=\"size-full wp-image-177207\" src=\"https:\/\/i0.wp.com\/www.agrund.com\/wp-content\/uploads\/sites\/6\/2018\/01\/Serena-Williams-Vogue-Photoshoot02-e1515675230633.jpg?resize=600%2C407\" alt=\"\" width=\"600\" height=\"407\" data-recalc-dims=\"1\" \/><p id=\"caption-attachment-177207\" class=\"wp-caption-text\">Serena Williams posa com sua filha para a \u2018Vogue\u2019 US<\/p><\/div>\n<div id=\"attachment_177208\" style=\"width: 610px\" class=\"wp-caption aligncenter\"><img aria-describedby=\"caption-attachment-177208\" data-attachment-id=\"177208\" data-permalink=\"https:\/\/agrund.com\/index.php\/serena-williams-posa-com-sua-filha-para-a-vogue-us\/serena-williams-vogue-photoshoot03\/\" data-orig-file=\"https:\/\/i0.wp.com\/agrund.com\/wp-content\/uploads\/sites\/6\/2018\/01\/Serena-Williams-Vogue-Photoshoot03-e1515675244111.jpg?fit=600%2C407&amp;ssl=1\" data-orig-size=\"600,407\" data-comments-opened=\"1\" data-image-meta=\"{&quot;aperture&quot;:&quot;0&quot;,&quot;credit&quot;:&quot;&quot;,&quot;camera&quot;:&quot;&quot;,&quot;caption&quot;:&quot;&quot;,&quot;created_timestamp&quot;:&quot;0&quot;,&quot;copyright&quot;:&quot;&quot;,&quot;focal_length&quot;:&quot;0&quot;,&quot;iso&quot;:&quot;0&quot;,&quot;shutter_speed&quot;:&quot;0&quot;,&quot;title&quot;:&quot;&quot;,&quot;orientation&quot;:&quot;1&quot;}\" data-image-title=\"Serena Williams posa com sua filha para a \u2018Vogue\u2019 US\" data-image-description=\"\" data-image-caption=\"&lt;p&gt;Serena Williams posa com sua filha para a \u2018Vogue\u2019 US&lt;\/p&gt;\n\" data-medium-file=\"https:\/\/i0.wp.com\/agrund.com\/wp-content\/uploads\/sites\/6\/2018\/01\/Serena-Williams-Vogue-Photoshoot03-e1515675244111.jpg?fit=300%2C204&amp;ssl=1\" data-large-file=\"https:\/\/i0.wp.com\/agrund.com\/wp-content\/uploads\/sites\/6\/2018\/01\/Serena-Williams-Vogue-Photoshoot03-e1515675244111.jpg?fit=600%2C407&amp;ssl=1\" decoding=\"async\" loading=\"lazy\" class=\"size-full wp-image-177208\" src=\"https:\/\/i0.wp.com\/www.agrund.com\/wp-content\/uploads\/sites\/6\/2018\/01\/Serena-Williams-Vogue-Photoshoot03-e1515675244111.jpg?resize=600%2C407\" alt=\"\" width=\"600\" height=\"407\" data-recalc-dims=\"1\" \/><p id=\"caption-attachment-177208\" class=\"wp-caption-text\">Serena Williams posa com sua filha para a \u2018Vogue\u2019 US<\/p><\/div>\n<div id=\"attachment_177209\" style=\"width: 610px\" class=\"wp-caption aligncenter\"><img aria-describedby=\"caption-attachment-177209\" data-attachment-id=\"177209\" data-permalink=\"https:\/\/agrund.com\/index.php\/serena-williams-posa-com-sua-filha-para-a-vogue-us\/serena-williams-vogue-photoshoot04\/\" data-orig-file=\"https:\/\/i0.wp.com\/agrund.com\/wp-content\/uploads\/sites\/6\/2018\/01\/Serena-Williams-Vogue-Photoshoot04-e1515675257526.jpg?fit=600%2C815&amp;ssl=1\" data-orig-size=\"600,815\" data-comments-opened=\"1\" data-image-meta=\"{&quot;aperture&quot;:&quot;0&quot;,&quot;credit&quot;:&quot;&quot;,&quot;camera&quot;:&quot;&quot;,&quot;caption&quot;:&quot;&quot;,&quot;created_timestamp&quot;:&quot;0&quot;,&quot;copyright&quot;:&quot;&quot;,&quot;focal_length&quot;:&quot;0&quot;,&quot;iso&quot;:&quot;0&quot;,&quot;shutter_speed&quot;:&quot;0&quot;,&quot;title&quot;:&quot;&quot;,&quot;orientation&quot;:&quot;1&quot;}\" data-image-title=\"Serena Williams posa com sua filha para a \u2018Vogue\u2019 US\" data-image-description=\"\" data-image-caption=\"&lt;p&gt;Serena Williams posa com sua filha para a \u2018Vogue\u2019 US&lt;\/p&gt;\n\" data-medium-file=\"https:\/\/i0.wp.com\/agrund.com\/wp-content\/uploads\/sites\/6\/2018\/01\/Serena-Williams-Vogue-Photoshoot04-e1515675257526.jpg?fit=221%2C300&amp;ssl=1\" data-large-file=\"https:\/\/i0.wp.com\/agrund.com\/wp-content\/uploads\/sites\/6\/2018\/01\/Serena-Williams-Vogue-Photoshoot04-e1515675257526.jpg?fit=754%2C1024&amp;ssl=1\" decoding=\"async\" loading=\"lazy\" class=\"size-full wp-image-177209\" src=\"https:\/\/i0.wp.com\/www.agrund.com\/wp-content\/uploads\/sites\/6\/2018\/01\/Serena-Williams-Vogue-Photoshoot04-e1515675257526.jpg?resize=600%2C815\" alt=\"\" width=\"600\" height=\"815\" data-recalc-dims=\"1\" \/><p id=\"caption-attachment-177209\" class=\"wp-caption-text\">Serena Williams posa com sua filha para a \u2018Vogue\u2019 US<\/p><\/div>\n<p>&nbsp;<\/p>\n<p>Fotos: Reprodu\u00e7\u00e3o.<\/p>\n","protected":false},"excerpt":{"rendered":"<p>A \u2018Vogue\u2019 americana convocou Serena Williams para estrelar a capa de sua edi\u00e7\u00e3o fevereiro 2018. Mas ela n\u00e3o est\u00e1 sozinha! A tenista posou com sua filha de quatro meses, Alexis Ohanian Jr. No clique principal, Serena aparece em um vestido vermelho da Versace. O editorial ainda conta com fotos dela acompanhada de sua m\u00e3e, irm\u00e3s [&hellip;]<\/p>\n","protected":false},"author":8,"featured_media":177210,"comment_status":"open","ping_status":"open","sticky":false,"template":"","format":"standard","meta":{"jetpack_post_was_ever_published":false,"_jetpack_newsletter_access":"","jetpack_publicize_message":"","jetpack_is_tweetstorm":false,"jetpack_publicize_feature_enabled":true,"jetpack_social_post_already_shared":true,"jetpack_social_options":{"image_generator_settings":{"template":"highway","enabled":false}}},"categories":[2],"tags":[],"jetpack_publicize_connections":[],"jetpack_featured_media_url":"https:\/\/i0.wp.com\/agrund.com\/wp-content\/uploads\/sites\/6\/2018\/01\/s-15.jpg?fit=960%2C300&ssl=1","jetpack_sharing_enabled":true,"jetpack_shortlink":"https:\/\/wp.me\/p3Hz0n-K69","jetpack_likes_enabled":true,"_links":{"self":[{"href":"https:\/\/agrund.com\/index.php\/wp-json\/wp\/v2\/posts\/177205"}],"collection":[{"href":"https:\/\/agrund.com\/index.php\/wp-json\/wp\/v2\/posts"}],"about":[{"href":"https:\/\/agrund.com\/index.php\/wp-json\/wp\/v2\/types\/post"}],"author":[{"embeddable":true,"href":"https:\/\/agrund.com\/index.php\/wp-json\/wp\/v2\/users\/8"}],"replies":[{"embeddable":true,"href":"https:\/\/agrund.com\/index.php\/wp-json\/wp\/v2\/comments?post=177205"}],"version-history":[{"count":0,"href":"https:\/\/agrund.com\/index.php\/wp-json\/wp\/v2\/posts\/177205\/revisions"}],"wp:featuredmedia":[{"embeddable":true,"href":"https:\/\/agrund.com\/index.php\/wp-json\/wp\/v2\/media\/177210"}],"wp:attachment":[{"href":"https:\/\/agrund.com\/index.php\/wp-json\/wp\/v2\/media?parent=177205"}],"wp:term":[{"taxonomy":"category","embeddable":true,"href":"https:\/\/agrund.com\/index.php\/wp-json\/wp\/v2\/categories?post=177205"},{"taxonomy":"post_tag","embeddable":true,"href":"https:\/\/agrund.com\/index.php\/wp-json\/wp\/v2\/tags?post=177205"}],"curies":[{"name":"wp","href":"https:\/\/api.w.org\/{rel}","templated":true}]}}