{"id":177170,"date":"2018-01-10T17:00:38","date_gmt":"2018-01-10T19:00:38","guid":{"rendered":"http:\/\/www.agrund.com\/?p=177170"},"modified":"2018-01-10T12:02:59","modified_gmt":"2018-01-10T14:02:59","slug":"as-botas-favoritas-de-gwen-stefani","status":"publish","type":"post","link":"https:\/\/agrund.com\/index.php\/as-botas-favoritas-de-gwen-stefani\/","title":{"rendered":"As botas favoritas de Gwen Stefani"},"content":{"rendered":"<p>Todos n\u00f3s temos aquelas pe\u00e7as favoritas em nosso guarda-roupa, e at\u00e9 mesmo com Gwen Stefani \u00e9 assim.<\/p>\n<p>Dona de um estilo \u00fanico cheio personalidade, a cantora tem uma bota em especial que \u00e9 a sua favorita. O modelo over-the-knee da Casadei n\u00e3o sai dos p\u00e9s de Gwen e j\u00e1 ganhou v\u00e1rias vers\u00f5es. Sim, a cantora tem quatro pares da bota em cores e tecidos diferentes &#8211; amarelo, vermelho, veludo preto e couro preto.<\/p>\n<p>De b\u00e1sicas elas n\u00e3o t\u00eam nada, mas Gwen mostra que consegue combina-las com perfei\u00e7\u00e3o em seus looks. Qual delas voc\u00ea usaria?<\/p>\n<div id=\"attachment_177176\" style=\"width: 610px\" class=\"wp-caption aligncenter\"><img aria-describedby=\"caption-attachment-177176\" data-attachment-id=\"177176\" data-permalink=\"https:\/\/agrund.com\/index.php\/as-botas-favoritas-de-gwen-stefani\/gwne\/\" data-orig-file=\"https:\/\/i0.wp.com\/agrund.com\/wp-content\/uploads\/sites\/6\/2018\/01\/gwne-e1515592922404.jpeg?fit=600%2C400&amp;ssl=1\" data-orig-size=\"600,400\" data-comments-opened=\"1\" data-image-meta=\"{&quot;aperture&quot;:&quot;0&quot;,&quot;credit&quot;:&quot;&quot;,&quot;camera&quot;:&quot;&quot;,&quot;caption&quot;:&quot;&quot;,&quot;created_timestamp&quot;:&quot;0&quot;,&quot;copyright&quot;:&quot;&quot;,&quot;focal_length&quot;:&quot;0&quot;,&quot;iso&quot;:&quot;0&quot;,&quot;shutter_speed&quot;:&quot;0&quot;,&quot;title&quot;:&quot;&quot;,&quot;orientation&quot;:&quot;0&quot;}\" data-image-title=\"As botas favoritas de Gwen Stefani\" data-image-description=\"\" data-image-caption=\"&lt;p&gt;As botas favoritas de Gwen Stefani&lt;\/p&gt;\n\" data-medium-file=\"https:\/\/i0.wp.com\/agrund.com\/wp-content\/uploads\/sites\/6\/2018\/01\/gwne-e1515592922404.jpeg?fit=300%2C200&amp;ssl=1\" data-large-file=\"https:\/\/i0.wp.com\/agrund.com\/wp-content\/uploads\/sites\/6\/2018\/01\/gwne-e1515592922404.jpeg?fit=1024%2C682&amp;ssl=1\" decoding=\"async\" loading=\"lazy\" class=\"size-full wp-image-177176\" src=\"https:\/\/i0.wp.com\/www.agrund.com\/wp-content\/uploads\/sites\/6\/2018\/01\/gwne-e1515592922404.jpeg?resize=600%2C400\" alt=\"\" width=\"600\" height=\"400\" data-recalc-dims=\"1\" \/><p id=\"caption-attachment-177176\" class=\"wp-caption-text\">As botas favoritas de Gwen Stefani<\/p><\/div>\n<p>Fotos: Reprodu\u00e7\u00e3o.<\/p>\n","protected":false},"excerpt":{"rendered":"<p>Todos n\u00f3s temos aquelas pe\u00e7as favoritas em nosso guarda-roupa, e at\u00e9 mesmo com Gwen Stefani \u00e9 assim. Dona de um estilo \u00fanico cheio personalidade, a cantora tem uma bota em especial que \u00e9 a sua favorita. O modelo over-the-knee da Casadei n\u00e3o sai dos p\u00e9s de Gwen e j\u00e1 ganhou v\u00e1rias vers\u00f5es. Sim, a cantora [&hellip;]<\/p>\n","protected":false},"author":8,"featured_media":177177,"comment_status":"open","ping_status":"open","sticky":false,"template":"","format":"standard","meta":{"jetpack_post_was_ever_published":false,"_jetpack_newsletter_access":"","jetpack_publicize_message":"","jetpack_is_tweetstorm":false,"jetpack_publicize_feature_enabled":true,"jetpack_social_post_already_shared":true,"jetpack_social_options":{"image_generator_settings":{"template":"highway","enabled":false}}},"categories":[2],"tags":[],"jetpack_publicize_connections":[],"jetpack_featured_media_url":"https:\/\/i0.wp.com\/agrund.com\/wp-content\/uploads\/sites\/6\/2018\/01\/s-12.jpg?fit=960%2C300&ssl=1","jetpack_sharing_enabled":true,"jetpack_shortlink":"https:\/\/wp.me\/p3Hz0n-K5A","jetpack_likes_enabled":true,"_links":{"self":[{"href":"https:\/\/agrund.com\/index.php\/wp-json\/wp\/v2\/posts\/177170"}],"collection":[{"href":"https:\/\/agrund.com\/index.php\/wp-json\/wp\/v2\/posts"}],"about":[{"href":"https:\/\/agrund.com\/index.php\/wp-json\/wp\/v2\/types\/post"}],"author":[{"embeddable":true,"href":"https:\/\/agrund.com\/index.php\/wp-json\/wp\/v2\/users\/8"}],"replies":[{"embeddable":true,"href":"https:\/\/agrund.com\/index.php\/wp-json\/wp\/v2\/comments?post=177170"}],"version-history":[{"count":0,"href":"https:\/\/agrund.com\/index.php\/wp-json\/wp\/v2\/posts\/177170\/revisions"}],"wp:featuredmedia":[{"embeddable":true,"href":"https:\/\/agrund.com\/index.php\/wp-json\/wp\/v2\/media\/177177"}],"wp:attachment":[{"href":"https:\/\/agrund.com\/index.php\/wp-json\/wp\/v2\/media?parent=177170"}],"wp:term":[{"taxonomy":"category","embeddable":true,"href":"https:\/\/agrund.com\/index.php\/wp-json\/wp\/v2\/categories?post=177170"},{"taxonomy":"post_tag","embeddable":true,"href":"https:\/\/agrund.com\/index.php\/wp-json\/wp\/v2\/tags?post=177170"}],"curies":[{"name":"wp","href":"https:\/\/api.w.org\/{rel}","templated":true}]}}