{"id":177166,"date":"2018-01-10T15:00:11","date_gmt":"2018-01-10T17:00:11","guid":{"rendered":"http:\/\/www.agrund.com\/?p=177166"},"modified":"2018-01-10T11:48:47","modified_gmt":"2018-01-10T13:48:47","slug":"kaia-gerber-ganha-sua-primeira-capa-da-vogue","status":"publish","type":"post","link":"https:\/\/agrund.com\/index.php\/kaia-gerber-ganha-sua-primeira-capa-da-vogue\/","title":{"rendered":"Kaia Gerber ganha sua primeira capa da \u2018Vogue\u2019"},"content":{"rendered":"<p>Depois de estrelar muitas campanhas de moda, beleza e algumas capas de revista, Kaia Gerber conquistou o que todas as modelos desejam.<\/p>\n<p>Com apenas 16 anos ela ganhou a sua primeira capa sozinha da \u2018Vogue\u2019, desta vez na edi\u00e7\u00e3o de Paris. A t\u00edtulo de curiosidade, a m\u00e3e, Cindy Crawford, s\u00f3 estrelou uma capa de \u2018Vogue\u2019 aos 20 anos.<\/p>\n<p>Na edi\u00e7\u00e3o fevereiro 2018, Kaia aparece em um vestido preto e pink da Saint Laurent e botas de penas. Confira:<\/p>\n<div id=\"attachment_177167\" style=\"width: 509px\" class=\"wp-caption aligncenter\"><img aria-describedby=\"caption-attachment-177167\" data-attachment-id=\"177167\" data-permalink=\"https:\/\/agrund.com\/index.php\/kaia-gerber-ganha-sua-primeira-capa-da-vogue\/kaia-2\/\" data-orig-file=\"https:\/\/i0.wp.com\/agrund.com\/wp-content\/uploads\/sites\/6\/2018\/01\/kaia.jpg?fit=499%2C646&amp;ssl=1\" data-orig-size=\"499,646\" data-comments-opened=\"1\" data-image-meta=\"{&quot;aperture&quot;:&quot;0&quot;,&quot;credit&quot;:&quot;&quot;,&quot;camera&quot;:&quot;&quot;,&quot;caption&quot;:&quot;&quot;,&quot;created_timestamp&quot;:&quot;0&quot;,&quot;copyright&quot;:&quot;&quot;,&quot;focal_length&quot;:&quot;0&quot;,&quot;iso&quot;:&quot;0&quot;,&quot;shutter_speed&quot;:&quot;0&quot;,&quot;title&quot;:&quot;&quot;,&quot;orientation&quot;:&quot;0&quot;}\" data-image-title=\"Kaia Gerber ganha sua primeira capa da \u2018Vogue\u2019\" data-image-description=\"\" data-image-caption=\"&lt;p&gt;Kaia Gerber ganha sua primeira capa da \u2018Vogue\u2019&lt;\/p&gt;\n\" data-medium-file=\"https:\/\/i0.wp.com\/agrund.com\/wp-content\/uploads\/sites\/6\/2018\/01\/kaia.jpg?fit=232%2C300&amp;ssl=1\" data-large-file=\"https:\/\/i0.wp.com\/agrund.com\/wp-content\/uploads\/sites\/6\/2018\/01\/kaia.jpg?fit=499%2C646&amp;ssl=1\" decoding=\"async\" loading=\"lazy\" class=\"size-full wp-image-177167\" src=\"https:\/\/i0.wp.com\/www.agrund.com\/wp-content\/uploads\/sites\/6\/2018\/01\/kaia.jpg?resize=499%2C646\" alt=\"\" width=\"499\" height=\"646\" srcset=\"https:\/\/i0.wp.com\/agrund.com\/wp-content\/uploads\/sites\/6\/2018\/01\/kaia.jpg?w=499&amp;ssl=1 499w, https:\/\/i0.wp.com\/agrund.com\/wp-content\/uploads\/sites\/6\/2018\/01\/kaia.jpg?resize=232%2C300&amp;ssl=1 232w\" sizes=\"(max-width: 499px) 100vw, 499px\" data-recalc-dims=\"1\" \/><p id=\"caption-attachment-177167\" class=\"wp-caption-text\">Kaia Gerber ganha sua primeira capa da \u2018Vogue\u2019<\/p><\/div>\n<p>Foto: Reprodu\u00e7\u00e3o.<\/p>\n","protected":false},"excerpt":{"rendered":"<p>Depois de estrelar muitas campanhas de moda, beleza e algumas capas de revista, Kaia Gerber conquistou o que todas as modelos desejam. Com apenas 16 anos ela ganhou a sua primeira capa sozinha da \u2018Vogue\u2019, desta vez na edi\u00e7\u00e3o de Paris. A t\u00edtulo de curiosidade, a m\u00e3e, Cindy Crawford, s\u00f3 estrelou uma capa de \u2018Vogue\u2019 [&hellip;]<\/p>\n","protected":false},"author":8,"featured_media":177168,"comment_status":"open","ping_status":"open","sticky":false,"template":"","format":"standard","meta":{"jetpack_post_was_ever_published":false,"_jetpack_newsletter_access":"","jetpack_publicize_message":"","jetpack_is_tweetstorm":false,"jetpack_publicize_feature_enabled":true,"jetpack_social_post_already_shared":true,"jetpack_social_options":{"image_generator_settings":{"template":"highway","enabled":false}}},"categories":[2],"tags":[],"jetpack_publicize_connections":[],"jetpack_featured_media_url":"https:\/\/i0.wp.com\/agrund.com\/wp-content\/uploads\/sites\/6\/2018\/01\/ss-3.jpg?fit=960%2C300&ssl=1","jetpack_sharing_enabled":true,"jetpack_shortlink":"https:\/\/wp.me\/p3Hz0n-K5w","jetpack_likes_enabled":true,"_links":{"self":[{"href":"https:\/\/agrund.com\/index.php\/wp-json\/wp\/v2\/posts\/177166"}],"collection":[{"href":"https:\/\/agrund.com\/index.php\/wp-json\/wp\/v2\/posts"}],"about":[{"href":"https:\/\/agrund.com\/index.php\/wp-json\/wp\/v2\/types\/post"}],"author":[{"embeddable":true,"href":"https:\/\/agrund.com\/index.php\/wp-json\/wp\/v2\/users\/8"}],"replies":[{"embeddable":true,"href":"https:\/\/agrund.com\/index.php\/wp-json\/wp\/v2\/comments?post=177166"}],"version-history":[{"count":0,"href":"https:\/\/agrund.com\/index.php\/wp-json\/wp\/v2\/posts\/177166\/revisions"}],"wp:featuredmedia":[{"embeddable":true,"href":"https:\/\/agrund.com\/index.php\/wp-json\/wp\/v2\/media\/177168"}],"wp:attachment":[{"href":"https:\/\/agrund.com\/index.php\/wp-json\/wp\/v2\/media?parent=177166"}],"wp:term":[{"taxonomy":"category","embeddable":true,"href":"https:\/\/agrund.com\/index.php\/wp-json\/wp\/v2\/categories?post=177166"},{"taxonomy":"post_tag","embeddable":true,"href":"https:\/\/agrund.com\/index.php\/wp-json\/wp\/v2\/tags?post=177166"}],"curies":[{"name":"wp","href":"https:\/\/api.w.org\/{rel}","templated":true}]}}