{"id":177142,"date":"2018-01-10T10:00:52","date_gmt":"2018-01-10T12:00:52","guid":{"rendered":"http:\/\/www.agrund.com\/?p=177142"},"modified":"2018-01-10T09:59:21","modified_gmt":"2018-01-10T11:59:21","slug":"gigi-hadid-ou-joan-smalls-quem-usou-melhor","status":"publish","type":"post","link":"https:\/\/agrund.com\/index.php\/gigi-hadid-ou-joan-smalls-quem-usou-melhor\/","title":{"rendered":"Gigi Hadid ou Joan Smalls: Quem usou melhor?"},"content":{"rendered":"<p>A disputa fashion de hoje \u00e9 entre duas modelos. Gigi Hadid e Joan Smalls escolheram o mesmo conjunto de blazer, corset e cal\u00e7a de alfaiataria da Pamella Roland para ir a eventos diferentes.<\/p>\n<p>Gigi escolheu o modelito na cor azul, enquanto Joan preferiu o vermelho. E a\u00ed, quem usou melhor?<\/p>\n<div id=\"attachment_177145\" style=\"width: 610px\" class=\"wp-caption aligncenter\"><img aria-describedby=\"caption-attachment-177145\" data-attachment-id=\"177145\" data-permalink=\"https:\/\/agrund.com\/index.php\/gigi-hadid-ou-joan-smalls-quem-usou-melhor\/a-230\/\" data-orig-file=\"https:\/\/i0.wp.com\/agrund.com\/wp-content\/uploads\/sites\/6\/2018\/01\/a-1-e1515585553364.jpg?fit=600%2C800&amp;ssl=1\" data-orig-size=\"600,800\" data-comments-opened=\"1\" data-image-meta=\"{&quot;aperture&quot;:&quot;0&quot;,&quot;credit&quot;:&quot;&quot;,&quot;camera&quot;:&quot;&quot;,&quot;caption&quot;:&quot;&quot;,&quot;created_timestamp&quot;:&quot;0&quot;,&quot;copyright&quot;:&quot;&quot;,&quot;focal_length&quot;:&quot;0&quot;,&quot;iso&quot;:&quot;0&quot;,&quot;shutter_speed&quot;:&quot;0&quot;,&quot;title&quot;:&quot;&quot;,&quot;orientation&quot;:&quot;0&quot;}\" data-image-title=\"Gigi Hadid ou Joan Smalls: Quem usou melhor?\" data-image-description=\"\" data-image-caption=\"&lt;p&gt;Gigi Hadid ou Joan Smalls: Quem usou melhor?&lt;\/p&gt;\n\" data-medium-file=\"https:\/\/i0.wp.com\/agrund.com\/wp-content\/uploads\/sites\/6\/2018\/01\/a-1-e1515585553364.jpg?fit=225%2C300&amp;ssl=1\" data-large-file=\"https:\/\/i0.wp.com\/agrund.com\/wp-content\/uploads\/sites\/6\/2018\/01\/a-1-e1515585553364.jpg?fit=600%2C800&amp;ssl=1\" decoding=\"async\" loading=\"lazy\" class=\"size-full wp-image-177145\" src=\"https:\/\/i0.wp.com\/www.agrund.com\/wp-content\/uploads\/sites\/6\/2018\/01\/a-1-e1515585553364.jpg?resize=600%2C800\" alt=\"\" width=\"600\" height=\"800\" data-recalc-dims=\"1\" \/><p id=\"caption-attachment-177145\" class=\"wp-caption-text\">Gigi Hadid ou Joan Smalls: Quem usou melhor?<\/p><\/div>\n<p>Fotos: Reprodu\u00e7\u00e3o.<\/p>\n","protected":false},"excerpt":{"rendered":"<p>A disputa fashion de hoje \u00e9 entre duas modelos. Gigi Hadid e Joan Smalls escolheram o mesmo conjunto de blazer, corset e cal\u00e7a de alfaiataria da Pamella Roland para ir a eventos diferentes. Gigi escolheu o modelito na cor azul, enquanto Joan preferiu o vermelho. E a\u00ed, quem usou melhor? Fotos: Reprodu\u00e7\u00e3o.<\/p>\n","protected":false},"author":8,"featured_media":177143,"comment_status":"open","ping_status":"open","sticky":false,"template":"","format":"standard","meta":{"jetpack_post_was_ever_published":false,"_jetpack_newsletter_access":"","jetpack_publicize_message":"","jetpack_is_tweetstorm":false,"jetpack_publicize_feature_enabled":true,"jetpack_social_post_already_shared":true,"jetpack_social_options":{"image_generator_settings":{"template":"highway","enabled":false}}},"categories":[2],"tags":[],"jetpack_publicize_connections":[],"jetpack_featured_media_url":"https:\/\/i0.wp.com\/agrund.com\/wp-content\/uploads\/sites\/6\/2018\/01\/s-8.jpg?fit=960%2C300&ssl=1","jetpack_sharing_enabled":true,"jetpack_shortlink":"https:\/\/wp.me\/p3Hz0n-K58","jetpack_likes_enabled":true,"_links":{"self":[{"href":"https:\/\/agrund.com\/index.php\/wp-json\/wp\/v2\/posts\/177142"}],"collection":[{"href":"https:\/\/agrund.com\/index.php\/wp-json\/wp\/v2\/posts"}],"about":[{"href":"https:\/\/agrund.com\/index.php\/wp-json\/wp\/v2\/types\/post"}],"author":[{"embeddable":true,"href":"https:\/\/agrund.com\/index.php\/wp-json\/wp\/v2\/users\/8"}],"replies":[{"embeddable":true,"href":"https:\/\/agrund.com\/index.php\/wp-json\/wp\/v2\/comments?post=177142"}],"version-history":[{"count":0,"href":"https:\/\/agrund.com\/index.php\/wp-json\/wp\/v2\/posts\/177142\/revisions"}],"wp:featuredmedia":[{"embeddable":true,"href":"https:\/\/agrund.com\/index.php\/wp-json\/wp\/v2\/media\/177143"}],"wp:attachment":[{"href":"https:\/\/agrund.com\/index.php\/wp-json\/wp\/v2\/media?parent=177142"}],"wp:term":[{"taxonomy":"category","embeddable":true,"href":"https:\/\/agrund.com\/index.php\/wp-json\/wp\/v2\/categories?post=177142"},{"taxonomy":"post_tag","embeddable":true,"href":"https:\/\/agrund.com\/index.php\/wp-json\/wp\/v2\/tags?post=177142"}],"curies":[{"name":"wp","href":"https:\/\/api.w.org\/{rel}","templated":true}]}}